{"id":6943,"date":"2020-07-10T13:51:35","date_gmt":"2020-07-10T11:51:35","guid":{"rendered":"http:\/\/serveiseducatius.xtec.cat\/vallesoccidental3\/?p=6943"},"modified":"2020-11-21T23:33:59","modified_gmt":"2020-11-21T22:33:59","slug":"casal-destiu-de-llengua-catalana-al-rubi-forma","status":"publish","type":"post","link":"https:\/\/serveiseducatius.xtec.cat\/vallesoccidental3\/general\/casal-destiu-de-llengua-catalana-al-rubi-forma\/","title":{"rendered":"El Casal d&#8217;estiu de catal\u00e0 per a l&#8217;alumnat nouvingut"},"content":{"rendered":"<p><a href=\"https:\/\/serveiseducatius.xtec.cat\/vallesoccidental3\/wp-content\/uploads\/usu1147\/2020\/07\/Presentaci\u00f3n-sin-t\u00edtulo.pptx\">BENVINGUTS I BENVINGUDES!<\/a><\/p>\n<p>Aquest juliol s&#8217;est\u00e0 realitzant\u00a0 al Rub\u00ed- Forma el Casal de llengua catalana per a l&#8217;alumnat nouvingut.\u00a0 Durant tres setmanes, els dimarts i els dijous, de 9 a 11h\u00a0 l&#8217;alumnat de segon cicle de prim\u00e0ria fins a 4t d&#8217;E<a href=\"https:\/\/serveiseducatius.xtec.cat\/vallesoccidental3\/wp-content\/uploads\/usu1147\/2020\/07\/baixa.png\"><img loading=\"lazy\" decoding=\"async\" class=\"size-full wp-image-6945 alignleft\" src=\"https:\/\/serveiseducatius.xtec.cat\/vallesoccidental3\/wp-content\/uploads\/usu1147\/2020\/07\/baixa.png\" alt=\"\" width=\"226\" height=\"223\" \/><\/a>SO\u00a0 van aprenent les expressions i el vocabulari\u00a0 m\u00e9s habituals en la llengua catalana.<\/p>\n<p>Ha estat un curs estrany i dif\u00edcil. Molts d&#8217;ells venen amb les motxilles plenes d&#8217;esperances i, tamb\u00e9, experi\u00e8ncies sovint doloroses.\u00a0 Aquest Casal ha estat una manera de dir-los &#8220;sou benvinguts i benvingudes!&#8221; Desitgem que, ben aviat, als seus centres educatius, tot i la incertesa del Covid-19,\u00a0 puguin continuar aprenent i sentint-se que s\u00f3n part de la nostra terra.<\/p>\n<p>Com a assessora LIC de Rub\u00ed i coordinadora del Casal,\u00a0 \u00a0vull donar les gr\u00e0cies a tot el professorat\u00a0 i monitors que ha col\u00b7laborat a fer aquesta acollida, a l&#8217;Ajuntament de Rub\u00ed, especialment,\u00a0 a la Regidoria d&#8217;Educaci\u00f3 i els seus t\u00e8cnics, que han donat el suport econ\u00f2mic i log\u00edstic, i a totes les fam\u00edlies i alumnat que s&#8217;hi han comprom\u00e8s amb la il\u00b7lusi\u00f3 de trobar un futur millor. La diversitat ens enriqueix a tots i totes.<\/p>\n<p>Benvinguts, benvingudes, doncs!<\/p>\n<p>&nbsp;<\/p>\n","protected":false},"excerpt":{"rendered":"<p>BENVINGUTS I BENVINGUDES! Aquest juliol s&#8217;est\u00e0 realitzant\u00a0 al Rub\u00ed- Forma el Casal de llengua catalana per a l&#8217;alumnat nouvingut.\u00a0 Durant tres setmanes, els dimarts i els dijous, de 9 a 11h\u00a0 l&#8217;alumnat de segon cicle de prim\u00e0ria fins a 4t d&#8217;ESO\u00a0 van aprenent les expressions i el vocabulari\u00a0 m\u00e9s habituals en la llengua catalana. Ha [&hellip;]<\/p>\n","protected":false},"author":4,"featured_media":6945,"comment_status":"open","ping_status":"closed","sticky":false,"template":"","format":"standard","meta":{"_bbp_topic_count":0,"_bbp_reply_count":0,"_bbp_total_topic_count":0,"_bbp_total_reply_count":0,"_bbp_voice_count":0,"_bbp_anonymous_reply_count":0,"_bbp_topic_count_hidden":0,"_bbp_reply_count_hidden":0,"_bbp_forum_subforum_count":0,"site-sidebar-layout":"default","site-content-layout":"","ast-site-content-layout":"","site-content-style":"default","site-sidebar-style":"default","ast-global-header-display":"","ast-banner-title-visibility":"","ast-main-header-display":"","ast-hfb-above-header-display":"","ast-hfb-below-header-display":"","ast-hfb-mobile-header-display":"","site-post-title":"","ast-breadcrumbs-content":"","ast-featured-img":"","footer-sml-layout":"","theme-transparent-header-meta":"","adv-header-id-meta":"","stick-header-meta":"","header-above-stick-meta":"","header-main-stick-meta":"","header-below-stick-meta":"","astra-migrate-meta-layouts":"default","ast-page-background-enabled":"default","ast-page-background-meta":{"desktop":{"background-color":"var(--ast-global-color-4)","background-image":"","background-repeat":"repeat","background-position":"center center","background-size":"auto","background-attachment":"scroll","background-type":"","background-media":"","overlay-type":"","overlay-color":"","overlay-opacity":"","overlay-gradient":""},"tablet":{"background-color":"","background-image":"","background-repeat":"repeat","background-position":"center center","background-size":"auto","background-attachment":"scroll","background-type":"","background-media":"","overlay-type":"","overlay-color":"","overlay-opacity":"","overlay-gradient":""},"mobile":{"background-color":"","background-image":"","background-repeat":"repeat","background-position":"center center","background-size":"auto","background-attachment":"scroll","background-type":"","background-media":"","overlay-type":"","overlay-color":"","overlay-opacity":"","overlay-gradient":""}},"ast-content-background-meta":{"desktop":{"background-color":"var(--ast-global-color-5)","background-image":"","background-repeat":"repeat","background-position":"center center","background-size":"auto","background-attachment":"scroll","background-type":"","background-media":"","overlay-type":"","overlay-color":"","overlay-opacity":"","overlay-gradient":""},"tablet":{"background-color":"var(--ast-global-color-5)","background-image":"","background-repeat":"repeat","background-position":"center center","background-size":"auto","background-attachment":"scroll","background-type":"","background-media":"","overlay-type":"","overlay-color":"","overlay-opacity":"","overlay-gradient":""},"mobile":{"background-color":"var(--ast-global-color-5)","background-image":"","background-repeat":"repeat","background-position":"center center","background-size":"auto","background-attachment":"scroll","background-type":"","background-media":"","overlay-type":"","overlay-color":"","overlay-opacity":"","overlay-gradient":""}},"footnotes":""},"categories":[68,1,29,204],"tags":[966,992,669,1011],"class_list":["post-6943","post","type-post","status-publish","format-standard","has-post-thumbnail","hentry","category-elic","category-general","category-portada","category-aula-dacollida","tag-aula-acollida","tag-aula-acollida-eso","tag-elic","tag-lic"],"post_mailing_queue_ids":[],"_links":{"self":[{"href":"https:\/\/serveiseducatius.xtec.cat\/vallesoccidental3\/wp-json\/wp\/v2\/posts\/6943","targetHints":{"allow":["GET"]}}],"collection":[{"href":"https:\/\/serveiseducatius.xtec.cat\/vallesoccidental3\/wp-json\/wp\/v2\/posts"}],"about":[{"href":"https:\/\/serveiseducatius.xtec.cat\/vallesoccidental3\/wp-json\/wp\/v2\/types\/post"}],"author":[{"embeddable":true,"href":"https:\/\/serveiseducatius.xtec.cat\/vallesoccidental3\/wp-json\/wp\/v2\/users\/4"}],"replies":[{"embeddable":true,"href":"https:\/\/serveiseducatius.xtec.cat\/vallesoccidental3\/wp-json\/wp\/v2\/comments?post=6943"}],"version-history":[{"count":4,"href":"https:\/\/serveiseducatius.xtec.cat\/vallesoccidental3\/wp-json\/wp\/v2\/posts\/6943\/revisions"}],"predecessor-version":[{"id":6950,"href":"https:\/\/serveiseducatius.xtec.cat\/vallesoccidental3\/wp-json\/wp\/v2\/posts\/6943\/revisions\/6950"}],"wp:featuredmedia":[{"embeddable":true,"href":"https:\/\/serveiseducatius.xtec.cat\/vallesoccidental3\/wp-json\/wp\/v2\/media\/6945"}],"wp:attachment":[{"href":"https:\/\/serveiseducatius.xtec.cat\/vallesoccidental3\/wp-json\/wp\/v2\/media?parent=6943"}],"wp:term":[{"taxonomy":"category","embeddable":true,"href":"https:\/\/serveiseducatius.xtec.cat\/vallesoccidental3\/wp-json\/wp\/v2\/categories?post=6943"},{"taxonomy":"post_tag","embeddable":true,"href":"https:\/\/serveiseducatius.xtec.cat\/vallesoccidental3\/wp-json\/wp\/v2\/tags?post=6943"}],"curies":[{"name":"wp","href":"https:\/\/api.w.org\/{rel}","templated":true}]}}