{"id":6771,"date":"2020-06-08T16:34:00","date_gmt":"2020-06-08T14:34:00","guid":{"rendered":"http:\/\/serveiseducatius.xtec.cat\/vallesoccidental3\/?p=6771"},"modified":"2020-06-08T18:07:44","modified_gmt":"2020-06-08T16:07:44","slug":"no-ens-desdibuixeu-dona-la-nota","status":"publish","type":"post","link":"https:\/\/serveiseducatius.xtec.cat\/vallesoccidental3\/portada\/no-ens-desdibuixeu-dona-la-nota\/","title":{"rendered":"No ens desdibuixeu. Dona la Nota"},"content":{"rendered":"<p><span style=\"font-family: inherit; font-size: 1em;\"><img loading=\"lazy\" decoding=\"async\" class=\"alignleft wp-image-6772 \" src=\"https:\/\/serveiseducatius.xtec.cat\/vallesoccidental3\/wp-content\/uploads\/usu1147\/2020\/06\/Captura-de-Pantalla-2020-06-08-a-les-16.21.32-e1591631886550-300x282.png\" alt=\"\" width=\"269\" height=\"253\" \/>Coincidint amb la diada del medi ambient, el dia 5 de juny, l&#8217;escola <strong>Schola<\/strong> i l&#8217;escola <strong>Montessori<\/strong> han participat a la campanya <strong><em>Dona la Nota<\/em><\/strong>, interpretant la can\u00e7\u00f3 <strong><em>No Ens Desdibuixeu<\/em><\/strong>.<\/span><\/p>\n<p>Podreu veure m\u00e9s informaci\u00f3 sobre aquesta activitat al seg\u00fcent <a href=\"https:\/\/projectes.xtec.cat\/encara-hi-som-a-temps\/\" target=\"_blank\" rel=\"noopener noreferrer\">enlla\u00e7<\/a>.<\/p>\n<p>Tamb\u00e9 podeu escoltar la versi\u00f3 ac\u00fastica interpretada pels integrants del Petit Taller de Can\u00e7ons.<br \/>\n<iframe loading=\"lazy\" src=\"https:\/\/www.youtube.com\/embed\/GfQl6-k9A-w\" width=\"400\" height=\"225\" frameborder=\"0\"><span data-mce-type=\"bookmark\" style=\"display: inline-block; width: 0px; overflow: hidden; line-height: 0;\" class=\"mce_SELRES_start\">\ufeff<\/span><\/iframe><\/p>\n","protected":false},"excerpt":{"rendered":"<p>Coincidint amb la diada del medi ambient, el dia 5 de juny, l&#8217;escola Schola i l&#8217;escola Montessori han participat a la campanya Dona la Nota, interpretant la can\u00e7\u00f3 No Ens Desdibuixeu. Podreu veure m\u00e9s informaci\u00f3 sobre aquesta activitat al seg\u00fcent enlla\u00e7. Tamb\u00e9 podeu escoltar la versi\u00f3 ac\u00fastica interpretada pels integrants del Petit Taller de Can\u00e7ons. [&hellip;]<\/p>\n","protected":false},"author":1,"featured_media":5634,"comment_status":"open","ping_status":"closed","sticky":false,"template":"","format":"standard","meta":{"_bbp_topic_count":0,"_bbp_reply_count":0,"_bbp_total_topic_count":0,"_bbp_total_reply_count":0,"_bbp_voice_count":0,"_bbp_anonymous_reply_count":0,"_bbp_topic_count_hidden":0,"_bbp_reply_count_hidden":0,"_bbp_forum_subforum_count":0,"site-sidebar-layout":"default","site-content-layout":"","ast-site-content-layout":"","site-content-style":"default","site-sidebar-style":"default","ast-global-header-display":"","ast-banner-title-visibility":"","ast-main-header-display":"","ast-hfb-above-header-display":"","ast-hfb-below-header-display":"","ast-hfb-mobile-header-display":"","site-post-title":"","ast-breadcrumbs-content":"","ast-featured-img":"","footer-sml-layout":"","theme-transparent-header-meta":"","adv-header-id-meta":"","stick-header-meta":"","header-above-stick-meta":"","header-main-stick-meta":"","header-below-stick-meta":"","astra-migrate-meta-layouts":"default","ast-page-background-enabled":"default","ast-page-background-meta":{"desktop":{"background-color":"var(--ast-global-color-4)","background-image":"","background-repeat":"repeat","background-position":"center center","background-size":"auto","background-attachment":"scroll","background-type":"","background-media":"","overlay-type":"","overlay-color":"","overlay-opacity":"","overlay-gradient":""},"tablet":{"background-color":"","background-image":"","background-repeat":"repeat","background-position":"center center","background-size":"auto","background-attachment":"scroll","background-type":"","background-media":"","overlay-type":"","overlay-color":"","overlay-opacity":"","overlay-gradient":""},"mobile":{"background-color":"","background-image":"","background-repeat":"repeat","background-position":"center center","background-size":"auto","background-attachment":"scroll","background-type":"","background-media":"","overlay-type":"","overlay-color":"","overlay-opacity":"","overlay-gradient":""}},"ast-content-background-meta":{"desktop":{"background-color":"var(--ast-global-color-5)","background-image":"","background-repeat":"repeat","background-position":"center center","background-size":"auto","background-attachment":"scroll","background-type":"","background-media":"","overlay-type":"","overlay-color":"","overlay-opacity":"","overlay-gradient":""},"tablet":{"background-color":"var(--ast-global-color-5)","background-image":"","background-repeat":"repeat","background-position":"center center","background-size":"auto","background-attachment":"scroll","background-type":"","background-media":"","overlay-type":"","overlay-color":"","overlay-opacity":"","overlay-gradient":""},"mobile":{"background-color":"var(--ast-global-color-5)","background-image":"","background-repeat":"repeat","background-position":"center center","background-size":"auto","background-attachment":"scroll","background-type":"","background-media":"","overlay-type":"","overlay-color":"","overlay-opacity":"","overlay-gradient":""}},"footnotes":""},"categories":[29],"tags":[634,1003],"class_list":["post-6771","post","type-post","status-publish","format-standard","has-post-thumbnail","hentry","category-portada","tag-medi-ambient","tag-no-ens-desdibuixeu"],"post_mailing_queue_ids":[],"_links":{"self":[{"href":"https:\/\/serveiseducatius.xtec.cat\/vallesoccidental3\/wp-json\/wp\/v2\/posts\/6771","targetHints":{"allow":["GET"]}}],"collection":[{"href":"https:\/\/serveiseducatius.xtec.cat\/vallesoccidental3\/wp-json\/wp\/v2\/posts"}],"about":[{"href":"https:\/\/serveiseducatius.xtec.cat\/vallesoccidental3\/wp-json\/wp\/v2\/types\/post"}],"author":[{"embeddable":true,"href":"https:\/\/serveiseducatius.xtec.cat\/vallesoccidental3\/wp-json\/wp\/v2\/users\/1"}],"replies":[{"embeddable":true,"href":"https:\/\/serveiseducatius.xtec.cat\/vallesoccidental3\/wp-json\/wp\/v2\/comments?post=6771"}],"version-history":[{"count":3,"href":"https:\/\/serveiseducatius.xtec.cat\/vallesoccidental3\/wp-json\/wp\/v2\/posts\/6771\/revisions"}],"predecessor-version":[{"id":6780,"href":"https:\/\/serveiseducatius.xtec.cat\/vallesoccidental3\/wp-json\/wp\/v2\/posts\/6771\/revisions\/6780"}],"wp:featuredmedia":[{"embeddable":true,"href":"https:\/\/serveiseducatius.xtec.cat\/vallesoccidental3\/wp-json\/wp\/v2\/media\/5634"}],"wp:attachment":[{"href":"https:\/\/serveiseducatius.xtec.cat\/vallesoccidental3\/wp-json\/wp\/v2\/media?parent=6771"}],"wp:term":[{"taxonomy":"category","embeddable":true,"href":"https:\/\/serveiseducatius.xtec.cat\/vallesoccidental3\/wp-json\/wp\/v2\/categories?post=6771"},{"taxonomy":"post_tag","embeddable":true,"href":"https:\/\/serveiseducatius.xtec.cat\/vallesoccidental3\/wp-json\/wp\/v2\/tags?post=6771"}],"curies":[{"name":"wp","href":"https:\/\/api.w.org\/{rel}","templated":true}]}}