{"id":6761,"date":"2020-06-05T10:01:37","date_gmt":"2020-06-05T08:01:37","guid":{"rendered":"http:\/\/serveiseducatius.xtec.cat\/vallesoccidental3\/?p=6761"},"modified":"2020-06-05T10:13:00","modified_gmt":"2020-06-05T08:13:00","slug":"dia-mundial-del-medi-ambient-o-dia-mundial-de-la-nostra-vergonya","status":"publish","type":"post","link":"https:\/\/serveiseducatius.xtec.cat\/vallesoccidental3\/general\/dia-mundial-del-medi-ambient-o-dia-mundial-de-la-nostra-vergonya\/","title":{"rendered":"Dia mundial del medi ambient o dia mundial de la nostra vergonya"},"content":{"rendered":"<p>Avui \u00e9s el dia mundial del medi ambient, el dia mundial de la nostra vergonya.<\/p>\n<p>Ja no es tracta d&#8217;un dia ni de celebrar res.<\/p>\n<p style=\"text-align: center\"><img decoding=\"async\" class=\"alignleft\" src=\"https:\/\/serveiseducatius.xtec.cat\/vallesoccidental3\/wp-content\/uploads\/usu1147\/2020\/06\/is-1.jpg\" \/><\/p>\n<p>&nbsp;<\/p>\n<p>Tendim a pensar que el canvi clim\u00e0tic \u00e9s un problema lluny\u00e0, gaireb\u00e9 ali\u00e8, per\u00f2 no \u00e9s aix\u00ed.\u00a0<strong>Cal que en prenem consci\u00e8ncia abans que sigui irreversible<\/strong>.<\/p>\n<p>&nbsp;<\/p>\n<p>Mars de pl\u00e0stic.\u00a0 Glaceres que es desfan. Cat\u00e0strofes naturals. Augment de la temperatura. Contaminaci\u00f3 arreu i la fi de moltes esp\u00e8cies.<\/p>\n<p>Si no som nosaltres, qui?<\/p>\n<p>Si no som nosaltres que lluitem, qui?<\/p>\n<p>Cada dia ha de ser el del medi ambient, cada dia, cada dia&#8230;!<\/p>\n<p>10 can\u00e7ons per al dia d&#8217;avui que despertin la consci\u00e8ncia:<\/p>\n<ul>\n<li><a href=\"https:\/\/www.youtube.com\/watch?v=ce856W2lB9A\">Ant\u00f2nia Font &#8211; Vos estim a tots igual<\/a><\/li>\n<li><a href=\"https:\/\/www.youtube.com\/watch?v=L-MhaZ_q5C0\">Arr\u00f2s cald\u00f3s &#8211; Cuida-la<\/a><\/li>\n<li><a href=\"https:\/\/www.youtube.com\/watch?v=r_Cck4ylZ58\">Els Amics de les Arts &#8211; Monsieur Cousteau<\/a><\/li>\n<li><a href=\"https:\/\/www.youtube.com\/watch?v=LS7m1ua9n8A\">Els Pets &#8211; Un dimecres qualsevol<\/a><\/li>\n<li><a href=\"https:\/\/www.youtube.com\/watch?v=1qnd0_fvF68\">Feliu Ventura- El qu\u00e8 diuen els arbres<\/a><\/li>\n<li><a href=\"https:\/\/www.youtube.com\/watch?v=gP_CffOJKuk\">Gossos- L\u2019ocell<\/a><\/li>\n<li><a href=\"https:\/\/www.youtube.com\/watch?v=3m_Mcx85QKU\">Joan Manuel Serrat &#8211; Pare<\/a><\/li>\n<li><a href=\"https:\/\/www.youtube.com\/watch?v=0WEdJH3P3hU\">Josep Tero- Tornarem a tenir barques<\/a><\/li>\n<li><a href=\"https:\/\/www.youtube.com\/watch?v=z2r1J4UTfjg\">La gossa sorda &#8211; Quina calitja<\/a>\u00a0(sobre el canvi clim\u00e0tic)<\/li>\n<li><a href=\"https:\/\/www.youtube.com\/watch?v=ERnssUd8KgQ\">Lax&#8217;n&#8217;Busto &#8211; La meva terra \u00e9s el mar<\/a><\/li>\n<li><a href=\"https:\/\/www.youtube.com\/watch?v=IwT_inIflK4\">Pau Alabajos &#8211; Contra el Ciment<\/a><\/li>\n<li><a href=\"https:\/\/www.youtube.com\/watch?v=t2kZDOVFiZY\">Pilseners &#8211; La terra que volem<\/a><\/li>\n<li><a href=\"https:\/\/www.youtube.com\/watch?v=fLfelcnXBqY\">Raimon &#8211; He mirat aquesta terra<\/a>. Poema de Salvador Espriu.<\/li>\n<li><a href=\"https:\/\/www.youtube.com\/watch?v=vCin4GREVI8\">Sangtra\u00eft &#8211; El Bosc de Formig\u00f3<\/a><\/li>\n<li><a href=\"https:\/\/www.youtube.com\/watch?v=eHhz_Sl6zlM\">Sau &#8211; Aix\u00f2 es pot salvar<\/a><\/li>\n<\/ul>\n<p>&nbsp;<\/p>\n","protected":false},"excerpt":{"rendered":"<p>Dia mundial del medi ambient<br \/>\nDia mundial de la nostra vergonya!<\/p>\n","protected":false},"author":4,"featured_media":6762,"comment_status":"open","ping_status":"closed","sticky":false,"template":"","format":"standard","meta":{"_bbp_topic_count":0,"_bbp_reply_count":0,"_bbp_total_topic_count":0,"_bbp_total_reply_count":0,"_bbp_voice_count":0,"_bbp_anonymous_reply_count":0,"_bbp_topic_count_hidden":0,"_bbp_reply_count_hidden":0,"_bbp_forum_subforum_count":0,"site-sidebar-layout":"default","site-content-layout":"","ast-site-content-layout":"","site-content-style":"default","site-sidebar-style":"default","ast-global-header-display":"","ast-banner-title-visibility":"","ast-main-header-display":"","ast-hfb-above-header-display":"","ast-hfb-below-header-display":"","ast-hfb-mobile-header-display":"","site-post-title":"","ast-breadcrumbs-content":"","ast-featured-img":"","footer-sml-layout":"","theme-transparent-header-meta":"","adv-header-id-meta":"","stick-header-meta":"","header-above-stick-meta":"","header-main-stick-meta":"","header-below-stick-meta":"","astra-migrate-meta-layouts":"default","ast-page-background-enabled":"default","ast-page-background-meta":{"desktop":{"background-color":"var(--ast-global-color-4)","background-image":"","background-repeat":"repeat","background-position":"center center","background-size":"auto","background-attachment":"scroll","background-type":"","background-media":"","overlay-type":"","overlay-color":"","overlay-opacity":"","overlay-gradient":""},"tablet":{"background-color":"","background-image":"","background-repeat":"repeat","background-position":"center center","background-size":"auto","background-attachment":"scroll","background-type":"","background-media":"","overlay-type":"","overlay-color":"","overlay-opacity":"","overlay-gradient":""},"mobile":{"background-color":"","background-image":"","background-repeat":"repeat","background-position":"center center","background-size":"auto","background-attachment":"scroll","background-type":"","background-media":"","overlay-type":"","overlay-color":"","overlay-opacity":"","overlay-gradient":""}},"ast-content-background-meta":{"desktop":{"background-color":"var(--ast-global-color-5)","background-image":"","background-repeat":"repeat","background-position":"center center","background-size":"auto","background-attachment":"scroll","background-type":"","background-media":"","overlay-type":"","overlay-color":"","overlay-opacity":"","overlay-gradient":""},"tablet":{"background-color":"var(--ast-global-color-5)","background-image":"","background-repeat":"repeat","background-position":"center center","background-size":"auto","background-attachment":"scroll","background-type":"","background-media":"","overlay-type":"","overlay-color":"","overlay-opacity":"","overlay-gradient":""},"mobile":{"background-color":"var(--ast-global-color-5)","background-image":"","background-repeat":"repeat","background-position":"center center","background-size":"auto","background-attachment":"scroll","background-type":"","background-media":"","overlay-type":"","overlay-color":"","overlay-opacity":"","overlay-gradient":""}},"footnotes":""},"categories":[65,68,1,29],"tags":[1002,999,1000,1001],"class_list":["post-6761","post","type-post","status-publish","format-standard","has-post-thumbnail","hentry","category-crp","category-elic","category-general","category-portada","tag-canvi-climatic","tag-dia-mundial-medi-ambient","tag-natura","tag-respecte-natura"],"post_mailing_queue_ids":[],"_links":{"self":[{"href":"https:\/\/serveiseducatius.xtec.cat\/vallesoccidental3\/wp-json\/wp\/v2\/posts\/6761","targetHints":{"allow":["GET"]}}],"collection":[{"href":"https:\/\/serveiseducatius.xtec.cat\/vallesoccidental3\/wp-json\/wp\/v2\/posts"}],"about":[{"href":"https:\/\/serveiseducatius.xtec.cat\/vallesoccidental3\/wp-json\/wp\/v2\/types\/post"}],"author":[{"embeddable":true,"href":"https:\/\/serveiseducatius.xtec.cat\/vallesoccidental3\/wp-json\/wp\/v2\/users\/4"}],"replies":[{"embeddable":true,"href":"https:\/\/serveiseducatius.xtec.cat\/vallesoccidental3\/wp-json\/wp\/v2\/comments?post=6761"}],"version-history":[{"count":3,"href":"https:\/\/serveiseducatius.xtec.cat\/vallesoccidental3\/wp-json\/wp\/v2\/posts\/6761\/revisions"}],"predecessor-version":[{"id":6766,"href":"https:\/\/serveiseducatius.xtec.cat\/vallesoccidental3\/wp-json\/wp\/v2\/posts\/6761\/revisions\/6766"}],"wp:featuredmedia":[{"embeddable":true,"href":"https:\/\/serveiseducatius.xtec.cat\/vallesoccidental3\/wp-json\/wp\/v2\/media\/6762"}],"wp:attachment":[{"href":"https:\/\/serveiseducatius.xtec.cat\/vallesoccidental3\/wp-json\/wp\/v2\/media?parent=6761"}],"wp:term":[{"taxonomy":"category","embeddable":true,"href":"https:\/\/serveiseducatius.xtec.cat\/vallesoccidental3\/wp-json\/wp\/v2\/categories?post=6761"},{"taxonomy":"post_tag","embeddable":true,"href":"https:\/\/serveiseducatius.xtec.cat\/vallesoccidental3\/wp-json\/wp\/v2\/tags?post=6761"}],"curies":[{"name":"wp","href":"https:\/\/api.w.org\/{rel}","templated":true}]}}