{"id":6655,"date":"2020-05-26T19:21:01","date_gmt":"2020-05-26T17:21:01","guid":{"rendered":"http:\/\/serveiseducatius.xtec.cat\/vallesoccidental3\/?p=6655"},"modified":"2020-11-21T23:45:43","modified_gmt":"2020-11-21T22:45:43","slug":"la-fletxa-negra-lectura-facil-per-alumnat-nouvingut-eso","status":"publish","type":"post","link":"https:\/\/serveiseducatius.xtec.cat\/vallesoccidental3\/general\/la-fletxa-negra-lectura-facil-per-alumnat-nouvingut-eso\/","title":{"rendered":"La fletxa negra, lectura f\u00e0cil per a alumnat nouvingut"},"content":{"rendered":"<p><a href=\"https:\/\/serveiseducatius.xtec.cat\/vallesoccidental3\/wp-content\/uploads\/usu1147\/2020\/05\/2008-La-Fletxa-Negra-Jaume-Serra.pdf\">2008 La Fletxa Negra Jaume Serra<\/a><\/p>\n<p>La novel\u00b7la tracta d&#8217;un cavaller medieval i les seves aventures. Hi ha combats contra enemics malvats i una bonica hist\u00f2ria d&#8217;amor.\u00a0 La llengua est\u00e0 adaptada perqu\u00e8 es pugui llegir b\u00e9 per part d&#8217;alumnat de 2n any d&#8217;aula d&#8217;acollida o de suport ling\u00fc\u00edstic. Edat recomanada:\u00a0 cicle superior i secund\u00e0ria.<\/p>\n<p>La proposta d&#8217;estiu \u00e9s:<\/p>\n<p>a) Llegeix-la\u00a0 i busca les paraules que no coneguis.<\/p>\n<p>b) Dibuixa l&#8217;escena que m\u00e9s\u00a0 t&#8217;ha agradat en un format de c\u00f2mic. <a href=\"https:\/\/www.cpnl.cat\/media\/upload\/pdf\/e_2016_03_guia_el_comic_a_l27aula_cnl_de_barcelona_editora_128_17967_1_18347.pdf\">https:\/\/www.cpnl.cat\/media\/upload\/pdf\/e_2016_03_guia_el_comic_a_l27aula_cnl_de_barcelona_editora_128_17967_1_18347.pdf<\/a><\/p>\n<p>b) Fes un glossari amb les paraules que ha apr\u00e8s i el seu significat.<\/p>\n<p>&nbsp;<\/p>\n<p><img loading=\"lazy\" decoding=\"async\" class=\"wp-image-6652 aligncenter\" src=\"https:\/\/serveiseducatius.xtec.cat\/vallesoccidental3\/wp-content\/uploads\/usu1147\/2020\/05\/cavalleris.jpg\" alt=\"\" width=\"357\" height=\"236\" \/><\/p>\n<p><a href=\"https:\/\/serveiseducatius.xtec.cat\/vallesoccidental3\/wp-content\/uploads\/usu1147\/2020\/05\/cavalleris.jpg\">\u00a0<\/a><\/p>\n","protected":false},"excerpt":{"rendered":"<p>Lectura per descarregar.  Adient per a alumnat amb nivell b\u00e0sic de catal\u00e0<\/p>\n","protected":false},"author":4,"featured_media":6652,"comment_status":"open","ping_status":"closed","sticky":false,"template":"","format":"standard","meta":{"_bbp_topic_count":0,"_bbp_reply_count":0,"_bbp_total_topic_count":0,"_bbp_total_reply_count":0,"_bbp_voice_count":0,"_bbp_anonymous_reply_count":0,"_bbp_topic_count_hidden":0,"_bbp_reply_count_hidden":0,"_bbp_forum_subforum_count":0,"site-sidebar-layout":"default","site-content-layout":"","ast-site-content-layout":"","site-content-style":"default","site-sidebar-style":"default","ast-global-header-display":"","ast-banner-title-visibility":"","ast-main-header-display":"","ast-hfb-above-header-display":"","ast-hfb-below-header-display":"","ast-hfb-mobile-header-display":"","site-post-title":"","ast-breadcrumbs-content":"","ast-featured-img":"","footer-sml-layout":"","theme-transparent-header-meta":"","adv-header-id-meta":"","stick-header-meta":"","header-above-stick-meta":"","header-main-stick-meta":"","header-below-stick-meta":"","astra-migrate-meta-layouts":"default","ast-page-background-enabled":"default","ast-page-background-meta":{"desktop":{"background-color":"var(--ast-global-color-4)","background-image":"","background-repeat":"repeat","background-position":"center center","background-size":"auto","background-attachment":"scroll","background-type":"","background-media":"","overlay-type":"","overlay-color":"","overlay-opacity":"","overlay-gradient":""},"tablet":{"background-color":"","background-image":"","background-repeat":"repeat","background-position":"center center","background-size":"auto","background-attachment":"scroll","background-type":"","background-media":"","overlay-type":"","overlay-color":"","overlay-opacity":"","overlay-gradient":""},"mobile":{"background-color":"","background-image":"","background-repeat":"repeat","background-position":"center center","background-size":"auto","background-attachment":"scroll","background-type":"","background-media":"","overlay-type":"","overlay-color":"","overlay-opacity":"","overlay-gradient":""}},"ast-content-background-meta":{"desktop":{"background-color":"var(--ast-global-color-5)","background-image":"","background-repeat":"repeat","background-position":"center center","background-size":"auto","background-attachment":"scroll","background-type":"","background-media":"","overlay-type":"","overlay-color":"","overlay-opacity":"","overlay-gradient":""},"tablet":{"background-color":"var(--ast-global-color-5)","background-image":"","background-repeat":"repeat","background-position":"center center","background-size":"auto","background-attachment":"scroll","background-type":"","background-media":"","overlay-type":"","overlay-color":"","overlay-opacity":"","overlay-gradient":""},"mobile":{"background-color":"var(--ast-global-color-5)","background-image":"","background-repeat":"repeat","background-position":"center center","background-size":"auto","background-attachment":"scroll","background-type":"","background-media":"","overlay-type":"","overlay-color":"","overlay-opacity":"","overlay-gradient":""}},"footnotes":""},"categories":[68,1,204,81],"tags":[992,271,802,878,147,939],"class_list":["post-6655","post","type-post","status-publish","format-standard","has-post-thumbnail","hentry","category-elic","category-general","category-aula-dacollida","category-biblioteca-escolar","tag-aula-acollida-eso","tag-biblioteca-escolar","tag-biblioteca-municipal-de-rubi","tag-educacio-secundaria","tag-el-gust-per-la-lectura","tag-propostes-confitdes"],"post_mailing_queue_ids":[],"_links":{"self":[{"href":"https:\/\/serveiseducatius.xtec.cat\/vallesoccidental3\/wp-json\/wp\/v2\/posts\/6655","targetHints":{"allow":["GET"]}}],"collection":[{"href":"https:\/\/serveiseducatius.xtec.cat\/vallesoccidental3\/wp-json\/wp\/v2\/posts"}],"about":[{"href":"https:\/\/serveiseducatius.xtec.cat\/vallesoccidental3\/wp-json\/wp\/v2\/types\/post"}],"author":[{"embeddable":true,"href":"https:\/\/serveiseducatius.xtec.cat\/vallesoccidental3\/wp-json\/wp\/v2\/users\/4"}],"replies":[{"embeddable":true,"href":"https:\/\/serveiseducatius.xtec.cat\/vallesoccidental3\/wp-json\/wp\/v2\/comments?post=6655"}],"version-history":[{"count":4,"href":"https:\/\/serveiseducatius.xtec.cat\/vallesoccidental3\/wp-json\/wp\/v2\/posts\/6655\/revisions"}],"predecessor-version":[{"id":6662,"href":"https:\/\/serveiseducatius.xtec.cat\/vallesoccidental3\/wp-json\/wp\/v2\/posts\/6655\/revisions\/6662"}],"wp:featuredmedia":[{"embeddable":true,"href":"https:\/\/serveiseducatius.xtec.cat\/vallesoccidental3\/wp-json\/wp\/v2\/media\/6652"}],"wp:attachment":[{"href":"https:\/\/serveiseducatius.xtec.cat\/vallesoccidental3\/wp-json\/wp\/v2\/media?parent=6655"}],"wp:term":[{"taxonomy":"category","embeddable":true,"href":"https:\/\/serveiseducatius.xtec.cat\/vallesoccidental3\/wp-json\/wp\/v2\/categories?post=6655"},{"taxonomy":"post_tag","embeddable":true,"href":"https:\/\/serveiseducatius.xtec.cat\/vallesoccidental3\/wp-json\/wp\/v2\/tags?post=6655"}],"curies":[{"name":"wp","href":"https:\/\/api.w.org\/{rel}","templated":true}]}}