{"id":6326,"date":"2020-05-07T17:54:12","date_gmt":"2020-05-07T15:54:12","guid":{"rendered":"http:\/\/serveiseducatius.xtec.cat\/vallesoccidental3\/?p=6326"},"modified":"2020-11-22T00:04:10","modified_gmt":"2020-11-21T23:04:10","slug":"aprenem-catala-amb-cancons-ara-una-de-pel-li","status":"publish","type":"post","link":"https:\/\/serveiseducatius.xtec.cat\/vallesoccidental3\/general\/aprenem-catala-amb-cancons-ara-una-de-pel-li\/","title":{"rendered":"Aprenem catal\u00e0 amb can\u00e7ons? Ara una de pel.li!"},"content":{"rendered":"<p style=\"text-align: justify;\"><span style=\"font-family: 'comic sans ms', sans-serif;\"><strong>REPTE\u00a0<\/strong><\/span><br \/>\n<span style=\"font-family: 'comic sans ms', sans-serif;\">MIRA AQUEST V\u00cdDEO DE LA PEL\u00b7L\u00cdCULA <strong><em>TOY STORY<\/em><\/strong> I ESCOLTA B\u00c9 QUAN COMENCEN A CANTAR<\/span><\/p>\n<p><img decoding=\"async\" src=\"https:\/\/media4.picsearch.com\/is?sG5bfCwlRlyJYlxQfD8NuR7mCx8y5w6pbk-SOpiM5yk&amp;height=198\" \/><br \/>\n<a href=\"https:\/\/https:\/\/www.youtube.com\/watch?v=6ayRnO1234s&amp;feature=emb_title\/watch?v=6ayRnO1234s&amp;feature=emb_title\">https:\/\/www.youtube.com\/watch?v=6ayRnO1234s&amp;feature=emb_title<\/a><\/p>\n<p><strong><span style=\"font-family: 'comic sans ms', sans-serif;\">Tens Un Amic en mi<\/span><\/strong><br \/>\n<strong><span style=\"font-family: 'comic sans ms', sans-serif;\">Tienes un amigo en mi<\/span><\/strong><br \/>\n<strong><span style=\"font-family: 'comic sans ms', sans-serif;\">You&#8217;ve Got A Friend In Me,<\/span><\/strong><br \/>\n<strong><span style=\"font-family: 'comic sans ms', sans-serif;\">\u0644\u062f\u064a\u0643 \u0635\u062f\u064a\u0642<\/span><\/strong><br \/>\n<span style=\"font-family: 'comic sans ms', sans-serif;\">Tens un amic en mi<\/span><br \/>\n<span style=\"font-family: 'comic sans ms', sans-serif;\">Tens un amic en mi<\/span><br \/>\n<span style=\"font-family: 'comic sans ms', sans-serif;\">Quan t\u2019enyoris<\/span><br \/>\n<span style=\"font-family: 'comic sans ms', sans-serif;\">Quan el vent se t\u2019emporti<\/span><br \/>\n<span style=\"font-family: 'comic sans ms', sans-serif;\">Lluny del teu llit calent<\/span><\/p>\n<p><span style=\"font-family: 'comic sans ms', sans-serif;\">Vull que recordis<\/span><br \/>\n<span style=\"font-family: 'comic sans ms', sans-serif;\">Tingues ben present<\/span><br \/>\n<span style=\"font-family: 'comic sans ms', sans-serif;\">Que tens un amic en mi<\/span><br \/>\n<span style=\"font-family: 'comic sans ms', sans-serif;\">S\u00ed, tens un amic en mi.<\/span><\/p>\n<p><span style=\"font-family: 'comic sans ms', sans-serif;\">N\u2019hi deu haver<\/span><br \/>\n<span style=\"font-family: 'comic sans ms', sans-serif;\">Que s\u00f3n m\u00e9s llestos<\/span><br \/>\n<span style=\"font-family: 'comic sans ms', sans-serif;\">Que no pas jo<\/span><br \/>\n<span style=\"font-family: 'comic sans ms', sans-serif;\">Molt alts i forts, qui sap !<\/span><\/p>\n<p><span style=\"font-family: 'comic sans ms', sans-serif;\">Per\u00f2 no n\u2019hi ha cap<\/span><br \/>\n<span style=\"font-family: 'comic sans ms', sans-serif;\">Que mai t\u2019estimi<\/span><br \/>\n<span style=\"font-family: 'comic sans ms', sans-serif;\">Amb tot el cor,<\/span><br \/>\n<span style=\"font-family: 'comic sans ms', sans-serif;\">Tots dos tu i jo.<\/span><\/p>\n<p><span style=\"font-family: 'comic sans ms', sans-serif;\">El temps que va passant<\/span><br \/>\n<span style=\"font-family: 'comic sans ms', sans-serif;\">Far\u00e0 l\u2019amistat m\u00e9s gran.<\/span><\/p>\n<p><span style=\"font-family: 'comic sans ms', sans-serif;\">ACTIVITATS <a href=\"https:\/\/serveiseducatius.xtec.cat\/vallesoccidental3\/wp-content\/uploads\/usu1147\/2020\/05\/REPTE-AULA-ACOLLIDA-TOY-STORY.pdf\" target=\"_blank\" rel=\"noopener noreferrer\">(Descarrega&#8217;t el full)<\/a><\/span><\/p>\n<p><span style=\"font-family: 'comic sans ms', sans-serif;\">1. Qu\u00e8 vol dir \u201cENYORAR\u201d? Busca al diccionari, escriu la definici\u00f3 i digues com es diu en la teva llengua familiar? Has enyorat els teus amics o amigues?\u00a0 Us heu pogut veure o parlar algun dia?\u00a0<\/span><\/p>\n<p>&nbsp;<\/p>\n<p>&nbsp;<\/p>\n<p><span style=\"font-family: 'comic sans ms', sans-serif;\">2.Busca paraules en catal\u00e0 que vulguin dir el mateix \u2013sin\u00f2nims- que la paraula subratllada:<\/span><\/p>\n<p><span style=\"font-family: 'comic sans ms', sans-serif;\">N\u2019hi deu haver<\/span><br \/>\n<span style=\"font-family: 'comic sans ms', sans-serif;\">Que s\u00f3n m\u00e9s <span style=\"text-decoration: underline;\">llestos<\/span><\/span><br \/>\n<span style=\"font-family: 'comic sans ms', sans-serif;\">Que no pas jo<\/span><br \/>\n<span style=\"font-family: 'comic sans ms', sans-serif;\">Molt <span style=\"text-decoration: underline;\">alts i forts,<\/span> qui sap!<\/span><\/p>\n<p><span style=\"font-family: 'comic sans ms', sans-serif;\">Per\u00f2 no n\u2019hi ha cap<\/span><br \/>\n<span style=\"font-family: 'comic sans ms', sans-serif;\">Que mai t\u2019estimi<\/span><br \/>\n<span style=\"font-family: 'comic sans ms', sans-serif;\">Amb tot el cor,<\/span><br \/>\n<span style=\"font-family: 'comic sans ms', sans-serif;\">Tots dos tu i jo.<\/span><\/p>\n<p>Escriu aqu\u00ed les paraules que has trobat que volen dir el mateix:<br \/>\n<span style=\"font-family: 'comic sans ms', sans-serif;\">Llestos:<\/span><br \/>\n<span style=\"font-family: 'comic sans ms', sans-serif;\">Alts:<\/span><br \/>\n<span style=\"font-family: 'comic sans ms', sans-serif;\">Forts:<\/span><\/p>\n<p><span style=\"font-family: 'comic sans ms', sans-serif;\">3. \u00c9s necessari que un amic o amiga\u00a0 sigui el m\u00e9s llest, el m\u00e9s fort, el m\u00e9s alt&#8230;? Qu\u00e8 \u00e9s el m\u00e9s important? Digues com hauria de ser per a tu un bon amic o una bona amiga.<\/span><\/p>\n","protected":false},"excerpt":{"rendered":"<p>Aprenem catal\u00e0 amb can\u00e7ons? Avui amb una de pel.l\u00edcula que parla de l&#8217;amistat<\/p>\n","protected":false},"author":4,"featured_media":0,"comment_status":"open","ping_status":"closed","sticky":false,"template":"","format":"standard","meta":{"_bbp_topic_count":0,"_bbp_reply_count":0,"_bbp_total_topic_count":0,"_bbp_total_reply_count":0,"_bbp_voice_count":0,"_bbp_anonymous_reply_count":0,"_bbp_topic_count_hidden":0,"_bbp_reply_count_hidden":0,"_bbp_forum_subforum_count":0,"site-sidebar-layout":"default","site-content-layout":"","ast-site-content-layout":"","site-content-style":"default","site-sidebar-style":"default","ast-global-header-display":"","ast-banner-title-visibility":"","ast-main-header-display":"","ast-hfb-above-header-display":"","ast-hfb-below-header-display":"","ast-hfb-mobile-header-display":"","site-post-title":"","ast-breadcrumbs-content":"","ast-featured-img":"","footer-sml-layout":"","theme-transparent-header-meta":"","adv-header-id-meta":"","stick-header-meta":"","header-above-stick-meta":"","header-main-stick-meta":"","header-below-stick-meta":"","astra-migrate-meta-layouts":"default","ast-page-background-enabled":"default","ast-page-background-meta":{"desktop":{"background-color":"var(--ast-global-color-4)","background-image":"","background-repeat":"repeat","background-position":"center center","background-size":"auto","background-attachment":"scroll","background-type":"","background-media":"","overlay-type":"","overlay-color":"","overlay-opacity":"","overlay-gradient":""},"tablet":{"background-color":"","background-image":"","background-repeat":"repeat","background-position":"center center","background-size":"auto","background-attachment":"scroll","background-type":"","background-media":"","overlay-type":"","overlay-color":"","overlay-opacity":"","overlay-gradient":""},"mobile":{"background-color":"","background-image":"","background-repeat":"repeat","background-position":"center center","background-size":"auto","background-attachment":"scroll","background-type":"","background-media":"","overlay-type":"","overlay-color":"","overlay-opacity":"","overlay-gradient":""}},"ast-content-background-meta":{"desktop":{"background-color":"var(--ast-global-color-5)","background-image":"","background-repeat":"repeat","background-position":"center center","background-size":"auto","background-attachment":"scroll","background-type":"","background-media":"","overlay-type":"","overlay-color":"","overlay-opacity":"","overlay-gradient":""},"tablet":{"background-color":"var(--ast-global-color-5)","background-image":"","background-repeat":"repeat","background-position":"center center","background-size":"auto","background-attachment":"scroll","background-type":"","background-media":"","overlay-type":"","overlay-color":"","overlay-opacity":"","overlay-gradient":""},"mobile":{"background-color":"var(--ast-global-color-5)","background-image":"","background-repeat":"repeat","background-position":"center center","background-size":"auto","background-attachment":"scroll","background-type":"","background-media":"","overlay-type":"","overlay-color":"","overlay-opacity":"","overlay-gradient":""}},"footnotes":""},"categories":[1,204],"tags":[966,476,935],"class_list":["post-6326","post","type-post","status-publish","format-standard","hentry","category-general","category-aula-dacollida","tag-aula-acollida","tag-banc-de-recursos","tag-confinament"],"post_mailing_queue_ids":[],"_links":{"self":[{"href":"https:\/\/serveiseducatius.xtec.cat\/vallesoccidental3\/wp-json\/wp\/v2\/posts\/6326","targetHints":{"allow":["GET"]}}],"collection":[{"href":"https:\/\/serveiseducatius.xtec.cat\/vallesoccidental3\/wp-json\/wp\/v2\/posts"}],"about":[{"href":"https:\/\/serveiseducatius.xtec.cat\/vallesoccidental3\/wp-json\/wp\/v2\/types\/post"}],"author":[{"embeddable":true,"href":"https:\/\/serveiseducatius.xtec.cat\/vallesoccidental3\/wp-json\/wp\/v2\/users\/4"}],"replies":[{"embeddable":true,"href":"https:\/\/serveiseducatius.xtec.cat\/vallesoccidental3\/wp-json\/wp\/v2\/comments?post=6326"}],"version-history":[{"count":4,"href":"https:\/\/serveiseducatius.xtec.cat\/vallesoccidental3\/wp-json\/wp\/v2\/posts\/6326\/revisions"}],"predecessor-version":[{"id":6464,"href":"https:\/\/serveiseducatius.xtec.cat\/vallesoccidental3\/wp-json\/wp\/v2\/posts\/6326\/revisions\/6464"}],"wp:attachment":[{"href":"https:\/\/serveiseducatius.xtec.cat\/vallesoccidental3\/wp-json\/wp\/v2\/media?parent=6326"}],"wp:term":[{"taxonomy":"category","embeddable":true,"href":"https:\/\/serveiseducatius.xtec.cat\/vallesoccidental3\/wp-json\/wp\/v2\/categories?post=6326"},{"taxonomy":"post_tag","embeddable":true,"href":"https:\/\/serveiseducatius.xtec.cat\/vallesoccidental3\/wp-json\/wp\/v2\/tags?post=6326"}],"curies":[{"name":"wp","href":"https:\/\/api.w.org\/{rel}","templated":true}]}}