{"id":4567,"date":"2019-06-17T16:30:24","date_gmt":"2019-06-17T14:30:24","guid":{"rendered":"http:\/\/serveiseducatius.xtec.cat\/vallesoccidental3\/?p=4567"},"modified":"2019-06-20T09:41:10","modified_gmt":"2019-06-20T07:41:10","slug":"iii-jornada-pedagogica-rivo-rubeo-treball-collectiu-una-proposta-collectiva","status":"publish","type":"post","link":"https:\/\/serveiseducatius.xtec.cat\/vallesoccidental3\/creativitat\/iii-jornada-pedagogica-rivo-rubeo-treball-collectiu-una-proposta-collectiva\/","title":{"rendered":"III Jornada Pedag\u00f2gica. Rivo Rubeo: &#8220;Treball col\u00b7lectiu. Una proposta col\u00b7lectiva.&#8221;"},"content":{"rendered":"<p><img loading=\"lazy\" decoding=\"async\" class=\"aligncenter wp-image-4590 size-full\" src=\"https:\/\/serveiseducatius.xtec.cat\/vallesoccidental3\/wp-content\/uploads\/usu1147\/2019\/06\/IMG_1986-e1561016294157.jpg\" alt=\"\" width=\"640\" height=\"329\" srcset=\"https:\/\/serveiseducatius.xtec.cat\/vallesoccidental3\/wp-content\/uploads\/usu1147\/2019\/06\/IMG_1986-e1561016294157.jpg 640w, https:\/\/serveiseducatius.xtec.cat\/vallesoccidental3\/wp-content\/uploads\/usu1147\/2019\/06\/IMG_1986-e1561016294157-300x154.jpg 300w\" sizes=\"auto, (max-width: 640px) 100vw, 640px\" \/><\/p>\n<p>El projecte desenvolupat pel <strong>Rivo Rubeo <\/strong>en torn a la creativitat t\u00e9 una vesant eminentment col\u00b7lectiva. La <strong>Eva Bretones<\/strong>, ens va explicar com al seu centre tots els alumnes s\u00f3n part\u00edcips de forma activa en aquest proc\u00e9s art\u00edstic.<\/p>\n<p>L&#8217;entrada al centre es troba decorada amb treballs dels alumnes d&#8217;acord amb el moment de l&#8217;any que es troben. Hi col\u00b7laboren tots els alumnes. A partir d&#8217;una proposta com\u00fa, cada classe l&#8217;interpreta i dissenya una part la qual acaba formant part d&#8217;un mural col\u00b7lectiu. En el cas de la primavera, per exemple, cada alumne d&#8217;una classe podia ser un p\u00e8tal d&#8217;unes flors mentre que altres eren fruits d&#8217;un arbre; fent en total una composici\u00f3 d&#8217;acord amb la proposta d&#8217;eixe moment. D&#8217;aquesta manera tots els nens i nenes es senten identificats amb aquest projecte art\u00edstic, el qual \u00e9s viu i canviant i necessita de tots per aquest canvi.<\/p>\n<p><img loading=\"lazy\" decoding=\"async\" class=\"aligncenter wp-image-4589 size-medium\" src=\"https:\/\/serveiseducatius.xtec.cat\/vallesoccidental3\/wp-content\/uploads\/usu1147\/2019\/06\/rivo-300x200.jpg\" alt=\"\" width=\"300\" height=\"200\" srcset=\"https:\/\/serveiseducatius.xtec.cat\/vallesoccidental3\/wp-content\/uploads\/usu1147\/2019\/06\/rivo-300x200.jpg 300w, https:\/\/serveiseducatius.xtec.cat\/vallesoccidental3\/wp-content\/uploads\/usu1147\/2019\/06\/rivo.jpg 684w\" sizes=\"auto, (max-width: 300px) 100vw, 300px\" \/><\/p>\n","protected":false},"excerpt":{"rendered":"<p>El projecte desenvolupat pel Rivo Rubeo en torn a la creativitat t\u00e9 una vesant eminentment col\u00b7lectiva. La Eva Bretones, ens va explicar com al seu centre tots els alumnes s\u00f3n part\u00edcips de forma activa en aquest proc\u00e9s art\u00edstic. L&#8217;entrada al centre es troba decorada amb treballs dels alumnes d&#8217;acord amb el moment de l&#8217;any que [&hellip;]<\/p>\n","protected":false},"author":1,"featured_media":0,"comment_status":"open","ping_status":"closed","sticky":false,"template":"","format":"standard","meta":{"_bbp_topic_count":0,"_bbp_reply_count":0,"_bbp_total_topic_count":0,"_bbp_total_reply_count":0,"_bbp_voice_count":0,"_bbp_anonymous_reply_count":0,"_bbp_topic_count_hidden":0,"_bbp_reply_count_hidden":0,"_bbp_forum_subforum_count":0,"site-sidebar-layout":"default","site-content-layout":"","ast-site-content-layout":"","site-content-style":"default","site-sidebar-style":"default","ast-global-header-display":"","ast-banner-title-visibility":"","ast-main-header-display":"","ast-hfb-above-header-display":"","ast-hfb-below-header-display":"","ast-hfb-mobile-header-display":"","site-post-title":"","ast-breadcrumbs-content":"","ast-featured-img":"","footer-sml-layout":"","theme-transparent-header-meta":"","adv-header-id-meta":"","stick-header-meta":"","header-above-stick-meta":"","header-main-stick-meta":"","header-below-stick-meta":"","astra-migrate-meta-layouts":"default","ast-page-background-enabled":"default","ast-page-background-meta":{"desktop":{"background-color":"var(--ast-global-color-4)","background-image":"","background-repeat":"repeat","background-position":"center center","background-size":"auto","background-attachment":"scroll","background-type":"","background-media":"","overlay-type":"","overlay-color":"","overlay-opacity":"","overlay-gradient":""},"tablet":{"background-color":"","background-image":"","background-repeat":"repeat","background-position":"center center","background-size":"auto","background-attachment":"scroll","background-type":"","background-media":"","overlay-type":"","overlay-color":"","overlay-opacity":"","overlay-gradient":""},"mobile":{"background-color":"","background-image":"","background-repeat":"repeat","background-position":"center center","background-size":"auto","background-attachment":"scroll","background-type":"","background-media":"","overlay-type":"","overlay-color":"","overlay-opacity":"","overlay-gradient":""}},"ast-content-background-meta":{"desktop":{"background-color":"var(--ast-global-color-5)","background-image":"","background-repeat":"repeat","background-position":"center center","background-size":"auto","background-attachment":"scroll","background-type":"","background-media":"","overlay-type":"","overlay-color":"","overlay-opacity":"","overlay-gradient":""},"tablet":{"background-color":"var(--ast-global-color-5)","background-image":"","background-repeat":"repeat","background-position":"center center","background-size":"auto","background-attachment":"scroll","background-type":"","background-media":"","overlay-type":"","overlay-color":"","overlay-opacity":"","overlay-gradient":""},"mobile":{"background-color":"var(--ast-global-color-5)","background-image":"","background-repeat":"repeat","background-position":"center center","background-size":"auto","background-attachment":"scroll","background-type":"","background-media":"","overlay-type":"","overlay-color":"","overlay-opacity":"","overlay-gradient":""}},"footnotes":""},"categories":[703],"tags":[863,704,728,867],"class_list":["post-4567","post","type-post","status-publish","format-standard","hentry","category-creativitat","tag-3a-jornada-pedagogica","tag-creativitat","tag-educar-la-creativitat","tag-escola-rivo-rubeo"],"post_mailing_queue_ids":[],"_links":{"self":[{"href":"https:\/\/serveiseducatius.xtec.cat\/vallesoccidental3\/wp-json\/wp\/v2\/posts\/4567","targetHints":{"allow":["GET"]}}],"collection":[{"href":"https:\/\/serveiseducatius.xtec.cat\/vallesoccidental3\/wp-json\/wp\/v2\/posts"}],"about":[{"href":"https:\/\/serveiseducatius.xtec.cat\/vallesoccidental3\/wp-json\/wp\/v2\/types\/post"}],"author":[{"embeddable":true,"href":"https:\/\/serveiseducatius.xtec.cat\/vallesoccidental3\/wp-json\/wp\/v2\/users\/1"}],"replies":[{"embeddable":true,"href":"https:\/\/serveiseducatius.xtec.cat\/vallesoccidental3\/wp-json\/wp\/v2\/comments?post=4567"}],"version-history":[{"count":2,"href":"https:\/\/serveiseducatius.xtec.cat\/vallesoccidental3\/wp-json\/wp\/v2\/posts\/4567\/revisions"}],"predecessor-version":[{"id":4591,"href":"https:\/\/serveiseducatius.xtec.cat\/vallesoccidental3\/wp-json\/wp\/v2\/posts\/4567\/revisions\/4591"}],"wp:attachment":[{"href":"https:\/\/serveiseducatius.xtec.cat\/vallesoccidental3\/wp-json\/wp\/v2\/media?parent=4567"}],"wp:term":[{"taxonomy":"category","embeddable":true,"href":"https:\/\/serveiseducatius.xtec.cat\/vallesoccidental3\/wp-json\/wp\/v2\/categories?post=4567"},{"taxonomy":"post_tag","embeddable":true,"href":"https:\/\/serveiseducatius.xtec.cat\/vallesoccidental3\/wp-json\/wp\/v2\/tags?post=4567"}],"curies":[{"name":"wp","href":"https:\/\/api.w.org\/{rel}","templated":true}]}}