{"id":4552,"date":"2019-06-17T13:17:29","date_gmt":"2019-06-17T11:17:29","guid":{"rendered":"http:\/\/serveiseducatius.xtec.cat\/vallesoccidental3\/?p=4552"},"modified":"2019-06-19T12:06:29","modified_gmt":"2019-06-19T10:06:29","slug":"iii-jornada-pedagogica-torre-de-la-llebre-gaudi-gaudir-creant-i-construint","status":"publish","type":"post","link":"https:\/\/serveiseducatius.xtec.cat\/vallesoccidental3\/creativitat\/iii-jornada-pedagogica-torre-de-la-llebre-gaudi-gaudir-creant-i-construint\/","title":{"rendered":"III Jornada Pedag\u00f2gica. Torre de la Llebre: &#8220;Gaud\u00ed, gaudir creant i construint.&#8221;"},"content":{"rendered":"<p><a href=\"http:\/\/serveiseducatius.xtec.cat\/vallesoccidental3\/creativitat\/iii-jornada-pedagogica-torre-de-la-llebre-gaudi-gaudir-creant-i-construint\/attachment\/img_1977\/\" rel=\"attachment wp-att-4553\"><img loading=\"lazy\" decoding=\"async\" class=\"aligncenter size-full wp-image-4553\" src=\"https:\/\/serveiseducatius.xtec.cat\/vallesoccidental3\/wp-content\/uploads\/usu1147\/2019\/06\/IMG_1977.jpg\" alt=\"\" width=\"640\" height=\"480\" srcset=\"https:\/\/serveiseducatius.xtec.cat\/vallesoccidental3\/wp-content\/uploads\/usu1147\/2019\/06\/IMG_1977.jpg 640w, https:\/\/serveiseducatius.xtec.cat\/vallesoccidental3\/wp-content\/uploads\/usu1147\/2019\/06\/IMG_1977-300x225.jpg 300w, https:\/\/serveiseducatius.xtec.cat\/vallesoccidental3\/wp-content\/uploads\/usu1147\/2019\/06\/IMG_1977-200x150.jpg 200w\" sizes=\"auto, (max-width: 640px) 100vw, 640px\" \/><\/a>La part de <strong>&#8220;Compartir experi\u00e8ncies&#8221;<\/strong> la va encetar l&#8217;escola\u00a0<strong>Torre de la Llebre.<\/strong> Van ser la <strong>Fina Mart\u00ednez<\/strong> i la <strong>Marta Garc\u00eda<\/strong> les encarregades de presentar el seu projecte art\u00edstic en torn a l&#8217;obra de <span style=\"text-decoration: underline;\">Gaud\u00ed<\/span>.<\/p>\n<p><img loading=\"lazy\" decoding=\"async\" class=\"wp-image-4554 size-medium alignright\" src=\"https:\/\/serveiseducatius.xtec.cat\/vallesoccidental3\/wp-content\/uploads\/usu1147\/2019\/06\/IMG_1979-300x225.jpg\" alt=\"\" width=\"300\" height=\"225\" srcset=\"https:\/\/serveiseducatius.xtec.cat\/vallesoccidental3\/wp-content\/uploads\/usu1147\/2019\/06\/IMG_1979-300x225.jpg 300w, https:\/\/serveiseducatius.xtec.cat\/vallesoccidental3\/wp-content\/uploads\/usu1147\/2019\/06\/IMG_1979-200x150.jpg 200w, https:\/\/serveiseducatius.xtec.cat\/vallesoccidental3\/wp-content\/uploads\/usu1147\/2019\/06\/IMG_1979.jpg 640w\" sizes=\"auto, (max-width: 300px) 100vw, 300px\" \/><\/p>\n<p>Van comen\u00e7ar amb els seus alumnes explicant l&#8217;estil que feia servir l&#8217;artista catal\u00e0 <em>(trencad\u00eds)<\/em> amb els seus treballs i<\/p>\n<p>els van anar aplicant en petits projectes de pl\u00e0stica. Cada vegada anava engrescant m\u00e9s als estudiants, els quals van anar elaborant projectes m\u00e9s complexos. Fins que van acabant fent una actuaci\u00f3 pels pares amb m\u00e0scares inspirades amb l&#8217;estil Gaud\u00ed i exercicis d&#8217;acrogym\u00a0 per emular, entre altres, la\u00a0<span style=\"text-decoration: underline;\">Sagrada Fam\u00edlia<\/span>.<\/p>\n","protected":false},"excerpt":{"rendered":"<p>La part de &#8220;Compartir experi\u00e8ncies&#8221; la va encetar l&#8217;escola\u00a0Torre de la Llebre. Van ser la Fina Mart\u00ednez i la Marta Garc\u00eda les encarregades de presentar el seu projecte art\u00edstic en torn a l&#8217;obra de Gaud\u00ed. Van comen\u00e7ar amb els seus alumnes explicant l&#8217;estil que feia servir l&#8217;artista catal\u00e0 (trencad\u00eds) amb els seus treballs i els [&hellip;]<\/p>\n","protected":false},"author":1,"featured_media":0,"comment_status":"open","ping_status":"closed","sticky":false,"template":"","format":"standard","meta":{"_bbp_topic_count":0,"_bbp_reply_count":0,"_bbp_total_topic_count":0,"_bbp_total_reply_count":0,"_bbp_voice_count":0,"_bbp_anonymous_reply_count":0,"_bbp_topic_count_hidden":0,"_bbp_reply_count_hidden":0,"_bbp_forum_subforum_count":0,"site-sidebar-layout":"default","site-content-layout":"","ast-site-content-layout":"","site-content-style":"default","site-sidebar-style":"default","ast-global-header-display":"","ast-banner-title-visibility":"","ast-main-header-display":"","ast-hfb-above-header-display":"","ast-hfb-below-header-display":"","ast-hfb-mobile-header-display":"","site-post-title":"","ast-breadcrumbs-content":"","ast-featured-img":"","footer-sml-layout":"","theme-transparent-header-meta":"","adv-header-id-meta":"","stick-header-meta":"","header-above-stick-meta":"","header-main-stick-meta":"","header-below-stick-meta":"","astra-migrate-meta-layouts":"default","ast-page-background-enabled":"default","ast-page-background-meta":{"desktop":{"background-color":"var(--ast-global-color-4)","background-image":"","background-repeat":"repeat","background-position":"center center","background-size":"auto","background-attachment":"scroll","background-type":"","background-media":"","overlay-type":"","overlay-color":"","overlay-opacity":"","overlay-gradient":""},"tablet":{"background-color":"","background-image":"","background-repeat":"repeat","background-position":"center center","background-size":"auto","background-attachment":"scroll","background-type":"","background-media":"","overlay-type":"","overlay-color":"","overlay-opacity":"","overlay-gradient":""},"mobile":{"background-color":"","background-image":"","background-repeat":"repeat","background-position":"center center","background-size":"auto","background-attachment":"scroll","background-type":"","background-media":"","overlay-type":"","overlay-color":"","overlay-opacity":"","overlay-gradient":""}},"ast-content-background-meta":{"desktop":{"background-color":"var(--ast-global-color-5)","background-image":"","background-repeat":"repeat","background-position":"center center","background-size":"auto","background-attachment":"scroll","background-type":"","background-media":"","overlay-type":"","overlay-color":"","overlay-opacity":"","overlay-gradient":""},"tablet":{"background-color":"var(--ast-global-color-5)","background-image":"","background-repeat":"repeat","background-position":"center center","background-size":"auto","background-attachment":"scroll","background-type":"","background-media":"","overlay-type":"","overlay-color":"","overlay-opacity":"","overlay-gradient":""},"mobile":{"background-color":"var(--ast-global-color-5)","background-image":"","background-repeat":"repeat","background-position":"center center","background-size":"auto","background-attachment":"scroll","background-type":"","background-media":"","overlay-type":"","overlay-color":"","overlay-opacity":"","overlay-gradient":""}},"footnotes":""},"categories":[703],"tags":[863,704,718,676],"class_list":["post-4552","post","type-post","status-publish","format-standard","hentry","category-creativitat","tag-3a-jornada-pedagogica","tag-creativitat","tag-creativitat-a-leducacio","tag-escola-torre-de-la-llebre"],"post_mailing_queue_ids":[],"_links":{"self":[{"href":"https:\/\/serveiseducatius.xtec.cat\/vallesoccidental3\/wp-json\/wp\/v2\/posts\/4552","targetHints":{"allow":["GET"]}}],"collection":[{"href":"https:\/\/serveiseducatius.xtec.cat\/vallesoccidental3\/wp-json\/wp\/v2\/posts"}],"about":[{"href":"https:\/\/serveiseducatius.xtec.cat\/vallesoccidental3\/wp-json\/wp\/v2\/types\/post"}],"author":[{"embeddable":true,"href":"https:\/\/serveiseducatius.xtec.cat\/vallesoccidental3\/wp-json\/wp\/v2\/users\/1"}],"replies":[{"embeddable":true,"href":"https:\/\/serveiseducatius.xtec.cat\/vallesoccidental3\/wp-json\/wp\/v2\/comments?post=4552"}],"version-history":[{"count":3,"href":"https:\/\/serveiseducatius.xtec.cat\/vallesoccidental3\/wp-json\/wp\/v2\/posts\/4552\/revisions"}],"predecessor-version":[{"id":4558,"href":"https:\/\/serveiseducatius.xtec.cat\/vallesoccidental3\/wp-json\/wp\/v2\/posts\/4552\/revisions\/4558"}],"wp:attachment":[{"href":"https:\/\/serveiseducatius.xtec.cat\/vallesoccidental3\/wp-json\/wp\/v2\/media?parent=4552"}],"wp:term":[{"taxonomy":"category","embeddable":true,"href":"https:\/\/serveiseducatius.xtec.cat\/vallesoccidental3\/wp-json\/wp\/v2\/categories?post=4552"},{"taxonomy":"post_tag","embeddable":true,"href":"https:\/\/serveiseducatius.xtec.cat\/vallesoccidental3\/wp-json\/wp\/v2\/tags?post=4552"}],"curies":[{"name":"wp","href":"https:\/\/api.w.org\/{rel}","templated":true}]}}