{"id":4322,"date":"2019-02-20T17:53:38","date_gmt":"2019-02-20T16:53:38","guid":{"rendered":"http:\/\/serveiseducatius.xtec.cat\/vallesoccidental3\/?p=4322"},"modified":"2019-02-20T17:53:38","modified_gmt":"2019-02-20T16:53:38","slug":"dictat-solidari","status":"publish","type":"post","link":"https:\/\/serveiseducatius.xtec.cat\/vallesoccidental3\/general\/dictat-solidari\/","title":{"rendered":"DICTAT SOLIDARI"},"content":{"rendered":"<p>El 18 de febrer es va fer el DICTAT SOLIDARI, activitat organitzada pel Servei Local de Catal\u00e0, el Pla Educatiu d&#8217;Entorn i R\u00e0dio Rub\u00ed. Enguany s&#8217;ha dedicat al grup literari de la COLLA DE SABADELL, que durant el 2019 celebren el centenari del seu naixement. Entre ells hi ha escriptors i activistes culturals innovadors i claus per a la cultura catalana. Parlem de Joan Oliver, de Francesc Trabal i d&#8217;Armand Obiols ( pseud\u00f2nim de Joan Prat).<\/p>\n<p><img loading=\"lazy\" decoding=\"async\" class=\"aligncenter size-medium wp-image-4328\" src=\"https:\/\/serveiseducatius.xtec.cat\/vallesoccidental3\/wp-content\/uploads\/usu1147\/2019\/02\/dictat-300x225.jpg\" alt=\"\" width=\"300\" height=\"225\" srcset=\"https:\/\/serveiseducatius.xtec.cat\/vallesoccidental3\/wp-content\/uploads\/usu1147\/2019\/02\/dictat-300x225.jpg 300w, https:\/\/serveiseducatius.xtec.cat\/vallesoccidental3\/wp-content\/uploads\/usu1147\/2019\/02\/dictat-768x576.jpg 768w, https:\/\/serveiseducatius.xtec.cat\/vallesoccidental3\/wp-content\/uploads\/usu1147\/2019\/02\/dictat-1024x768.jpg 1024w, https:\/\/serveiseducatius.xtec.cat\/vallesoccidental3\/wp-content\/uploads\/usu1147\/2019\/02\/dictat-200x150.jpg 200w, https:\/\/serveiseducatius.xtec.cat\/vallesoccidental3\/wp-content\/uploads\/usu1147\/2019\/02\/dictat.jpg 1600w\" sizes=\"auto, (max-width: 300px) 100vw, 300px\" \/><\/p>\n<p>Durant el mat\u00ed des de la r\u00e0dio s&#8217;ha em\u00e8s el dictat que ha enregistrat la locutora L\u00eddia Justa. Eren textos de Pere Quart del Bestiari. A banda del dictat s&#8217;ha fet un joc d&#8217;endevinar paraules que faltaven i les\u00a0 escoles participants han telefonat\u00a0 per donar les solucions als enigmes. Han participat diverses classes de\u00a0 l&#8217;Escola 25 de setembre, Montessori, Pau Casals, Institut la Serreta&#8230; Despr\u00e9s s&#8217;ha fet un sorteig entre els qui ho han encertat. Aix\u00ed, aviat els centres educatius guanyadors rebran un \u00e0lbum il\u00b7lustrat per a la biblioteca de la classe. A la tarda des de RUB\u00cd FORMA l&#8217;actor rubinenc Pep Farr\u00e9 ha dictat per a tots els p\u00fablics un text humor\u00edstic de Trabal. Abans s&#8217;ha fet una xerrada per part de la Lic de Rub\u00ed, Clara Soley, sobre la vig\u00e8ncia i la necessitat de reivindicar aquests escriptors, aix\u00ed com ha recordat que entre ells hi havia un rubinenc que va influir l&#8217;estil humor\u00edstic d&#8217;aquesta colla. Cal destacar que hi ha hagut fora aportacions d&#8217;aliments que recollien els voluntaris de C\u00e0rites i Frater Nadal.<\/p>\n","protected":false},"excerpt":{"rendered":"<p>El 18 de febrer es va fer el DICTAT SOLIDARI, activitat organitzada pel Servei Local de Catal\u00e0, el Pla Educatiu d&#8217;Entorn i R\u00e0dio Rub\u00ed. Enguany s&#8217;ha dedicat al grup literari de la COLLA DE SABADELL, que durant el 2019 celebren el centenari del seu naixement. Entre ells hi ha escriptors i activistes culturals innovadors i [&hellip;]<\/p>\n","protected":false},"author":1,"featured_media":4328,"comment_status":"open","ping_status":"closed","sticky":false,"template":"","format":"standard","meta":{"_bbp_topic_count":0,"_bbp_reply_count":0,"_bbp_total_topic_count":0,"_bbp_total_reply_count":0,"_bbp_voice_count":0,"_bbp_anonymous_reply_count":0,"_bbp_topic_count_hidden":0,"_bbp_reply_count_hidden":0,"_bbp_forum_subforum_count":0,"site-sidebar-layout":"default","site-content-layout":"","ast-site-content-layout":"","site-content-style":"default","site-sidebar-style":"default","ast-global-header-display":"","ast-banner-title-visibility":"","ast-main-header-display":"","ast-hfb-above-header-display":"","ast-hfb-below-header-display":"","ast-hfb-mobile-header-display":"","site-post-title":"","ast-breadcrumbs-content":"","ast-featured-img":"","footer-sml-layout":"","theme-transparent-header-meta":"","adv-header-id-meta":"","stick-header-meta":"","header-above-stick-meta":"","header-main-stick-meta":"","header-below-stick-meta":"","astra-migrate-meta-layouts":"default","ast-page-background-enabled":"default","ast-page-background-meta":{"desktop":{"background-color":"var(--ast-global-color-4)","background-image":"","background-repeat":"repeat","background-position":"center center","background-size":"auto","background-attachment":"scroll","background-type":"","background-media":"","overlay-type":"","overlay-color":"","overlay-opacity":"","overlay-gradient":""},"tablet":{"background-color":"","background-image":"","background-repeat":"repeat","background-position":"center center","background-size":"auto","background-attachment":"scroll","background-type":"","background-media":"","overlay-type":"","overlay-color":"","overlay-opacity":"","overlay-gradient":""},"mobile":{"background-color":"","background-image":"","background-repeat":"repeat","background-position":"center center","background-size":"auto","background-attachment":"scroll","background-type":"","background-media":"","overlay-type":"","overlay-color":"","overlay-opacity":"","overlay-gradient":""}},"ast-content-background-meta":{"desktop":{"background-color":"var(--ast-global-color-5)","background-image":"","background-repeat":"repeat","background-position":"center center","background-size":"auto","background-attachment":"scroll","background-type":"","background-media":"","overlay-type":"","overlay-color":"","overlay-opacity":"","overlay-gradient":""},"tablet":{"background-color":"var(--ast-global-color-5)","background-image":"","background-repeat":"repeat","background-position":"center center","background-size":"auto","background-attachment":"scroll","background-type":"","background-media":"","overlay-type":"","overlay-color":"","overlay-opacity":"","overlay-gradient":""},"mobile":{"background-color":"var(--ast-global-color-5)","background-image":"","background-repeat":"repeat","background-position":"center center","background-size":"auto","background-attachment":"scroll","background-type":"","background-media":"","overlay-type":"","overlay-color":"","overlay-opacity":"","overlay-gradient":""}},"footnotes":""},"categories":[66,1,75,29],"tags":[813,812],"class_list":["post-4322","post","type-post","status-publish","format-standard","has-post-thumbnail","hentry","category-dinamitzacio","category-general","category-pee","category-portada","tag-dictat-solidari","tag-pee"],"post_mailing_queue_ids":[],"_links":{"self":[{"href":"https:\/\/serveiseducatius.xtec.cat\/vallesoccidental3\/wp-json\/wp\/v2\/posts\/4322","targetHints":{"allow":["GET"]}}],"collection":[{"href":"https:\/\/serveiseducatius.xtec.cat\/vallesoccidental3\/wp-json\/wp\/v2\/posts"}],"about":[{"href":"https:\/\/serveiseducatius.xtec.cat\/vallesoccidental3\/wp-json\/wp\/v2\/types\/post"}],"author":[{"embeddable":true,"href":"https:\/\/serveiseducatius.xtec.cat\/vallesoccidental3\/wp-json\/wp\/v2\/users\/1"}],"replies":[{"embeddable":true,"href":"https:\/\/serveiseducatius.xtec.cat\/vallesoccidental3\/wp-json\/wp\/v2\/comments?post=4322"}],"version-history":[{"count":2,"href":"https:\/\/serveiseducatius.xtec.cat\/vallesoccidental3\/wp-json\/wp\/v2\/posts\/4322\/revisions"}],"predecessor-version":[{"id":4329,"href":"https:\/\/serveiseducatius.xtec.cat\/vallesoccidental3\/wp-json\/wp\/v2\/posts\/4322\/revisions\/4329"}],"wp:featuredmedia":[{"embeddable":true,"href":"https:\/\/serveiseducatius.xtec.cat\/vallesoccidental3\/wp-json\/wp\/v2\/media\/4328"}],"wp:attachment":[{"href":"https:\/\/serveiseducatius.xtec.cat\/vallesoccidental3\/wp-json\/wp\/v2\/media?parent=4322"}],"wp:term":[{"taxonomy":"category","embeddable":true,"href":"https:\/\/serveiseducatius.xtec.cat\/vallesoccidental3\/wp-json\/wp\/v2\/categories?post=4322"},{"taxonomy":"post_tag","embeddable":true,"href":"https:\/\/serveiseducatius.xtec.cat\/vallesoccidental3\/wp-json\/wp\/v2\/tags?post=4322"}],"curies":[{"name":"wp","href":"https:\/\/api.w.org\/{rel}","templated":true}]}}