{"id":4281,"date":"2019-01-30T15:45:53","date_gmt":"2019-01-30T14:45:53","guid":{"rendered":"http:\/\/serveiseducatius.xtec.cat\/vallesoccidental3\/?p=4281"},"modified":"2020-11-30T13:21:18","modified_gmt":"2020-11-30T12:21:18","slug":"trastlab-fem-el-bosc-net","status":"publish","type":"post","link":"https:\/\/serveiseducatius.xtec.cat\/vallesoccidental3\/general\/trastlab-fem-el-bosc-net\/","title":{"rendered":"Trastlab: fem el bosc net"},"content":{"rendered":"<p>Taller d&#8217;estampaci\u00f3 amb pintura, a l&#8217;espai de la <a href=\"https:\/\/bibliotecavirtual.diba.cat\/rubi-biblioteca-mestre-marti-tauler\">Biblioteca Municipal de Rub\u00ed,<\/a> a\u00a0c\u00e0rrec de Cat\u00e0rtic, el proper dia 9 de febrer de 2019.<\/p>\n<p>La import\u00e0ncia de conscienciar als m\u00e9s petits de tenir cura dels nostres boscos tot reciclant, recollint la brossa i sobretot deixant l&#8217;entorn net.<\/p>\n<p>Taller per a infants de 5 a 10 anys, que vol afavorir la creativitat innata de cada individu al mateix temps que maduren la seva conscienciaci\u00f3.<\/p>\n<p><img loading=\"lazy\" decoding=\"async\" class=\"aligncenter size-medium wp-image-4267\" src=\"https:\/\/serveiseducatius.xtec.cat\/vallesoccidental3\/wp-content\/uploads\/usu1147\/2019\/01\/Captura-de-Pantalla-2019-01-17-a-les-15.48.56-300x156.png\" alt=\"\" width=\"300\" height=\"156\" srcset=\"https:\/\/serveiseducatius.xtec.cat\/vallesoccidental3\/wp-content\/uploads\/usu1147\/2019\/01\/Captura-de-Pantalla-2019-01-17-a-les-15.48.56-300x156.png 300w, https:\/\/serveiseducatius.xtec.cat\/vallesoccidental3\/wp-content\/uploads\/usu1147\/2019\/01\/Captura-de-Pantalla-2019-01-17-a-les-15.48.56-768x401.png 768w, https:\/\/serveiseducatius.xtec.cat\/vallesoccidental3\/wp-content\/uploads\/usu1147\/2019\/01\/Captura-de-Pantalla-2019-01-17-a-les-15.48.56-1024x534.png 1024w, https:\/\/serveiseducatius.xtec.cat\/vallesoccidental3\/wp-content\/uploads\/usu1147\/2019\/01\/Captura-de-Pantalla-2019-01-17-a-les-15.48.56.png 1062w\" sizes=\"auto, (max-width: 300px) 100vw, 300px\" \/><\/p>\n<p>Col\u00b7labora: <a href=\"https:\/\/www.facebook.com\/casadorsdetrastets\/\">Ca\u00e7adors de Trastets<\/a><\/p>\n","protected":false},"excerpt":{"rendered":"<p>Taller d&#8217;estampaci\u00f3 amb pintura, a l&#8217;espai de la Biblioteca Municipal de Rub\u00ed, a\u00a0c\u00e0rrec de Cat\u00e0rtic, el proper dia 9 de febrer de 2019. La import\u00e0ncia de conscienciar als m\u00e9s petits de tenir cura dels nostres boscos tot reciclant, recollint la brossa i sobretot deixant l&#8217;entorn net. Taller per a infants de 5 a 10 anys, [&hellip;]<\/p>\n","protected":false},"author":1,"featured_media":0,"comment_status":"open","ping_status":"closed","sticky":false,"template":"","format":"standard","meta":{"_bbp_topic_count":0,"_bbp_reply_count":0,"_bbp_total_topic_count":0,"_bbp_total_reply_count":0,"_bbp_voice_count":0,"_bbp_anonymous_reply_count":0,"_bbp_topic_count_hidden":0,"_bbp_reply_count_hidden":0,"_bbp_forum_subforum_count":0,"site-sidebar-layout":"default","site-content-layout":"","ast-site-content-layout":"","site-content-style":"default","site-sidebar-style":"default","ast-global-header-display":"","ast-banner-title-visibility":"","ast-main-header-display":"","ast-hfb-above-header-display":"","ast-hfb-below-header-display":"","ast-hfb-mobile-header-display":"","site-post-title":"","ast-breadcrumbs-content":"","ast-featured-img":"","footer-sml-layout":"","theme-transparent-header-meta":"","adv-header-id-meta":"","stick-header-meta":"","header-above-stick-meta":"","header-main-stick-meta":"","header-below-stick-meta":"","astra-migrate-meta-layouts":"default","ast-page-background-enabled":"default","ast-page-background-meta":{"desktop":{"background-color":"var(--ast-global-color-4)","background-image":"","background-repeat":"repeat","background-position":"center center","background-size":"auto","background-attachment":"scroll","background-type":"","background-media":"","overlay-type":"","overlay-color":"","overlay-opacity":"","overlay-gradient":""},"tablet":{"background-color":"","background-image":"","background-repeat":"repeat","background-position":"center center","background-size":"auto","background-attachment":"scroll","background-type":"","background-media":"","overlay-type":"","overlay-color":"","overlay-opacity":"","overlay-gradient":""},"mobile":{"background-color":"","background-image":"","background-repeat":"repeat","background-position":"center center","background-size":"auto","background-attachment":"scroll","background-type":"","background-media":"","overlay-type":"","overlay-color":"","overlay-opacity":"","overlay-gradient":""}},"ast-content-background-meta":{"desktop":{"background-color":"var(--ast-global-color-5)","background-image":"","background-repeat":"repeat","background-position":"center center","background-size":"auto","background-attachment":"scroll","background-type":"","background-media":"","overlay-type":"","overlay-color":"","overlay-opacity":"","overlay-gradient":""},"tablet":{"background-color":"var(--ast-global-color-5)","background-image":"","background-repeat":"repeat","background-position":"center center","background-size":"auto","background-attachment":"scroll","background-type":"","background-media":"","overlay-type":"","overlay-color":"","overlay-opacity":"","overlay-gradient":""},"mobile":{"background-color":"var(--ast-global-color-5)","background-image":"","background-repeat":"repeat","background-position":"center center","background-size":"auto","background-attachment":"scroll","background-type":"","background-media":"","overlay-type":"","overlay-color":"","overlay-opacity":"","overlay-gradient":""}},"footnotes":""},"categories":[65,66,1,1099,29,81,800],"tags":[789,788],"class_list":["post-4281","post","type-post","status-publish","format-standard","hentry","category-crp","category-dinamitzacio","category-general","category-institucions-i-entitats","category-portada","category-biblioteca-escolar","category-trastlab","tag-cacador-de-trastets","tag-trastlab"],"post_mailing_queue_ids":[],"_links":{"self":[{"href":"https:\/\/serveiseducatius.xtec.cat\/vallesoccidental3\/wp-json\/wp\/v2\/posts\/4281","targetHints":{"allow":["GET"]}}],"collection":[{"href":"https:\/\/serveiseducatius.xtec.cat\/vallesoccidental3\/wp-json\/wp\/v2\/posts"}],"about":[{"href":"https:\/\/serveiseducatius.xtec.cat\/vallesoccidental3\/wp-json\/wp\/v2\/types\/post"}],"author":[{"embeddable":true,"href":"https:\/\/serveiseducatius.xtec.cat\/vallesoccidental3\/wp-json\/wp\/v2\/users\/1"}],"replies":[{"embeddable":true,"href":"https:\/\/serveiseducatius.xtec.cat\/vallesoccidental3\/wp-json\/wp\/v2\/comments?post=4281"}],"version-history":[{"count":2,"href":"https:\/\/serveiseducatius.xtec.cat\/vallesoccidental3\/wp-json\/wp\/v2\/posts\/4281\/revisions"}],"predecessor-version":[{"id":4284,"href":"https:\/\/serveiseducatius.xtec.cat\/vallesoccidental3\/wp-json\/wp\/v2\/posts\/4281\/revisions\/4284"}],"wp:attachment":[{"href":"https:\/\/serveiseducatius.xtec.cat\/vallesoccidental3\/wp-json\/wp\/v2\/media?parent=4281"}],"wp:term":[{"taxonomy":"category","embeddable":true,"href":"https:\/\/serveiseducatius.xtec.cat\/vallesoccidental3\/wp-json\/wp\/v2\/categories?post=4281"},{"taxonomy":"post_tag","embeddable":true,"href":"https:\/\/serveiseducatius.xtec.cat\/vallesoccidental3\/wp-json\/wp\/v2\/tags?post=4281"}],"curies":[{"name":"wp","href":"https:\/\/api.w.org\/{rel}","templated":true}]}}