{"id":3801,"date":"2018-04-17T16:05:11","date_gmt":"2018-04-17T14:05:11","guid":{"rendered":"http:\/\/serveiseducatius.xtec.cat\/vallesoccidental3\/?p=3801"},"modified":"2018-04-19T18:06:06","modified_gmt":"2018-04-19T16:06:06","slug":"exit-de-la-vi-cantata-escolar-de-rubi","status":"publish","type":"post","link":"https:\/\/serveiseducatius.xtec.cat\/vallesoccidental3\/portada\/exit-de-la-vi-cantata-escolar-de-rubi\/","title":{"rendered":"\u00c8xit de la VI Cantata escolar de Rub\u00ed"},"content":{"rendered":"<div class=\"ast-oembed-container \" style=\"height: 100%;\"><iframe loading=\"lazy\" title=\"VI Cantata escolar de Rub\u00ed (2018)\" width=\"500\" height=\"281\" src=\"https:\/\/www.youtube.com\/embed\/BPGqkbDAm60?feature=oembed\" frameborder=\"0\" allow=\"accelerometer; autoplay; clipboard-write; encrypted-media; gyroscope; picture-in-picture; web-share\" referrerpolicy=\"strict-origin-when-cross-origin\" allowfullscreen><\/iframe><\/div>\n<p>\u00c8xit de la VI Cantata escolar de Rub\u00ed! La proposta &#8220;una escola diferent&#8221;, ens ha arribat al cor i ens ha emocionat.<\/p>\n<p>Moltes gr\u00e0cies a les especialistes de m\u00fasica, als m\u00fasics i a tothom qui ha col\u00b7laborat en l&#8217;organitzaci\u00f3 de l&#8217;activitat,\u00a0 per fer-nos gaudir d&#8217;aquesta jornada tan espectacular. Una vegada m\u00e9s les veus de l&#8217;alumnat de 4t de TOTES les escoles de Rub\u00ed, ens ha fet gaudir d&#8217;un repertori ben triat i fant\u00e0sticament treballat.<\/p>\n<p>Moltes gr\u00e0cies i fins l&#8217;any vinent!<\/p>\n<p><a href=\"https:\/\/photos.app.goo.gl\/1v5QogOPAz1LWBRV2\" target=\"_blank\" rel=\"noopener noreferrer\"><img loading=\"lazy\" decoding=\"async\" class=\"wp-image-3805 alignleft\" src=\"http:\/\/serveiseducatius.xtec.cat\/vallesoccidental3\/wp-content\/uploads\/usu1147\/2018\/04\/2018-04-17-PHOTO-00002066-300x225.jpg\" alt=\"\" width=\"511\" height=\"384\" srcset=\"https:\/\/serveiseducatius.xtec.cat\/vallesoccidental3\/wp-content\/uploads\/usu1147\/2018\/04\/2018-04-17-PHOTO-00002066-300x225.jpg 300w, https:\/\/serveiseducatius.xtec.cat\/vallesoccidental3\/wp-content\/uploads\/usu1147\/2018\/04\/2018-04-17-PHOTO-00002066-768x576.jpg 768w, https:\/\/serveiseducatius.xtec.cat\/vallesoccidental3\/wp-content\/uploads\/usu1147\/2018\/04\/2018-04-17-PHOTO-00002066.jpg 1024w, https:\/\/serveiseducatius.xtec.cat\/vallesoccidental3\/wp-content\/uploads\/usu1147\/2018\/04\/2018-04-17-PHOTO-00002066-200x150.jpg 200w\" sizes=\"auto, (max-width: 511px) 100vw, 511px\" \/><\/a><\/p>\n","protected":false},"excerpt":{"rendered":"<p>\u00c8xit de la VI Cantata escolar de Rub\u00ed! La proposta &#8220;una escola diferent&#8221;, ens ha arribat al cor i ens ha emocionat. Moltes gr\u00e0cies a les especialistes de m\u00fasica, als m\u00fasics i a tothom qui ha col\u00b7laborat en l&#8217;organitzaci\u00f3 de l&#8217;activitat,\u00a0 per fer-nos gaudir d&#8217;aquesta jornada tan espectacular. Una vegada m\u00e9s les veus de l&#8217;alumnat [&hellip;]<\/p>\n","protected":false},"author":1,"featured_media":0,"comment_status":"open","ping_status":"closed","sticky":false,"template":"","format":"standard","meta":{"_bbp_topic_count":0,"_bbp_reply_count":0,"_bbp_total_topic_count":0,"_bbp_total_reply_count":0,"_bbp_voice_count":0,"_bbp_anonymous_reply_count":0,"_bbp_topic_count_hidden":0,"_bbp_reply_count_hidden":0,"_bbp_forum_subforum_count":0,"site-sidebar-layout":"default","site-content-layout":"","ast-site-content-layout":"","site-content-style":"default","site-sidebar-style":"default","ast-global-header-display":"","ast-banner-title-visibility":"","ast-main-header-display":"","ast-hfb-above-header-display":"","ast-hfb-below-header-display":"","ast-hfb-mobile-header-display":"","site-post-title":"","ast-breadcrumbs-content":"","ast-featured-img":"","footer-sml-layout":"","theme-transparent-header-meta":"","adv-header-id-meta":"","stick-header-meta":"","header-above-stick-meta":"","header-main-stick-meta":"","header-below-stick-meta":"","astra-migrate-meta-layouts":"default","ast-page-background-enabled":"default","ast-page-background-meta":{"desktop":{"background-color":"var(--ast-global-color-4)","background-image":"","background-repeat":"repeat","background-position":"center center","background-size":"auto","background-attachment":"scroll","background-type":"","background-media":"","overlay-type":"","overlay-color":"","overlay-opacity":"","overlay-gradient":""},"tablet":{"background-color":"","background-image":"","background-repeat":"repeat","background-position":"center center","background-size":"auto","background-attachment":"scroll","background-type":"","background-media":"","overlay-type":"","overlay-color":"","overlay-opacity":"","overlay-gradient":""},"mobile":{"background-color":"","background-image":"","background-repeat":"repeat","background-position":"center center","background-size":"auto","background-attachment":"scroll","background-type":"","background-media":"","overlay-type":"","overlay-color":"","overlay-opacity":"","overlay-gradient":""}},"ast-content-background-meta":{"desktop":{"background-color":"var(--ast-global-color-5)","background-image":"","background-repeat":"repeat","background-position":"center center","background-size":"auto","background-attachment":"scroll","background-type":"","background-media":"","overlay-type":"","overlay-color":"","overlay-opacity":"","overlay-gradient":""},"tablet":{"background-color":"var(--ast-global-color-5)","background-image":"","background-repeat":"repeat","background-position":"center center","background-size":"auto","background-attachment":"scroll","background-type":"","background-media":"","overlay-type":"","overlay-color":"","overlay-opacity":"","overlay-gradient":""},"mobile":{"background-color":"var(--ast-global-color-5)","background-image":"","background-repeat":"repeat","background-position":"center center","background-size":"auto","background-attachment":"scroll","background-type":"","background-media":"","overlay-type":"","overlay-color":"","overlay-opacity":"","overlay-gradient":""}},"footnotes":""},"categories":[70,65,66,29],"tags":[327,621,622,329,625,626,627,265,628],"class_list":["post-3801","post","type-post","status-publish","format-standard","hentry","category-cantata-escolar","category-crp","category-dinamitzacio","category-portada","tag-cantata","tag-cantata-escolar","tag-cantata-rubi","tag-escolar","tag-escolar-rubi","tag-mestre-de-musica-rubi","tag-mestres-de-musica","tag-rubi","tag-rubinencs"],"post_mailing_queue_ids":[],"_links":{"self":[{"href":"https:\/\/serveiseducatius.xtec.cat\/vallesoccidental3\/wp-json\/wp\/v2\/posts\/3801","targetHints":{"allow":["GET"]}}],"collection":[{"href":"https:\/\/serveiseducatius.xtec.cat\/vallesoccidental3\/wp-json\/wp\/v2\/posts"}],"about":[{"href":"https:\/\/serveiseducatius.xtec.cat\/vallesoccidental3\/wp-json\/wp\/v2\/types\/post"}],"author":[{"embeddable":true,"href":"https:\/\/serveiseducatius.xtec.cat\/vallesoccidental3\/wp-json\/wp\/v2\/users\/1"}],"replies":[{"embeddable":true,"href":"https:\/\/serveiseducatius.xtec.cat\/vallesoccidental3\/wp-json\/wp\/v2\/comments?post=3801"}],"version-history":[{"count":4,"href":"https:\/\/serveiseducatius.xtec.cat\/vallesoccidental3\/wp-json\/wp\/v2\/posts\/3801\/revisions"}],"predecessor-version":[{"id":3811,"href":"https:\/\/serveiseducatius.xtec.cat\/vallesoccidental3\/wp-json\/wp\/v2\/posts\/3801\/revisions\/3811"}],"wp:attachment":[{"href":"https:\/\/serveiseducatius.xtec.cat\/vallesoccidental3\/wp-json\/wp\/v2\/media?parent=3801"}],"wp:term":[{"taxonomy":"category","embeddable":true,"href":"https:\/\/serveiseducatius.xtec.cat\/vallesoccidental3\/wp-json\/wp\/v2\/categories?post=3801"},{"taxonomy":"post_tag","embeddable":true,"href":"https:\/\/serveiseducatius.xtec.cat\/vallesoccidental3\/wp-json\/wp\/v2\/tags?post=3801"}],"curies":[{"name":"wp","href":"https:\/\/api.w.org\/{rel}","templated":true}]}}