{"id":3741,"date":"2018-04-16T13:03:45","date_gmt":"2018-04-16T11:03:45","guid":{"rendered":"http:\/\/serveiseducatius.xtec.cat\/vallesoccidental3\/?p=3741"},"modified":"2018-04-26T06:21:05","modified_gmt":"2018-04-26T04:21:05","slug":"lobservacio-dels-infants","status":"publish","type":"post","link":"https:\/\/serveiseducatius.xtec.cat\/vallesoccidental3\/general\/lobservacio-dels-infants\/","title":{"rendered":"L&#8217;observaci\u00f3 dels infants"},"content":{"rendered":"<p>En Josep Mu\u00f1oz, psic\u00f2leg i director de l&#8217;EAP de Rub\u00ed, la neuropsic\u00f2loga Bego\u00f1a Magri\u00f1\u00e0 i la psic\u00f2loga cl\u00ednica Trini P\u00e9rez del CEDIAP-DAPSI de Rub\u00ed.<br \/>\nTres mirades expertes que ens han acompanyat al seminari d&#8217;escoles bressol per aprofundir en la necessitat d&#8217;observar als infants, una observaci\u00f3 sistem\u00e0tica que ens ajudi a avaluar per adaptar les nostres estrat\u00e8gies pedag\u00f2giques i acompanyar als infants en el seu desenvolupament a partir de les necessitats detectades.<br \/>\nEns han aportat eines i estrat\u00e8gies que ens ajudin en la nostra acci\u00f3 educativa, per treballar amb els infants i amb l&#8217;acompanyament de les fam\u00edlies.<br \/>\n<img loading=\"lazy\" decoding=\"async\" class=\"aligncenter wp-image-3744\" src=\"http:\/\/serveiseducatius.xtec.cat\/vallesoccidental3\/wp-content\/uploads\/usu1147\/2018\/04\/bres1IMG_20180319_173026-1024x575.jpg\" alt=\"\" width=\"548\" height=\"308\" srcset=\"https:\/\/serveiseducatius.xtec.cat\/vallesoccidental3\/wp-content\/uploads\/usu1147\/2018\/04\/bres1IMG_20180319_173026-1024x575.jpg 1024w, https:\/\/serveiseducatius.xtec.cat\/vallesoccidental3\/wp-content\/uploads\/usu1147\/2018\/04\/bres1IMG_20180319_173026-300x169.jpg 300w, https:\/\/serveiseducatius.xtec.cat\/vallesoccidental3\/wp-content\/uploads\/usu1147\/2018\/04\/bres1IMG_20180319_173026-768x431.jpg 768w, https:\/\/serveiseducatius.xtec.cat\/vallesoccidental3\/wp-content\/uploads\/usu1147\/2018\/04\/bres1IMG_20180319_173026.jpg 1855w\" sizes=\"auto, (max-width: 548px) 100vw, 548px\" \/><\/p>\n<p style=\"text-align: center;\"><a href=\"https:\/\/photos.app.goo.gl\/ocSAiT8GxzMPAkAn1\" target=\"_blank\" rel=\"noopener noreferrer\">(fotos de la sessi\u00f3)<\/a><\/p>\n<p>Aqu\u00ed trobareu els materials que ens vam compartir els ponents:<\/p>\n<p>Presentaci\u00f3: <a href=\"http:\/\/serveiseducatius.xtec.cat\/vallesoccidental3\/wp-content\/uploads\/usu1147\/2018\/04\/L\u2019OBSERVACI\u00d3-A-L\u2019ESCOLA-BRESSOL.pdf\" target=\"_blank\" rel=\"noopener noreferrer\">L&#8217;observaci\u00f3 dels infants.<\/a> Josep Mu\u00f1oz<\/p>\n<p>Presentaci\u00f3:\u00a0<a href=\"http:\/\/serveiseducatius.xtec.cat\/vallesoccidental3\/wp-content\/uploads\/usu1147\/2018\/04\/PROTOCOL-observaci\u00f3-CEDIAP-dapsi.pdf\" target=\"_blank\" rel=\"noopener noreferrer\">Protocol\u00a0detecci\u00f3 de trastorns en el desenvolupament de l&#8217;infant de 0 a 5 anys<\/a>. Diversos autors<\/p>\n<p>&nbsp;<\/p>\n","protected":false},"excerpt":{"rendered":"<p>En Josep Mu\u00f1oz, psic\u00f2leg i director de l&#8217;EAP de Rub\u00ed, la neuropsic\u00f2loga Bego\u00f1a Magri\u00f1\u00e0 i la psic\u00f2loga cl\u00ednica Trini P\u00e9rez del CEDIAP-DAPSI de Rub\u00ed. Tres mirades expertes que ens han acompanyat al seminari d&#8217;escoles bressol per aprofundir en la necessitat d&#8217;observar als infants, una observaci\u00f3 sistem\u00e0tica que ens ajudi a avaluar per adaptar les nostres [&hellip;]<\/p>\n","protected":false},"author":1,"featured_media":3744,"comment_status":"open","ping_status":"closed","sticky":false,"template":"","format":"standard","meta":{"_bbp_topic_count":0,"_bbp_reply_count":0,"_bbp_total_topic_count":0,"_bbp_total_reply_count":0,"_bbp_voice_count":0,"_bbp_anonymous_reply_count":0,"_bbp_topic_count_hidden":0,"_bbp_reply_count_hidden":0,"_bbp_forum_subforum_count":0,"site-sidebar-layout":"default","site-content-layout":"","ast-site-content-layout":"","site-content-style":"default","site-sidebar-style":"default","ast-global-header-display":"","ast-banner-title-visibility":"","ast-main-header-display":"","ast-hfb-above-header-display":"","ast-hfb-below-header-display":"","ast-hfb-mobile-header-display":"","site-post-title":"","ast-breadcrumbs-content":"","ast-featured-img":"","footer-sml-layout":"","theme-transparent-header-meta":"","adv-header-id-meta":"","stick-header-meta":"","header-above-stick-meta":"","header-main-stick-meta":"","header-below-stick-meta":"","astra-migrate-meta-layouts":"default","ast-page-background-enabled":"default","ast-page-background-meta":{"desktop":{"background-color":"var(--ast-global-color-4)","background-image":"","background-repeat":"repeat","background-position":"center center","background-size":"auto","background-attachment":"scroll","background-type":"","background-media":"","overlay-type":"","overlay-color":"","overlay-opacity":"","overlay-gradient":""},"tablet":{"background-color":"","background-image":"","background-repeat":"repeat","background-position":"center center","background-size":"auto","background-attachment":"scroll","background-type":"","background-media":"","overlay-type":"","overlay-color":"","overlay-opacity":"","overlay-gradient":""},"mobile":{"background-color":"","background-image":"","background-repeat":"repeat","background-position":"center center","background-size":"auto","background-attachment":"scroll","background-type":"","background-media":"","overlay-type":"","overlay-color":"","overlay-opacity":"","overlay-gradient":""}},"ast-content-background-meta":{"desktop":{"background-color":"var(--ast-global-color-5)","background-image":"","background-repeat":"repeat","background-position":"center center","background-size":"auto","background-attachment":"scroll","background-type":"","background-media":"","overlay-type":"","overlay-color":"","overlay-opacity":"","overlay-gradient":""},"tablet":{"background-color":"var(--ast-global-color-5)","background-image":"","background-repeat":"repeat","background-position":"center center","background-size":"auto","background-attachment":"scroll","background-type":"","background-media":"","overlay-type":"","overlay-color":"","overlay-opacity":"","overlay-gradient":""},"mobile":{"background-color":"var(--ast-global-color-5)","background-image":"","background-repeat":"repeat","background-position":"center center","background-size":"auto","background-attachment":"scroll","background-type":"","background-media":"","overlay-type":"","overlay-color":"","overlay-opacity":"","overlay-gradient":""}},"footnotes":""},"categories":[201,1,29],"tags":[609,536,610,608],"class_list":["post-3741","post","type-post","status-publish","format-standard","has-post-thumbnail","hentry","category-bressoles","category-general","category-portada","tag-avaluacio-formativa","tag-escola-bressol","tag-observacio-dels-infants","tag-observacio-sistematica"],"post_mailing_queue_ids":[],"_links":{"self":[{"href":"https:\/\/serveiseducatius.xtec.cat\/vallesoccidental3\/wp-json\/wp\/v2\/posts\/3741","targetHints":{"allow":["GET"]}}],"collection":[{"href":"https:\/\/serveiseducatius.xtec.cat\/vallesoccidental3\/wp-json\/wp\/v2\/posts"}],"about":[{"href":"https:\/\/serveiseducatius.xtec.cat\/vallesoccidental3\/wp-json\/wp\/v2\/types\/post"}],"author":[{"embeddable":true,"href":"https:\/\/serveiseducatius.xtec.cat\/vallesoccidental3\/wp-json\/wp\/v2\/users\/1"}],"replies":[{"embeddable":true,"href":"https:\/\/serveiseducatius.xtec.cat\/vallesoccidental3\/wp-json\/wp\/v2\/comments?post=3741"}],"version-history":[{"count":3,"href":"https:\/\/serveiseducatius.xtec.cat\/vallesoccidental3\/wp-json\/wp\/v2\/posts\/3741\/revisions"}],"predecessor-version":[{"id":3832,"href":"https:\/\/serveiseducatius.xtec.cat\/vallesoccidental3\/wp-json\/wp\/v2\/posts\/3741\/revisions\/3832"}],"wp:featuredmedia":[{"embeddable":true,"href":"https:\/\/serveiseducatius.xtec.cat\/vallesoccidental3\/wp-json\/wp\/v2\/media\/3744"}],"wp:attachment":[{"href":"https:\/\/serveiseducatius.xtec.cat\/vallesoccidental3\/wp-json\/wp\/v2\/media?parent=3741"}],"wp:term":[{"taxonomy":"category","embeddable":true,"href":"https:\/\/serveiseducatius.xtec.cat\/vallesoccidental3\/wp-json\/wp\/v2\/categories?post=3741"},{"taxonomy":"post_tag","embeddable":true,"href":"https:\/\/serveiseducatius.xtec.cat\/vallesoccidental3\/wp-json\/wp\/v2\/tags?post=3741"}],"curies":[{"name":"wp","href":"https:\/\/api.w.org\/{rel}","templated":true}]}}