{"id":3350,"date":"2017-10-27T17:14:36","date_gmt":"2017-10-27T15:14:36","guid":{"rendered":"http:\/\/serveiseducatius.xtec.cat\/vallesoccidental3\/?p=3350"},"modified":"2020-11-21T15:41:36","modified_gmt":"2020-11-21T14:41:36","slug":"programa-hipatia-curs-17-18","status":"publish","type":"post","link":"https:\/\/serveiseducatius.xtec.cat\/vallesoccidental3\/portada\/programa-hipatia-curs-17-18\/","title":{"rendered":"Programa Hip\u00e0tia. Curs 17-18"},"content":{"rendered":"<h6><a href=\"https:\/\/sites.google.com\/site\/programahipatiavoc\/home\" target=\"_blank\" rel=\"noopener noreferrer\">SESSI\u00d3 INICIAL SEMINARI HIP\u00c0TIA: DILLUNS 23 D&#8217;OCTUBRE<\/a><\/h6>\n<div>\n<div>\n<div dir=\"ltr\">\n<div><\/div>\n<div>Confer\u00e8ncia: \u00a0\u00a0L\u2019avaluaci\u00f3 de la compet\u00e8ncia matem\u00e0tica des del punt de vista internacional de la IEA (TIMSS) i l\u2019OCDE (PISA)\u00a0a c\u00e0rrec de l&#8217;inspector Sr. Lloren\u00e7 Rosell\u00f3.<\/div>\n<div><\/div>\n<blockquote>\n<div>Descripci\u00f3 del contingut: La compet\u00e8ncia matem\u00e0tica s\u2019avalua peri\u00f2dicament per dues institucions internacionals de reconegut prestigi: la IEA i l\u2019OCDE. Un dels reptes principals \u00e9s fer una avaluaci\u00f3 o prova que mesuri el grau d\u2019assoliment d\u2019aquesta compet\u00e8ncia i que aquesta mesura serveixi per comparar els diferents sistemes educatius del m\u00f3n. En aquesta sessi\u00f3 farem una aproximaci\u00f3 al marc conceptual i les t\u00e8cniques utilitzades per fer aquestes avaluacions.<\/div>\n<div><\/div>\n<div>Lloc: Institut Federica Montseny<\/div>\n<\/blockquote>\n<\/div>\n<\/div>\n<\/div>\n","protected":false},"excerpt":{"rendered":"<p>SESSI\u00d3 INICIAL SEMINARI HIP\u00c0TIA: DILLUNS 23 D&#8217;OCTUBRE Confer\u00e8ncia: \u00a0\u00a0L\u2019avaluaci\u00f3 de la compet\u00e8ncia matem\u00e0tica des del punt de vista internacional de la IEA (TIMSS) i l\u2019OCDE (PISA)\u00a0a c\u00e0rrec de l&#8217;inspector Sr. Lloren\u00e7 Rosell\u00f3. Descripci\u00f3 del contingut: La compet\u00e8ncia matem\u00e0tica s\u2019avalua peri\u00f2dicament per dues institucions internacionals de reconegut prestigi: la IEA i l\u2019OCDE. Un dels reptes principals [&hellip;]<\/p>\n","protected":false},"author":1,"featured_media":0,"comment_status":"open","ping_status":"closed","sticky":false,"template":"","format":"standard","meta":{"_bbp_topic_count":0,"_bbp_reply_count":0,"_bbp_total_topic_count":0,"_bbp_total_reply_count":0,"_bbp_voice_count":0,"_bbp_anonymous_reply_count":0,"_bbp_topic_count_hidden":0,"_bbp_reply_count_hidden":0,"_bbp_forum_subforum_count":0,"site-sidebar-layout":"default","site-content-layout":"","ast-site-content-layout":"","site-content-style":"default","site-sidebar-style":"default","ast-global-header-display":"","ast-banner-title-visibility":"","ast-main-header-display":"","ast-hfb-above-header-display":"","ast-hfb-below-header-display":"","ast-hfb-mobile-header-display":"","site-post-title":"","ast-breadcrumbs-content":"","ast-featured-img":"","footer-sml-layout":"","theme-transparent-header-meta":"","adv-header-id-meta":"","stick-header-meta":"","header-above-stick-meta":"","header-main-stick-meta":"","header-below-stick-meta":"","astra-migrate-meta-layouts":"default","ast-page-background-enabled":"default","ast-page-background-meta":{"desktop":{"background-color":"var(--ast-global-color-4)","background-image":"","background-repeat":"repeat","background-position":"center center","background-size":"auto","background-attachment":"scroll","background-type":"","background-media":"","overlay-type":"","overlay-color":"","overlay-opacity":"","overlay-gradient":""},"tablet":{"background-color":"","background-image":"","background-repeat":"repeat","background-position":"center center","background-size":"auto","background-attachment":"scroll","background-type":"","background-media":"","overlay-type":"","overlay-color":"","overlay-opacity":"","overlay-gradient":""},"mobile":{"background-color":"","background-image":"","background-repeat":"repeat","background-position":"center center","background-size":"auto","background-attachment":"scroll","background-type":"","background-media":"","overlay-type":"","overlay-color":"","overlay-opacity":"","overlay-gradient":""}},"ast-content-background-meta":{"desktop":{"background-color":"var(--ast-global-color-5)","background-image":"","background-repeat":"repeat","background-position":"center center","background-size":"auto","background-attachment":"scroll","background-type":"","background-media":"","overlay-type":"","overlay-color":"","overlay-opacity":"","overlay-gradient":""},"tablet":{"background-color":"var(--ast-global-color-5)","background-image":"","background-repeat":"repeat","background-position":"center center","background-size":"auto","background-attachment":"scroll","background-type":"","background-media":"","overlay-type":"","overlay-color":"","overlay-opacity":"","overlay-gradient":""},"mobile":{"background-color":"var(--ast-global-color-5)","background-image":"","background-repeat":"repeat","background-position":"center center","background-size":"auto","background-attachment":"scroll","background-type":"","background-media":"","overlay-type":"","overlay-color":"","overlay-opacity":"","overlay-gradient":""}},"footnotes":""},"categories":[29],"tags":[157],"class_list":["post-3350","post","type-post","status-publish","format-standard","hentry","category-portada","tag-competencies-basiques"],"post_mailing_queue_ids":[],"_links":{"self":[{"href":"https:\/\/serveiseducatius.xtec.cat\/vallesoccidental3\/wp-json\/wp\/v2\/posts\/3350","targetHints":{"allow":["GET"]}}],"collection":[{"href":"https:\/\/serveiseducatius.xtec.cat\/vallesoccidental3\/wp-json\/wp\/v2\/posts"}],"about":[{"href":"https:\/\/serveiseducatius.xtec.cat\/vallesoccidental3\/wp-json\/wp\/v2\/types\/post"}],"author":[{"embeddable":true,"href":"https:\/\/serveiseducatius.xtec.cat\/vallesoccidental3\/wp-json\/wp\/v2\/users\/1"}],"replies":[{"embeddable":true,"href":"https:\/\/serveiseducatius.xtec.cat\/vallesoccidental3\/wp-json\/wp\/v2\/comments?post=3350"}],"version-history":[{"count":2,"href":"https:\/\/serveiseducatius.xtec.cat\/vallesoccidental3\/wp-json\/wp\/v2\/posts\/3350\/revisions"}],"predecessor-version":[{"id":3352,"href":"https:\/\/serveiseducatius.xtec.cat\/vallesoccidental3\/wp-json\/wp\/v2\/posts\/3350\/revisions\/3352"}],"wp:attachment":[{"href":"https:\/\/serveiseducatius.xtec.cat\/vallesoccidental3\/wp-json\/wp\/v2\/media?parent=3350"}],"wp:term":[{"taxonomy":"category","embeddable":true,"href":"https:\/\/serveiseducatius.xtec.cat\/vallesoccidental3\/wp-json\/wp\/v2\/categories?post=3350"},{"taxonomy":"post_tag","embeddable":true,"href":"https:\/\/serveiseducatius.xtec.cat\/vallesoccidental3\/wp-json\/wp\/v2\/tags?post=3350"}],"curies":[{"name":"wp","href":"https:\/\/api.w.org\/{rel}","templated":true}]}}