{"id":3008,"date":"2017-05-29T14:06:51","date_gmt":"2017-05-29T12:06:51","guid":{"rendered":"http:\/\/serveiseducatius.xtec.cat\/vallesoccidental3\/?p=3008"},"modified":"2017-05-29T14:10:26","modified_gmt":"2017-05-29T12:10:26","slug":"vi-jornada-per-leducacio-no-sexista","status":"publish","type":"post","link":"https:\/\/serveiseducatius.xtec.cat\/vallesoccidental3\/general\/vi-jornada-per-leducacio-no-sexista\/","title":{"rendered":"VI Jornada per l&#8217;educaci\u00f3 no sexista"},"content":{"rendered":"<p><img loading=\"lazy\" decoding=\"async\" class=\"aligncenter size-full wp-image-3007\" src=\"http:\/\/serveiseducatius.xtec.cat\/vallesoccidental3\/wp-content\/uploads\/usu1147\/2017\/05\/ednosexista.jpg\" alt=\"ednosexista\" width=\"601\" height=\"246\" srcset=\"https:\/\/serveiseducatius.xtec.cat\/vallesoccidental3\/wp-content\/uploads\/usu1147\/2017\/05\/ednosexista.jpg 601w, https:\/\/serveiseducatius.xtec.cat\/vallesoccidental3\/wp-content\/uploads\/usu1147\/2017\/05\/ednosexista-300x123.jpg 300w\" sizes=\"auto, (max-width: 601px) 100vw, 601px\" \/><\/p>\n<p>Aquesta jornada, que es realitza conjuntament pel Departament d\u2019Ensenyament i l\u2019Institut Catal\u00e0 de les Dones, est\u00e0 dedicada a la posada en com\u00fa dels aspectes m\u00e9s rellevants en l\u2019avan\u00e7 cap a la igualtat de g\u00e8nere en el sistema educatiu, aix\u00ed com l\u2019intercanvi d\u2019experi\u00e8ncies coeducatives que es realitzen tant a nivell d\u2019aula com de centre i comunitat educativa. Est\u00e0 especialment adre\u00e7ada als mestres d\u2019infantil i prim\u00e0ria i al professorat de secund\u00e0ria, cicles formatius i formaci\u00f3 d\u2019adults, per\u00f2 tamb\u00e9 est\u00e0 oberta a altres professionals interessats en la tem\u00e0tica.<\/p>\n<p>Data: 27 de juny de 2017<\/p>\n<p>Horari: de 9 a 14h<\/p>\n<p>Lloc: Sala d\u2019actes de l\u2019IES Mil\u00e0 i Fontanals (Barcelona)<\/p>\n<div dir=\"ltr\"><\/div>\n<div dir=\"ltr\"><span style=\"font-size: 12pt;\"><span style=\"font-family: Arial;\">Codi de l&#8217;activitat:<\/span><span style=\"font-family: Arial;\">\u00a0<a href=\"tel:%28900%29%20246-0541\" target=\"_blank\">9002460541<\/a><\/span><\/span><\/div>\n<div dir=\"ltr\"><span style=\"font-size: 12pt;\"><span style=\"font-family: Arial;\"><br \/>\n<\/span><span style=\"font-family: Arial;\">Inscripci\u00f3 : del 22 de maig al 18 de juny. Inscripci\u00f3\u00a0<a href=\"https:\/\/aplicacions.gestioeducativa.gencat.cat\/pls\/soloas\/pk_for_mod_ins.p_for_pre_cons_activitats?p_any=2016-2017&amp;p_codi=9002460541\" target=\"_blank\" data-saferedirecturl=\"https:\/\/www.google.com\/url?hl=ca&amp;q=https:\/\/aplicacions.gestioeducativa.gencat.cat\/pls\/soloas\/pk_for_mod_ins.p_for_pre_cons_activitats?p_any%3D2016-2017%26p_codi%3D9002460541&amp;source=gmail&amp;ust=1496130818519000&amp;usg=AFQjCNGutYO6yIN1aPMHoD-B4kgFPGGlwQ\">aqu\u00ed<\/a><\/span><\/span><\/div>\n","protected":false},"excerpt":{"rendered":"<p>Aquesta jornada, que es realitza conjuntament pel Departament d\u2019Ensenyament i l\u2019Institut Catal\u00e0 de les Dones, est\u00e0 dedicada a la posada en com\u00fa dels aspectes m\u00e9s rellevants en l\u2019avan\u00e7 cap a la igualtat de g\u00e8nere en el sistema educatiu, aix\u00ed com l\u2019intercanvi d\u2019experi\u00e8ncies coeducatives que es realitzen tant a nivell d\u2019aula com de centre i comunitat [&hellip;]<\/p>\n","protected":false},"author":1,"featured_media":3007,"comment_status":"open","ping_status":"closed","sticky":false,"template":"","format":"standard","meta":{"_bbp_topic_count":0,"_bbp_reply_count":0,"_bbp_total_topic_count":0,"_bbp_total_reply_count":0,"_bbp_voice_count":0,"_bbp_anonymous_reply_count":0,"_bbp_topic_count_hidden":0,"_bbp_reply_count_hidden":0,"_bbp_forum_subforum_count":0,"site-sidebar-layout":"default","site-content-layout":"","ast-site-content-layout":"","site-content-style":"default","site-sidebar-style":"default","ast-global-header-display":"","ast-banner-title-visibility":"","ast-main-header-display":"","ast-hfb-above-header-display":"","ast-hfb-below-header-display":"","ast-hfb-mobile-header-display":"","site-post-title":"","ast-breadcrumbs-content":"","ast-featured-img":"","footer-sml-layout":"","theme-transparent-header-meta":"","adv-header-id-meta":"","stick-header-meta":"","header-above-stick-meta":"","header-main-stick-meta":"","header-below-stick-meta":"","astra-migrate-meta-layouts":"default","ast-page-background-enabled":"default","ast-page-background-meta":{"desktop":{"background-color":"var(--ast-global-color-4)","background-image":"","background-repeat":"repeat","background-position":"center center","background-size":"auto","background-attachment":"scroll","background-type":"","background-media":"","overlay-type":"","overlay-color":"","overlay-opacity":"","overlay-gradient":""},"tablet":{"background-color":"","background-image":"","background-repeat":"repeat","background-position":"center center","background-size":"auto","background-attachment":"scroll","background-type":"","background-media":"","overlay-type":"","overlay-color":"","overlay-opacity":"","overlay-gradient":""},"mobile":{"background-color":"","background-image":"","background-repeat":"repeat","background-position":"center center","background-size":"auto","background-attachment":"scroll","background-type":"","background-media":"","overlay-type":"","overlay-color":"","overlay-opacity":"","overlay-gradient":""}},"ast-content-background-meta":{"desktop":{"background-color":"var(--ast-global-color-5)","background-image":"","background-repeat":"repeat","background-position":"center center","background-size":"auto","background-attachment":"scroll","background-type":"","background-media":"","overlay-type":"","overlay-color":"","overlay-opacity":"","overlay-gradient":""},"tablet":{"background-color":"var(--ast-global-color-5)","background-image":"","background-repeat":"repeat","background-position":"center center","background-size":"auto","background-attachment":"scroll","background-type":"","background-media":"","overlay-type":"","overlay-color":"","overlay-opacity":"","overlay-gradient":""},"mobile":{"background-color":"var(--ast-global-color-5)","background-image":"","background-repeat":"repeat","background-position":"center center","background-size":"auto","background-attachment":"scroll","background-type":"","background-media":"","overlay-type":"","overlay-color":"","overlay-opacity":"","overlay-gradient":""}},"footnotes":""},"categories":[1,29],"tags":[158,353],"class_list":["post-3008","post","type-post","status-publish","format-standard","has-post-thumbnail","hentry","category-general","category-portada","tag-coeducacio","tag-educacio-no-sexista"],"post_mailing_queue_ids":[],"_links":{"self":[{"href":"https:\/\/serveiseducatius.xtec.cat\/vallesoccidental3\/wp-json\/wp\/v2\/posts\/3008","targetHints":{"allow":["GET"]}}],"collection":[{"href":"https:\/\/serveiseducatius.xtec.cat\/vallesoccidental3\/wp-json\/wp\/v2\/posts"}],"about":[{"href":"https:\/\/serveiseducatius.xtec.cat\/vallesoccidental3\/wp-json\/wp\/v2\/types\/post"}],"author":[{"embeddable":true,"href":"https:\/\/serveiseducatius.xtec.cat\/vallesoccidental3\/wp-json\/wp\/v2\/users\/1"}],"replies":[{"embeddable":true,"href":"https:\/\/serveiseducatius.xtec.cat\/vallesoccidental3\/wp-json\/wp\/v2\/comments?post=3008"}],"version-history":[{"count":2,"href":"https:\/\/serveiseducatius.xtec.cat\/vallesoccidental3\/wp-json\/wp\/v2\/posts\/3008\/revisions"}],"predecessor-version":[{"id":3010,"href":"https:\/\/serveiseducatius.xtec.cat\/vallesoccidental3\/wp-json\/wp\/v2\/posts\/3008\/revisions\/3010"}],"wp:featuredmedia":[{"embeddable":true,"href":"https:\/\/serveiseducatius.xtec.cat\/vallesoccidental3\/wp-json\/wp\/v2\/media\/3007"}],"wp:attachment":[{"href":"https:\/\/serveiseducatius.xtec.cat\/vallesoccidental3\/wp-json\/wp\/v2\/media?parent=3008"}],"wp:term":[{"taxonomy":"category","embeddable":true,"href":"https:\/\/serveiseducatius.xtec.cat\/vallesoccidental3\/wp-json\/wp\/v2\/categories?post=3008"},{"taxonomy":"post_tag","embeddable":true,"href":"https:\/\/serveiseducatius.xtec.cat\/vallesoccidental3\/wp-json\/wp\/v2\/tags?post=3008"}],"curies":[{"name":"wp","href":"https:\/\/api.w.org\/{rel}","templated":true}]}}