{"id":2889,"date":"2017-04-07T10:51:07","date_gmt":"2017-04-07T08:51:07","guid":{"rendered":"http:\/\/serveiseducatius.xtec.cat\/vallesoccidental3\/?p=2889"},"modified":"2017-05-05T10:57:53","modified_gmt":"2017-05-05T08:57:53","slug":"llegim-i-recomanem-als-aparadors-de-rubi-2017","status":"publish","type":"post","link":"https:\/\/serveiseducatius.xtec.cat\/vallesoccidental3\/pee\/llegim-i-recomanem-als-aparadors-de-rubi-2017\/","title":{"rendered":"Llegim i recomanem als aparadors de Rub\u00ed 2017"},"content":{"rendered":"<p style=\"text-align: left;\">La Xarxa de biblioteques escolars, junt amb el Pla Educatiu d&#8217;Entorn, el Pla de Formaci\u00f3 de Zona i els comerciants de Rub\u00ed Centre Comercial ja estan posant en marxa al CRP\u00a0 les recomanacions de llibres que enguany han preparat els nostres lectors\/es dels centres escolars. N&#8217;hem rebut m\u00e9s de 300!<\/p>\n<div class=\"separator\"><a href=\"https:\/\/3.bp.blogspot.com\/-CHgU7wMm2RY\/WNpTdUvDeBI\/AAAAAAAABZU\/vj8I83uqIp0Ks4cJA9Jq_LhDLYnA3hqNgCLcB\/s1600\/IMG_20170321_141931.jpg\"><img loading=\"lazy\" decoding=\"async\" class=\"aligncenter\" src=\"https:\/\/3.bp.blogspot.com\/-CHgU7wMm2RY\/WNpTdUvDeBI\/AAAAAAAABZU\/vj8I83uqIp0Ks4cJA9Jq_LhDLYnA3hqNgCLcB\/s320\/IMG_20170321_141931.jpg\" width=\"320\" height=\"180\" border=\"0\" \/><\/a><\/div>\n<p>Les volunt\u00e0ries les repartiran per m\u00e9s de 80 botigues del centre de Rub\u00ed i de les zones de ca n&#8217;Oriol i Monturiol Progr\u00e9s. A les botigues s&#8217;exposaran als aparadors des del 10 d&#8217;abril fins passat Sant Jordi, el 25.<br \/>\nEl 26 d&#8217;abril es far\u00e0 la recollida als comer\u00e7os i a partir del 8 de maig els centres escolars participants podreu tornar a recollir els vostres llibres al CRP de Rub\u00ed.<\/p>\n<p>Esperem que tots i totes pugueu passejar i gaudir de la lectura amb aquestes recomanacions dels infants i joves.<\/p>\n","protected":false},"excerpt":{"rendered":"<p>La Xarxa de biblioteques escolars, junt amb el Pla Educatiu d&#8217;Entorn, el Pla de Formaci\u00f3 de Zona i els comerciants de Rub\u00ed Centre Comercial ja estan posant en marxa al CRP\u00a0 les recomanacions de llibres que enguany han preparat els nostres lectors\/es dels centres escolars. N&#8217;hem rebut m\u00e9s de 300! Les volunt\u00e0ries les repartiran per [&hellip;]<\/p>\n","protected":false},"author":1,"featured_media":2891,"comment_status":"open","ping_status":"open","sticky":false,"template":"","format":"standard","meta":{"_bbp_topic_count":0,"_bbp_reply_count":0,"_bbp_total_topic_count":0,"_bbp_total_reply_count":0,"_bbp_voice_count":0,"_bbp_anonymous_reply_count":0,"_bbp_topic_count_hidden":0,"_bbp_reply_count_hidden":0,"_bbp_forum_subforum_count":0,"site-sidebar-layout":"default","site-content-layout":"","ast-site-content-layout":"","site-content-style":"default","site-sidebar-style":"default","ast-global-header-display":"","ast-banner-title-visibility":"","ast-main-header-display":"","ast-hfb-above-header-display":"","ast-hfb-below-header-display":"","ast-hfb-mobile-header-display":"","site-post-title":"","ast-breadcrumbs-content":"","ast-featured-img":"","footer-sml-layout":"","theme-transparent-header-meta":"","adv-header-id-meta":"","stick-header-meta":"","header-above-stick-meta":"","header-main-stick-meta":"","header-below-stick-meta":"","astra-migrate-meta-layouts":"default","ast-page-background-enabled":"default","ast-page-background-meta":{"desktop":{"background-color":"var(--ast-global-color-4)","background-image":"","background-repeat":"repeat","background-position":"center center","background-size":"auto","background-attachment":"scroll","background-type":"","background-media":"","overlay-type":"","overlay-color":"","overlay-opacity":"","overlay-gradient":""},"tablet":{"background-color":"","background-image":"","background-repeat":"repeat","background-position":"center center","background-size":"auto","background-attachment":"scroll","background-type":"","background-media":"","overlay-type":"","overlay-color":"","overlay-opacity":"","overlay-gradient":""},"mobile":{"background-color":"","background-image":"","background-repeat":"repeat","background-position":"center center","background-size":"auto","background-attachment":"scroll","background-type":"","background-media":"","overlay-type":"","overlay-color":"","overlay-opacity":"","overlay-gradient":""}},"ast-content-background-meta":{"desktop":{"background-color":"var(--ast-global-color-5)","background-image":"","background-repeat":"repeat","background-position":"center center","background-size":"auto","background-attachment":"scroll","background-type":"","background-media":"","overlay-type":"","overlay-color":"","overlay-opacity":"","overlay-gradient":""},"tablet":{"background-color":"var(--ast-global-color-5)","background-image":"","background-repeat":"repeat","background-position":"center center","background-size":"auto","background-attachment":"scroll","background-type":"","background-media":"","overlay-type":"","overlay-color":"","overlay-opacity":"","overlay-gradient":""},"mobile":{"background-color":"var(--ast-global-color-5)","background-image":"","background-repeat":"repeat","background-position":"center center","background-size":"auto","background-attachment":"scroll","background-type":"","background-media":"","overlay-type":"","overlay-color":"","overlay-opacity":"","overlay-gradient":""}},"footnotes":""},"categories":[75,81],"tags":[271,334,147,220],"class_list":["post-2889","post","type-post","status-publish","format-standard","has-post-thumbnail","hentry","category-pee","category-biblioteca-escolar","tag-biblioteca-escolar","tag-comerc","tag-el-gust-per-la-lectura","tag-fomentar-la-lectura"],"post_mailing_queue_ids":[],"_links":{"self":[{"href":"https:\/\/serveiseducatius.xtec.cat\/vallesoccidental3\/wp-json\/wp\/v2\/posts\/2889","targetHints":{"allow":["GET"]}}],"collection":[{"href":"https:\/\/serveiseducatius.xtec.cat\/vallesoccidental3\/wp-json\/wp\/v2\/posts"}],"about":[{"href":"https:\/\/serveiseducatius.xtec.cat\/vallesoccidental3\/wp-json\/wp\/v2\/types\/post"}],"author":[{"embeddable":true,"href":"https:\/\/serveiseducatius.xtec.cat\/vallesoccidental3\/wp-json\/wp\/v2\/users\/1"}],"replies":[{"embeddable":true,"href":"https:\/\/serveiseducatius.xtec.cat\/vallesoccidental3\/wp-json\/wp\/v2\/comments?post=2889"}],"version-history":[{"count":1,"href":"https:\/\/serveiseducatius.xtec.cat\/vallesoccidental3\/wp-json\/wp\/v2\/posts\/2889\/revisions"}],"predecessor-version":[{"id":2892,"href":"https:\/\/serveiseducatius.xtec.cat\/vallesoccidental3\/wp-json\/wp\/v2\/posts\/2889\/revisions\/2892"}],"wp:featuredmedia":[{"embeddable":true,"href":"https:\/\/serveiseducatius.xtec.cat\/vallesoccidental3\/wp-json\/wp\/v2\/media\/2891"}],"wp:attachment":[{"href":"https:\/\/serveiseducatius.xtec.cat\/vallesoccidental3\/wp-json\/wp\/v2\/media?parent=2889"}],"wp:term":[{"taxonomy":"category","embeddable":true,"href":"https:\/\/serveiseducatius.xtec.cat\/vallesoccidental3\/wp-json\/wp\/v2\/categories?post=2889"},{"taxonomy":"post_tag","embeddable":true,"href":"https:\/\/serveiseducatius.xtec.cat\/vallesoccidental3\/wp-json\/wp\/v2\/tags?post=2889"}],"curies":[{"name":"wp","href":"https:\/\/api.w.org\/{rel}","templated":true}]}}