{"id":2721,"date":"2017-03-06T08:52:26","date_gmt":"2017-03-06T07:52:26","guid":{"rendered":"http:\/\/serveiseducatius.xtec.cat\/vallesoccidental3\/?p=2721"},"modified":"2017-04-11T22:42:04","modified_gmt":"2017-04-11T20:42:04","slug":"dia-internacional-de-les-dones","status":"publish","type":"post","link":"https:\/\/serveiseducatius.xtec.cat\/vallesoccidental3\/general\/dia-internacional-de-les-dones\/","title":{"rendered":"Dia Internacional de les Dones"},"content":{"rendered":"<p align=\"JUSTIFY\">La coeducaci\u00f3 i el foment de la igualtat efectiva entre dones i homes \u00e9s un principi rector del sistema educatiu. <a href=\"http:\/\/ensenyament.gencat.cat\/web\/.content\/home\/arees-actuacio\/centres-serveis-educatius\/projectes-educatius\/comunitat-educativa-entorn\/pla-igualtat-genere\/acord_govern_pla_igualtat.pdf\" target=\"_blank\">El Pla per a la igualtat de g\u00e8nere en el sistema educatiu<\/a> recull c<a href=\"http:\/\/xtec.gencat.cat\/ca\/centres\/celebracions\/2017\/diainternacionaldones\/index.html\" target=\"_blank\"><img loading=\"lazy\" decoding=\"async\" class=\"alignleft wp-image-2722\" src=\"http:\/\/serveiseducatius.xtec.cat\/vallesoccidental3\/wp-content\/uploads\/usu1147\/2017\/03\/Dia_Internacional_de_les_Dones_2017.jpg\" alt=\"dia_internacional_de_les_dones_2017\" width=\"386\" height=\"386\" srcset=\"https:\/\/serveiseducatius.xtec.cat\/vallesoccidental3\/wp-content\/uploads\/usu1147\/2017\/03\/Dia_Internacional_de_les_Dones_2017.jpg 358w, https:\/\/serveiseducatius.xtec.cat\/vallesoccidental3\/wp-content\/uploads\/usu1147\/2017\/03\/Dia_Internacional_de_les_Dones_2017-150x150.jpg 150w, https:\/\/serveiseducatius.xtec.cat\/vallesoccidental3\/wp-content\/uploads\/usu1147\/2017\/03\/Dia_Internacional_de_les_Dones_2017-300x300.jpg 300w\" sizes=\"auto, (max-width: 386px) 100vw, 386px\" \/><\/a>om a objectiu principal l\u2019impuls a la coeducaci\u00f3 com a garant d\u2019una educaci\u00f3 sense estereotips sexistes ni discriminacions relacionades amb el g\u00e8nere aix\u00ed com una orientaci\u00f3 acad\u00e8mica i professional no sexista.<\/p>\n<p align=\"JUSTIFY\">Recollint aquests principis, el Departament d\u2019Ensenyament en motiu del 8 de mar\u00e7, <a href=\"http:\/\/dones.gencat.cat\/ca\/ambits\/commemoracions\/dia_internacional_dones\/origen_dia_internacional_dones\/\" target=\"_blank\">Dia Internacional de les Dones<\/a>, proposa dur a terme una campanya de conscienciaci\u00f3 a tota la comunitat educativa sobre la import\u00e0ncia de visualitzar la participaci\u00f3 de les dones en tots els \u00e0mbits de la vida posant en valor la seva contribuci\u00f3 social i hist\u00f2rica, tot fomentant el seu apoderament com a protagonistes i creadores a trav\u00e9s de la seva mirada.<\/p>\n<p>Us passem un recull que des del Departament s&#8217;ha realitzat, de <a href=\"http:\/\/xtec.gencat.cat\/ca\/centres\/celebracions\/2017\/diainternacionaldones\/index.html\">propostes educatives <\/a>per fer\u00a0treballar als centres educatius.<\/p>\n","protected":false},"excerpt":{"rendered":"<p>La coeducaci\u00f3 i el foment de la igualtat efectiva entre dones i homes \u00e9s un principi rector del sistema educatiu. El Pla per a la igualtat de g\u00e8nere en el sistema educatiu recull com a objectiu principal l\u2019impuls a la coeducaci\u00f3 com a garant d\u2019una educaci\u00f3 sense estereotips sexistes ni discriminacions relacionades amb el g\u00e8nere [&hellip;]<\/p>\n","protected":false},"author":1,"featured_media":2722,"comment_status":"open","ping_status":"open","sticky":false,"template":"","format":"standard","meta":{"_bbp_topic_count":0,"_bbp_reply_count":0,"_bbp_total_topic_count":0,"_bbp_total_reply_count":0,"_bbp_voice_count":0,"_bbp_anonymous_reply_count":0,"_bbp_topic_count_hidden":0,"_bbp_reply_count_hidden":0,"_bbp_forum_subforum_count":0,"site-sidebar-layout":"default","site-content-layout":"","ast-site-content-layout":"","site-content-style":"default","site-sidebar-style":"default","ast-global-header-display":"","ast-banner-title-visibility":"","ast-main-header-display":"","ast-hfb-above-header-display":"","ast-hfb-below-header-display":"","ast-hfb-mobile-header-display":"","site-post-title":"","ast-breadcrumbs-content":"","ast-featured-img":"","footer-sml-layout":"","theme-transparent-header-meta":"","adv-header-id-meta":"","stick-header-meta":"","header-above-stick-meta":"","header-main-stick-meta":"","header-below-stick-meta":"","astra-migrate-meta-layouts":"default","ast-page-background-enabled":"default","ast-page-background-meta":{"desktop":{"background-color":"var(--ast-global-color-4)","background-image":"","background-repeat":"repeat","background-position":"center center","background-size":"auto","background-attachment":"scroll","background-type":"","background-media":"","overlay-type":"","overlay-color":"","overlay-opacity":"","overlay-gradient":""},"tablet":{"background-color":"","background-image":"","background-repeat":"repeat","background-position":"center center","background-size":"auto","background-attachment":"scroll","background-type":"","background-media":"","overlay-type":"","overlay-color":"","overlay-opacity":"","overlay-gradient":""},"mobile":{"background-color":"","background-image":"","background-repeat":"repeat","background-position":"center center","background-size":"auto","background-attachment":"scroll","background-type":"","background-media":"","overlay-type":"","overlay-color":"","overlay-opacity":"","overlay-gradient":""}},"ast-content-background-meta":{"desktop":{"background-color":"var(--ast-global-color-5)","background-image":"","background-repeat":"repeat","background-position":"center center","background-size":"auto","background-attachment":"scroll","background-type":"","background-media":"","overlay-type":"","overlay-color":"","overlay-opacity":"","overlay-gradient":""},"tablet":{"background-color":"var(--ast-global-color-5)","background-image":"","background-repeat":"repeat","background-position":"center center","background-size":"auto","background-attachment":"scroll","background-type":"","background-media":"","overlay-type":"","overlay-color":"","overlay-opacity":"","overlay-gradient":""},"mobile":{"background-color":"var(--ast-global-color-5)","background-image":"","background-repeat":"repeat","background-position":"center center","background-size":"auto","background-attachment":"scroll","background-type":"","background-media":"","overlay-type":"","overlay-color":"","overlay-opacity":"","overlay-gradient":""}},"footnotes":""},"categories":[1,29],"tags":[298,300,297,299],"class_list":["post-2721","post","type-post","status-publish","format-standard","has-post-thumbnail","hentry","category-general","category-portada","tag-amblanostramirada","tag-dia-de-la-dona","tag-dia-internacional-de-la-dona","tag-dones"],"post_mailing_queue_ids":[],"_links":{"self":[{"href":"https:\/\/serveiseducatius.xtec.cat\/vallesoccidental3\/wp-json\/wp\/v2\/posts\/2721","targetHints":{"allow":["GET"]}}],"collection":[{"href":"https:\/\/serveiseducatius.xtec.cat\/vallesoccidental3\/wp-json\/wp\/v2\/posts"}],"about":[{"href":"https:\/\/serveiseducatius.xtec.cat\/vallesoccidental3\/wp-json\/wp\/v2\/types\/post"}],"author":[{"embeddable":true,"href":"https:\/\/serveiseducatius.xtec.cat\/vallesoccidental3\/wp-json\/wp\/v2\/users\/1"}],"replies":[{"embeddable":true,"href":"https:\/\/serveiseducatius.xtec.cat\/vallesoccidental3\/wp-json\/wp\/v2\/comments?post=2721"}],"version-history":[{"count":2,"href":"https:\/\/serveiseducatius.xtec.cat\/vallesoccidental3\/wp-json\/wp\/v2\/posts\/2721\/revisions"}],"predecessor-version":[{"id":2729,"href":"https:\/\/serveiseducatius.xtec.cat\/vallesoccidental3\/wp-json\/wp\/v2\/posts\/2721\/revisions\/2729"}],"wp:featuredmedia":[{"embeddable":true,"href":"https:\/\/serveiseducatius.xtec.cat\/vallesoccidental3\/wp-json\/wp\/v2\/media\/2722"}],"wp:attachment":[{"href":"https:\/\/serveiseducatius.xtec.cat\/vallesoccidental3\/wp-json\/wp\/v2\/media?parent=2721"}],"wp:term":[{"taxonomy":"category","embeddable":true,"href":"https:\/\/serveiseducatius.xtec.cat\/vallesoccidental3\/wp-json\/wp\/v2\/categories?post=2721"},{"taxonomy":"post_tag","embeddable":true,"href":"https:\/\/serveiseducatius.xtec.cat\/vallesoccidental3\/wp-json\/wp\/v2\/tags?post=2721"}],"curies":[{"name":"wp","href":"https:\/\/api.w.org\/{rel}","templated":true}]}}