{"id":2716,"date":"2017-02-26T21:03:00","date_gmt":"2017-02-26T20:03:00","guid":{"rendered":"http:\/\/serveiseducatius.xtec.cat\/vallesoccidental3\/?p=2716"},"modified":"2017-02-26T21:03:00","modified_gmt":"2017-02-26T20:03:00","slug":"28a-conversa-pedagogica-com-optimitzar-les-entrevistes-amb-les-families-habilitats-i-estrategies","status":"publish","type":"post","link":"https:\/\/serveiseducatius.xtec.cat\/vallesoccidental3\/general\/28a-conversa-pedagogica-com-optimitzar-les-entrevistes-amb-les-families-habilitats-i-estrategies\/","title":{"rendered":"28a conversa pedag\u00f2gica: \u201cCom optimitzar les entrevistes amb les fam\u00edlies: habilitats i estrat\u00e8gies\u201d"},"content":{"rendered":"<p>El\u00a0Departament d\u2019Ensenyament organitza el segon debat pedag\u00f2gic d\u2019aquest curs escolar sota el t\u00edtol\u00a0<strong>\u201c<\/strong><strong>Com optimitzar les entrevistes amb les fam\u00edlies: habilitats i estrat\u00e8gies\u201d,<\/strong><strong>\u00a0<\/strong>en la vint-i-vuitena conversa pedag\u00f2gica que es fa a la seva\u00a0seu.<\/p>\n<p><strong><em>L\u2019entrevista \u00e9s una eina important per a la comunicaci\u00f3 entre les fam\u00edlies i l\u2019escola. Per aquesta ra\u00f3 des de la planificaci\u00f3 i la preparaci\u00f3 de l\u2019entrevista, \u00e9s fonamental definir els objectius aix\u00ed com considerar les estrat\u00e8gies m\u00e9s adients.<\/em><\/strong><\/p>\n<p><strong><em>Des d\u2019aquesta perspectiva, \u00e9s essencial no deixar res a la improvisaci\u00f3\u00a0 i donar resposta a dubtes i preguntes que puguin sorgir: Quines estrat\u00e8gies faciliten la comunicaci\u00f3 amb les fam\u00edlies? Quines pautes es poden tenir en compte per fer una entrevista efica\u00e7 i eficient?<\/em><\/strong><\/p>\n<p>Intervindran en la conversa:<\/p>\n<p><strong><em>Marta Albaladejo<\/em><\/strong><strong>,<\/strong>\u00a0psicoterapeuta, coach i formadora. Llicenciada en Filologia, m\u00e0ster en gesti\u00f3 de la comunicaci\u00f3, formadora en comunicaci\u00f3 interpersonal.<\/p>\n<p><strong><em>Dolors Oliv\u00e9,<\/em><\/strong><strong>\u00a0<\/strong>\u00a0mestra i logopeda. T\u00e9 una experi\u00e8ncia consolidada com a formadora de la formaci\u00f3 permanent del professorat. Actualment \u00e9s directora de l\u2019escola Teresa Altet, de Rub\u00ed.<\/p>\n<p><strong><em>Rosa Maria Rif<\/em><\/strong><strong><em>\u00e0,<\/em><\/strong><strong>\u00a0<\/strong>professora llicenciada en Hist\u00f2ria. Actualment \u00e9s directora del col\u00b7legi Vedrunes, de Terrassa.<\/p>\n<p>Aquest acte tindr\u00e0 lloc el\u00a0<strong>dijous 9 de mar\u00e7 a les 17.30h.<\/strong>\u00a0a la Sala d\u2019Actes del Departament d\u2019Ensenyament (Av\/. Via Augusta, 202). \u00a0L\u2019enlla\u00e7 per a fer la inscripci\u00f3 \u00e9s el seg\u00fcent:\u00a0<a href=\"http:\/\/xtec.gencat.cat\/ca\/formacio\/converses-pedagogiques\/formulari-inscripcio\/\" data-saferedirecturl=\"https:\/\/www.google.com\/url?hl=ca&amp;q=http:\/\/xtec.gencat.cat\/ca\/formacio\/converses-pedagogiques\/formulari-inscripcio\/&amp;source=gmail&amp;ust=1488225374492000&amp;usg=AFQjCNHdDjqf3R4PeHSC7OyKsZA2vzqTkg\"><strong>FORMULARI D&#8217;INSCRIPCIONS<\/strong><\/a><strong>.<\/strong><\/p>\n<p>Enguany us oferim la connexi\u00f3 en\u00a0<em>streaming<\/em>\u00a0a trav\u00e9s de la mateixa p\u00e0gina<\/p>\n<p><a href=\"http:\/\/xtec.gencat.cat\/ca\/formacio\/converses-pedagogiques\/\" data-saferedirecturl=\"https:\/\/www.google.com\/url?hl=ca&amp;q=http:\/\/xtec.gencat.cat\/ca\/formacio\/converses-pedagogiques\/&amp;source=gmail&amp;ust=1488225374492000&amp;usg=AFQjCNGdJ4O29jg_E221QXNfhwWCGp9jlg\">http:\/\/xtec.gencat.cat\/ca\/formacio\/converses-pedagogiques\/<\/a><\/p>\n","protected":false},"excerpt":{"rendered":"<p>El\u00a0Departament d\u2019Ensenyament organitza el segon debat pedag\u00f2gic d\u2019aquest curs escolar sota el t\u00edtol\u00a0\u201cCom optimitzar les entrevistes amb les fam\u00edlies: habilitats i estrat\u00e8gies\u201d,\u00a0en la vint-i-vuitena conversa pedag\u00f2gica que es fa a la seva\u00a0seu. L\u2019entrevista \u00e9s una eina important per a la comunicaci\u00f3 entre les fam\u00edlies i l\u2019escola. Per aquesta ra\u00f3 des de la planificaci\u00f3 i la [&hellip;]<\/p>\n","protected":false},"author":1,"featured_media":0,"comment_status":"open","ping_status":"open","sticky":false,"template":"","format":"standard","meta":{"_bbp_topic_count":0,"_bbp_reply_count":0,"_bbp_total_topic_count":0,"_bbp_total_reply_count":0,"_bbp_voice_count":0,"_bbp_anonymous_reply_count":0,"_bbp_topic_count_hidden":0,"_bbp_reply_count_hidden":0,"_bbp_forum_subforum_count":0,"site-sidebar-layout":"default","site-content-layout":"","ast-site-content-layout":"","site-content-style":"default","site-sidebar-style":"default","ast-global-header-display":"","ast-banner-title-visibility":"","ast-main-header-display":"","ast-hfb-above-header-display":"","ast-hfb-below-header-display":"","ast-hfb-mobile-header-display":"","site-post-title":"","ast-breadcrumbs-content":"","ast-featured-img":"","footer-sml-layout":"","theme-transparent-header-meta":"","adv-header-id-meta":"","stick-header-meta":"","header-above-stick-meta":"","header-main-stick-meta":"","header-below-stick-meta":"","astra-migrate-meta-layouts":"default","ast-page-background-enabled":"default","ast-page-background-meta":{"desktop":{"background-color":"var(--ast-global-color-4)","background-image":"","background-repeat":"repeat","background-position":"center center","background-size":"auto","background-attachment":"scroll","background-type":"","background-media":"","overlay-type":"","overlay-color":"","overlay-opacity":"","overlay-gradient":""},"tablet":{"background-color":"","background-image":"","background-repeat":"repeat","background-position":"center center","background-size":"auto","background-attachment":"scroll","background-type":"","background-media":"","overlay-type":"","overlay-color":"","overlay-opacity":"","overlay-gradient":""},"mobile":{"background-color":"","background-image":"","background-repeat":"repeat","background-position":"center center","background-size":"auto","background-attachment":"scroll","background-type":"","background-media":"","overlay-type":"","overlay-color":"","overlay-opacity":"","overlay-gradient":""}},"ast-content-background-meta":{"desktop":{"background-color":"var(--ast-global-color-5)","background-image":"","background-repeat":"repeat","background-position":"center center","background-size":"auto","background-attachment":"scroll","background-type":"","background-media":"","overlay-type":"","overlay-color":"","overlay-opacity":"","overlay-gradient":""},"tablet":{"background-color":"var(--ast-global-color-5)","background-image":"","background-repeat":"repeat","background-position":"center center","background-size":"auto","background-attachment":"scroll","background-type":"","background-media":"","overlay-type":"","overlay-color":"","overlay-opacity":"","overlay-gradient":""},"mobile":{"background-color":"var(--ast-global-color-5)","background-image":"","background-repeat":"repeat","background-position":"center center","background-size":"auto","background-attachment":"scroll","background-type":"","background-media":"","overlay-type":"","overlay-color":"","overlay-opacity":"","overlay-gradient":""}},"footnotes":""},"categories":[1,29],"tags":[],"class_list":["post-2716","post","type-post","status-publish","format-standard","hentry","category-general","category-portada"],"post_mailing_queue_ids":[],"_links":{"self":[{"href":"https:\/\/serveiseducatius.xtec.cat\/vallesoccidental3\/wp-json\/wp\/v2\/posts\/2716","targetHints":{"allow":["GET"]}}],"collection":[{"href":"https:\/\/serveiseducatius.xtec.cat\/vallesoccidental3\/wp-json\/wp\/v2\/posts"}],"about":[{"href":"https:\/\/serveiseducatius.xtec.cat\/vallesoccidental3\/wp-json\/wp\/v2\/types\/post"}],"author":[{"embeddable":true,"href":"https:\/\/serveiseducatius.xtec.cat\/vallesoccidental3\/wp-json\/wp\/v2\/users\/1"}],"replies":[{"embeddable":true,"href":"https:\/\/serveiseducatius.xtec.cat\/vallesoccidental3\/wp-json\/wp\/v2\/comments?post=2716"}],"version-history":[{"count":1,"href":"https:\/\/serveiseducatius.xtec.cat\/vallesoccidental3\/wp-json\/wp\/v2\/posts\/2716\/revisions"}],"predecessor-version":[{"id":2717,"href":"https:\/\/serveiseducatius.xtec.cat\/vallesoccidental3\/wp-json\/wp\/v2\/posts\/2716\/revisions\/2717"}],"wp:attachment":[{"href":"https:\/\/serveiseducatius.xtec.cat\/vallesoccidental3\/wp-json\/wp\/v2\/media?parent=2716"}],"wp:term":[{"taxonomy":"category","embeddable":true,"href":"https:\/\/serveiseducatius.xtec.cat\/vallesoccidental3\/wp-json\/wp\/v2\/categories?post=2716"},{"taxonomy":"post_tag","embeddable":true,"href":"https:\/\/serveiseducatius.xtec.cat\/vallesoccidental3\/wp-json\/wp\/v2\/tags?post=2716"}],"curies":[{"name":"wp","href":"https:\/\/api.w.org\/{rel}","templated":true}]}}