{"id":2656,"date":"2017-02-07T15:41:14","date_gmt":"2017-02-07T14:41:14","guid":{"rendered":"http:\/\/serveiseducatius.xtec.cat\/vallesoccidental3\/?p=2656"},"modified":"2017-02-13T12:41:12","modified_gmt":"2017-02-13T11:41:12","slug":"mobile-learning-awards","status":"publish","type":"post","link":"https:\/\/serveiseducatius.xtec.cat\/vallesoccidental3\/general\/mobile-learning-awards\/","title":{"rendered":"Mobile Learning Awards"},"content":{"rendered":"<p><strong><span style=\"font-size: 14pt; color: #ff0000;\">Ampliat el pla\u00e7 d&#8217;inscripci\u00f3!!!<a href=\"http:\/\/serveiseducatius.xtec.cat\/vallesoccidental3\/general\/mobile-learning-awards\/attachment\/mla-2\/\" rel=\"attachment wp-att-2657\"><img loading=\"lazy\" decoding=\"async\" class=\"alignright size-full wp-image-2657\" src=\"http:\/\/serveiseducatius.xtec.cat\/vallesoccidental3\/wp-content\/uploads\/usu1147\/2017\/02\/mla.jpeg\" alt=\"mla\" width=\"208\" height=\"208\" \/><\/a><\/span><\/strong><\/p>\n<p>Recordem quines s\u00f3n les dues modalitats<\/p>\n<p><strong>EXPERI\u00c8NCIES I PROPOSTES D&#8217;AULA AMB TECNOLOGIES M\u00d2BILS<\/strong><\/p>\n<p>La finalitat d\u2019aquesta primera modalitat \u00e9s donar a con\u00e8ixer les diferents vies d\u2019integraci\u00f3 de les tecnologies digitals a tots els centres docents de Catalunya mitjan\u00e7ant unes propostes concretes de desenvolupament i implementaci\u00f3.<\/p>\n<p><strong>ESCOLES INNOVADORES EN L&#8217;APLICACI\u00d3 DE LES TECNOLOGIES DIGITALS.<\/strong><\/p>\n<p>La finalitat d\u2019aquesta altra modalitat \u00e9s donar a con\u00e8ixer les diferents vies d\u2019integraci\u00f3 de les tecnologies digitals a tots els centres docents de Catalunya mitjan\u00e7ant unes propostes concretes de desenvolupament i implementaci\u00f3.<\/p>\n<p>El premi per a cadascun dels docents finalistes i guanyadors i per a l\u2019estudiant guanyador del concurs \u201cMobile Learning Awards 2017\u201d en la modalitat de \u201cMillors experi\u00e8ncies i propostes d\u2019aula amb tecnologies digital\u201d, ser\u00e0 un curs de 3 dies impartit per l\u2019European Schoolnet a Brussel\u00b7les. Els premiats tindran cobert els vols, hotels, \u00e0pats i el cost del curs. El curs porta com a t\u00edtol &#8220;Enhancing creativity and innovation in my classroom&#8221; i es dur\u00e0 a terme del 3 al 7 de juliol de 2017.<\/p>\n<p>Podeu consultar la convocat\u00f2ria i les bases a l\u2019Agenda mSchools 2017 de la XTEC.<\/p>\n<p><a href=\"http:\/\/xtec.gencat.cat\/ca\/projectes\/mschools\/2017\/agenda\/\">http:\/\/xtec.gencat.cat\/ca\/projectes\/mschools\/2017\/agenda\/ <\/a><\/p>\n","protected":false},"excerpt":{"rendered":"<p>Ampliat el pla\u00e7 d&#8217;inscripci\u00f3!!! Recordem quines s\u00f3n les dues modalitats EXPERI\u00c8NCIES I PROPOSTES D&#8217;AULA AMB TECNOLOGIES M\u00d2BILS La finalitat d\u2019aquesta primera modalitat \u00e9s donar a con\u00e8ixer les diferents vies d\u2019integraci\u00f3 de les tecnologies digitals a tots els centres docents de Catalunya mitjan\u00e7ant unes propostes concretes de desenvolupament i implementaci\u00f3. ESCOLES INNOVADORES EN L&#8217;APLICACI\u00d3 DE LES [&hellip;]<\/p>\n","protected":false},"author":1,"featured_media":2657,"comment_status":"open","ping_status":"open","sticky":false,"template":"","format":"standard","meta":{"_bbp_topic_count":0,"_bbp_reply_count":0,"_bbp_total_topic_count":0,"_bbp_total_reply_count":0,"_bbp_voice_count":0,"_bbp_anonymous_reply_count":0,"_bbp_topic_count_hidden":0,"_bbp_reply_count_hidden":0,"_bbp_forum_subforum_count":0,"site-sidebar-layout":"default","site-content-layout":"","ast-site-content-layout":"","site-content-style":"default","site-sidebar-style":"default","ast-global-header-display":"","ast-banner-title-visibility":"","ast-main-header-display":"","ast-hfb-above-header-display":"","ast-hfb-below-header-display":"","ast-hfb-mobile-header-display":"","site-post-title":"","ast-breadcrumbs-content":"","ast-featured-img":"","footer-sml-layout":"","theme-transparent-header-meta":"","adv-header-id-meta":"","stick-header-meta":"","header-above-stick-meta":"","header-main-stick-meta":"","header-below-stick-meta":"","astra-migrate-meta-layouts":"default","ast-page-background-enabled":"default","ast-page-background-meta":{"desktop":{"background-color":"var(--ast-global-color-4)","background-image":"","background-repeat":"repeat","background-position":"center center","background-size":"auto","background-attachment":"scroll","background-type":"","background-media":"","overlay-type":"","overlay-color":"","overlay-opacity":"","overlay-gradient":""},"tablet":{"background-color":"","background-image":"","background-repeat":"repeat","background-position":"center center","background-size":"auto","background-attachment":"scroll","background-type":"","background-media":"","overlay-type":"","overlay-color":"","overlay-opacity":"","overlay-gradient":""},"mobile":{"background-color":"","background-image":"","background-repeat":"repeat","background-position":"center center","background-size":"auto","background-attachment":"scroll","background-type":"","background-media":"","overlay-type":"","overlay-color":"","overlay-opacity":"","overlay-gradient":""}},"ast-content-background-meta":{"desktop":{"background-color":"var(--ast-global-color-5)","background-image":"","background-repeat":"repeat","background-position":"center center","background-size":"auto","background-attachment":"scroll","background-type":"","background-media":"","overlay-type":"","overlay-color":"","overlay-opacity":"","overlay-gradient":""},"tablet":{"background-color":"var(--ast-global-color-5)","background-image":"","background-repeat":"repeat","background-position":"center center","background-size":"auto","background-attachment":"scroll","background-type":"","background-media":"","overlay-type":"","overlay-color":"","overlay-opacity":"","overlay-gradient":""},"mobile":{"background-color":"var(--ast-global-color-5)","background-image":"","background-repeat":"repeat","background-position":"center center","background-size":"auto","background-attachment":"scroll","background-type":"","background-media":"","overlay-type":"","overlay-color":"","overlay-opacity":"","overlay-gradient":""}},"footnotes":""},"categories":[1,29],"tags":[274],"class_list":["post-2656","post","type-post","status-publish","format-standard","has-post-thumbnail","hentry","category-general","category-portada","tag-mobile-learning-awards"],"post_mailing_queue_ids":[],"_links":{"self":[{"href":"https:\/\/serveiseducatius.xtec.cat\/vallesoccidental3\/wp-json\/wp\/v2\/posts\/2656","targetHints":{"allow":["GET"]}}],"collection":[{"href":"https:\/\/serveiseducatius.xtec.cat\/vallesoccidental3\/wp-json\/wp\/v2\/posts"}],"about":[{"href":"https:\/\/serveiseducatius.xtec.cat\/vallesoccidental3\/wp-json\/wp\/v2\/types\/post"}],"author":[{"embeddable":true,"href":"https:\/\/serveiseducatius.xtec.cat\/vallesoccidental3\/wp-json\/wp\/v2\/users\/1"}],"replies":[{"embeddable":true,"href":"https:\/\/serveiseducatius.xtec.cat\/vallesoccidental3\/wp-json\/wp\/v2\/comments?post=2656"}],"version-history":[{"count":2,"href":"https:\/\/serveiseducatius.xtec.cat\/vallesoccidental3\/wp-json\/wp\/v2\/posts\/2656\/revisions"}],"predecessor-version":[{"id":2659,"href":"https:\/\/serveiseducatius.xtec.cat\/vallesoccidental3\/wp-json\/wp\/v2\/posts\/2656\/revisions\/2659"}],"wp:featuredmedia":[{"embeddable":true,"href":"https:\/\/serveiseducatius.xtec.cat\/vallesoccidental3\/wp-json\/wp\/v2\/media\/2657"}],"wp:attachment":[{"href":"https:\/\/serveiseducatius.xtec.cat\/vallesoccidental3\/wp-json\/wp\/v2\/media?parent=2656"}],"wp:term":[{"taxonomy":"category","embeddable":true,"href":"https:\/\/serveiseducatius.xtec.cat\/vallesoccidental3\/wp-json\/wp\/v2\/categories?post=2656"},{"taxonomy":"post_tag","embeddable":true,"href":"https:\/\/serveiseducatius.xtec.cat\/vallesoccidental3\/wp-json\/wp\/v2\/tags?post=2656"}],"curies":[{"name":"wp","href":"https:\/\/api.w.org\/{rel}","templated":true}]}}