{"id":2035,"date":"2016-09-15T11:36:58","date_gmt":"2016-09-15T10:36:58","guid":{"rendered":"http:\/\/serveiseducatius.xtec.cat\/vallesoccidental3\/?p=2035"},"modified":"2016-09-15T11:45:15","modified_gmt":"2016-09-15T10:45:15","slug":"el-valles-segona-republica-guerra-civil-i-postguerra-un-cicle-de-conferencies","status":"publish","type":"post","link":"https:\/\/serveiseducatius.xtec.cat\/vallesoccidental3\/portada\/el-valles-segona-republica-guerra-civil-i-postguerra-un-cicle-de-conferencies\/","title":{"rendered":"El Vall\u00e8s: Segona Rep\u00fablica, Guerra Civil i Postguerra, un cicle de confer\u00e8ncies"},"content":{"rendered":"<p>Des de la <a href=\"http:\/\/www.fbc.cat\/mm\/file\/2016\/triptic%20groc%20Genis.pdf\"><img loading=\"lazy\" decoding=\"async\" class=\"alignleft\" src=\"http:\/\/imscdn.abcore.org\/r\/fbc.cat\/w300-h216\/mm\/image\/events2016\/cursGuerraCivilValles_grocFdoble.png\" width=\"176\" height=\"127\" \/><\/a><a href=\"http:\/\/www.fbc.cat\/events\/\">Fundaci\u00f3 Bosch i Cardellach<\/a>, conjuntament amb altres centres d\u2019estudi del Vall\u00e8s, el CORE Patrimoni Cultural de la UAB i el suport de l\u2019Institut Ramon Muntaner, ens conviden a un <a href=\"http:\/\/exteriors.gencat.cat\/ca\/detalls\/activitatagenda\/El-Valles-segona-republica-guerra-civil-i-postguerra-1931-1945\">Cicle de Confer\u00e8ncies<\/a>.<\/p>\n<p>Pensades per resseguir la incid\u00e8ncia del per\u00edode 1931-1945 al Vall\u00e8s, t\u00e9 com a objectius l\u2019actualitzaci\u00f3 \u00a0els coneixements sobre aquest per\u00edode del professorat de Prim\u00e0ria, Secundaria i Batxillerat.\u00a0Tanmateix s\u2019aprofita per visitar espais d\u2019especial inter\u00e8s, i alhora ampliar coneixements sobre els esdeveniments de la Segona Rep\u00fablica, la Guerra Civil i la Postguerra en el Vall\u00e8s.<br \/>\nEn aquest <a href=\"http:\/\/www.fbc.cat\/mm\/file\/2016\/triptic%20groc%20Genis.pdf\">enlla\u00e7 <\/a>trobareu el<a href=\"http:\/\/www.fbc.cat\/mm\/file\/2016\/triptic%20groc%20Genis.pdf\"> tr\u00edptic informatiu<\/a> del Cicle de confer\u00e8ncies.<\/p>\n","protected":false},"excerpt":{"rendered":"<p>Des de la Fundaci\u00f3 Bosch i Cardellach, conjuntament amb altres centres d\u2019estudi del Vall\u00e8s, el CORE Patrimoni Cultural de la UAB i el suport de l\u2019Institut Ramon Muntaner, ens conviden a un Cicle de Confer\u00e8ncies. Pensades per resseguir la incid\u00e8ncia del per\u00edode 1931-1945 al Vall\u00e8s, t\u00e9 com a objectius l\u2019actualitzaci\u00f3 \u00a0els coneixements sobre aquest per\u00edode [&hellip;]<\/p>\n","protected":false},"author":1,"featured_media":2038,"comment_status":"open","ping_status":"open","sticky":false,"template":"","format":"standard","meta":{"_bbp_topic_count":0,"_bbp_reply_count":0,"_bbp_total_topic_count":0,"_bbp_total_reply_count":0,"_bbp_voice_count":0,"_bbp_anonymous_reply_count":0,"_bbp_topic_count_hidden":0,"_bbp_reply_count_hidden":0,"_bbp_forum_subforum_count":0,"site-sidebar-layout":"default","site-content-layout":"","ast-site-content-layout":"","site-content-style":"default","site-sidebar-style":"default","ast-global-header-display":"","ast-banner-title-visibility":"","ast-main-header-display":"","ast-hfb-above-header-display":"","ast-hfb-below-header-display":"","ast-hfb-mobile-header-display":"","site-post-title":"","ast-breadcrumbs-content":"","ast-featured-img":"","footer-sml-layout":"","theme-transparent-header-meta":"","adv-header-id-meta":"","stick-header-meta":"","header-above-stick-meta":"","header-main-stick-meta":"","header-below-stick-meta":"","astra-migrate-meta-layouts":"default","ast-page-background-enabled":"default","ast-page-background-meta":{"desktop":{"background-color":"var(--ast-global-color-4)","background-image":"","background-repeat":"repeat","background-position":"center center","background-size":"auto","background-attachment":"scroll","background-type":"","background-media":"","overlay-type":"","overlay-color":"","overlay-opacity":"","overlay-gradient":""},"tablet":{"background-color":"","background-image":"","background-repeat":"repeat","background-position":"center center","background-size":"auto","background-attachment":"scroll","background-type":"","background-media":"","overlay-type":"","overlay-color":"","overlay-opacity":"","overlay-gradient":""},"mobile":{"background-color":"","background-image":"","background-repeat":"repeat","background-position":"center center","background-size":"auto","background-attachment":"scroll","background-type":"","background-media":"","overlay-type":"","overlay-color":"","overlay-opacity":"","overlay-gradient":""}},"ast-content-background-meta":{"desktop":{"background-color":"var(--ast-global-color-5)","background-image":"","background-repeat":"repeat","background-position":"center center","background-size":"auto","background-attachment":"scroll","background-type":"","background-media":"","overlay-type":"","overlay-color":"","overlay-opacity":"","overlay-gradient":""},"tablet":{"background-color":"var(--ast-global-color-5)","background-image":"","background-repeat":"repeat","background-position":"center center","background-size":"auto","background-attachment":"scroll","background-type":"","background-media":"","overlay-type":"","overlay-color":"","overlay-opacity":"","overlay-gradient":""},"mobile":{"background-color":"var(--ast-global-color-5)","background-image":"","background-repeat":"repeat","background-position":"center center","background-size":"auto","background-attachment":"scroll","background-type":"","background-media":"","overlay-type":"","overlay-color":"","overlay-opacity":"","overlay-gradient":""}},"footnotes":""},"categories":[29],"tags":[187],"class_list":["post-2035","post","type-post","status-publish","format-standard","has-post-thumbnail","hentry","category-portada","tag-conferencies"],"post_mailing_queue_ids":[],"_links":{"self":[{"href":"https:\/\/serveiseducatius.xtec.cat\/vallesoccidental3\/wp-json\/wp\/v2\/posts\/2035","targetHints":{"allow":["GET"]}}],"collection":[{"href":"https:\/\/serveiseducatius.xtec.cat\/vallesoccidental3\/wp-json\/wp\/v2\/posts"}],"about":[{"href":"https:\/\/serveiseducatius.xtec.cat\/vallesoccidental3\/wp-json\/wp\/v2\/types\/post"}],"author":[{"embeddable":true,"href":"https:\/\/serveiseducatius.xtec.cat\/vallesoccidental3\/wp-json\/wp\/v2\/users\/1"}],"replies":[{"embeddable":true,"href":"https:\/\/serveiseducatius.xtec.cat\/vallesoccidental3\/wp-json\/wp\/v2\/comments?post=2035"}],"version-history":[{"count":4,"href":"https:\/\/serveiseducatius.xtec.cat\/vallesoccidental3\/wp-json\/wp\/v2\/posts\/2035\/revisions"}],"predecessor-version":[{"id":2040,"href":"https:\/\/serveiseducatius.xtec.cat\/vallesoccidental3\/wp-json\/wp\/v2\/posts\/2035\/revisions\/2040"}],"wp:featuredmedia":[{"embeddable":true,"href":"https:\/\/serveiseducatius.xtec.cat\/vallesoccidental3\/wp-json\/wp\/v2\/media\/2038"}],"wp:attachment":[{"href":"https:\/\/serveiseducatius.xtec.cat\/vallesoccidental3\/wp-json\/wp\/v2\/media?parent=2035"}],"wp:term":[{"taxonomy":"category","embeddable":true,"href":"https:\/\/serveiseducatius.xtec.cat\/vallesoccidental3\/wp-json\/wp\/v2\/categories?post=2035"},{"taxonomy":"post_tag","embeddable":true,"href":"https:\/\/serveiseducatius.xtec.cat\/vallesoccidental3\/wp-json\/wp\/v2\/tags?post=2035"}],"curies":[{"name":"wp","href":"https:\/\/api.w.org\/{rel}","templated":true}]}}