{"id":18827,"date":"2026-02-12T13:44:32","date_gmt":"2026-02-12T12:44:32","guid":{"rendered":"https:\/\/serveiseducatius.xtec.cat\/vallesoccidental3\/?p=18827"},"modified":"2026-02-13T09:49:14","modified_gmt":"2026-02-13T08:49:14","slug":"13-de-febrer-dia-mundial-de-la-radio-3","status":"publish","type":"post","link":"https:\/\/serveiseducatius.xtec.cat\/vallesoccidental3\/portada\/13-de-febrer-dia-mundial-de-la-radio-3\/","title":{"rendered":"Dia mundial de la r\u00e0dio: 100 anys explicant hist\u00f2ries"},"content":{"rendered":"\n<div class=\"wp-block-media-text alignwide is-stacked-on-mobile is-vertically-aligned-center\"><figure class=\"wp-block-media-text__media\"><img loading=\"lazy\" decoding=\"async\" width=\"568\" height=\"282\" src=\"https:\/\/serveiseducatius.xtec.cat\/vallesoccidental3\/wp-content\/uploads\/usu1147\/2026\/02\/image-1.png\" alt=\"\" class=\"wp-image-18830 size-full\" srcset=\"https:\/\/serveiseducatius.xtec.cat\/vallesoccidental3\/wp-content\/uploads\/usu1147\/2026\/02\/image-1.png 568w, https:\/\/serveiseducatius.xtec.cat\/vallesoccidental3\/wp-content\/uploads\/usu1147\/2026\/02\/image-1-300x149.png 300w\" sizes=\"auto, (max-width: 568px) 100vw, 568px\" \/><\/figure><div class=\"wp-block-media-text__content\">\n<p><\/p>\n\n\n\n<p>El 2011, els Estats Membres de la UNESCO van proclamar el&nbsp;<strong>13 de febrer Dia Mundial de la R\u00e0dio<\/strong>&nbsp;i el 2012 l\u2019Assemblea General de les Nacions Unides van aprovar la celebraci\u00f3 d\u2019aquesta jornada com a dia internacional de les Nacions Unides. \u00c9s un dia destinat a agrair a les emissores les not\u00edcies que difonen, les veus que amplifiquen i les hist\u00f2ries que comparteixen.<\/p>\n\n\n\n<p><\/p>\n\n\n\n<p><\/p>\n<\/div><\/div>\n\n\n\n<p><\/p>\n\n\n\n<p>Aix\u00ed doncs, el pr\u00f2xim divendres 13 de febrer se celebra el<a href=\"https:\/\/www.unesco.org\/es\/days\/world-radio?hub=66636\">&nbsp;dia mundial de la r\u00e0dio 2026<\/a>. La p\u00e0gina de la UNESCO ens explica com la intel\u00b7lig\u00e8ncia artificial obre un nou cap\u00edtol, no nom\u00e9s per innovar, sin\u00f3 tamb\u00e9 per aprofundir en la creaci\u00f3 de vincles amb els oients. Si \u00e9s utilitzada de forma \u00e8tica, en suport del criteri, la creativitat i els valors de servei p\u00fablic dels professionals de la r\u00e0dio, la IA es pot convertir en un aliat per enfortir la confian\u00e7a del gran p\u00fablic.<\/p>\n\n\n\n<figure class=\"wp-block-image aligncenter size-full\"><a href=\"https:\/\/serveiseducatius.xtec.cat\/vallesoccidental3\/wp-content\/uploads\/usu1147\/2026\/02\/2.1.1_Cent-anys-explicant-histories-Conte-radiofonic_baner.png\"><img loading=\"lazy\" decoding=\"async\" width=\"800\" height=\"200\" src=\"https:\/\/serveiseducatius.xtec.cat\/vallesoccidental3\/wp-content\/uploads\/usu1147\/2026\/02\/2.1.1_Cent-anys-explicant-histories-Conte-radiofonic_baner.png\" alt=\"\" class=\"wp-image-18832\" srcset=\"https:\/\/serveiseducatius.xtec.cat\/vallesoccidental3\/wp-content\/uploads\/usu1147\/2026\/02\/2.1.1_Cent-anys-explicant-histories-Conte-radiofonic_baner.png 800w, https:\/\/serveiseducatius.xtec.cat\/vallesoccidental3\/wp-content\/uploads\/usu1147\/2026\/02\/2.1.1_Cent-anys-explicant-histories-Conte-radiofonic_baner-300x75.png 300w, https:\/\/serveiseducatius.xtec.cat\/vallesoccidental3\/wp-content\/uploads\/usu1147\/2026\/02\/2.1.1_Cent-anys-explicant-histories-Conte-radiofonic_baner-768x192.png 768w\" sizes=\"auto, (max-width: 800px) 100vw, 800px\" \/><\/a><\/figure>\n\n\n\n<p>Un any m\u00e9s el Grup de Treball de R\u00e0dio i Audiovisuals, del quan en formem part, continua amb la promoci\u00f3 de diferents activitats per promocionar l\u2019\u00fas de la r\u00e0dio escolar als centres educatius. &nbsp;Aquest cam\u00ed es va iniciar amb l\u2019activitat<a href=\"https:\/\/drive.google.com\/drive\/folders\/17w9PGABthFrQkoz5sGmsASiyzodQUuJP?usp=sharing\" target=\"_blank\" rel=\"noreferrer noopener\">&nbsp;<strong>\u201cCent anys explicant hist\u00f2ries\u201d<\/strong><\/a>&nbsp;en la que els centres enregistreu una pe\u00e7a sonora basada en un conte, llegenda o relat popular arrelat al territori.<\/p>\n\n\n\n<p>Aquest curs des del CRP  us acompanyen novament oferint manuals, suport t\u00e8cnic i pedag\u00f2gic per poder dur a terme diferents propostes radiof\u00f2niques que s\u2019emetran en un programa&nbsp;<strong>el 13 de febrer.<\/strong><\/p>\n\n\n\n<p>Per celebrar l&#8217;efem\u00e8ride podeu seguir&nbsp;<a href=\"http:\/\/ja.cat\/radioreporters\" target=\"_blank\" rel=\"noreferrer noopener\">l&#8217;emissi\u00f3 de l&#8217;activitat &#8220;Cent anys explicant hist\u00f2ries&#8221; i les activitats que s&#8217;han dut a terme durant aquest curs escolar&nbsp;<\/a>a escoles i instituts d&#8217;arreu. Hi podreu sentir un mosaic d&#8217;hist\u00f2ries d&#8217;all\u00f2 m\u00e9s variades i un bon grapat de fragments radiof\u00f2nics amb logotips i falques sonores originals, embarbussaments, entrevistes, fragments sobre els drets dels infants&#8230;&nbsp;<\/p>\n\n\n\n<p>Tot plegat amb veus i accents ben diversos i, el m\u00e9s important, amb la participaci\u00f3 d&#8217;un bon grapat d&#8217;infants i joves que l&#8217;han fet possible.&nbsp;&nbsp;<\/p>\n\n\n\n<p><strong>Podeu trobar tota la informaci\u00f3 al&nbsp;<a href=\"https:\/\/projectes.xtec.cat\/canaldereporters\/dia-mundial-de-la-radio-100-anys-explicant-histories\/\" target=\"_blank\" rel=\"noreferrer noopener\">Nodes del Canal de Reporters<\/a>.<\/strong><\/p>\n\n\n\n<p><strong>Podeu seguir l&#8217;emissi\u00f3 des de l&#8217;enlla\u00e7:&nbsp;<a href=\"http:\/\/ja.cat\/radioreporters\" target=\"_blank\" rel=\"noreferrer noopener\">ja.cat\/radioreporters<\/a><\/strong><\/p>\n\n\n\n<p><\/p>\n","protected":false},"excerpt":{"rendered":"<p>El 2011, els Estats Membres de la UNESCO van proclamar el\u00a013 de febrer Dia Mundial de la R\u00e0dio\u00a0i el 2012 l\u2019Assemblea General de les Nacions Unides van aprovar la celebraci\u00f3 d\u2019aquesta jornada com a dia internacional de les Nacions Unides. \u00c9s un dia destinat a agrair a les emissores les not\u00edcies que difonen, les veus que amplifiquen i les hist\u00f2ries que comparteixen.<\/p>\n","protected":false},"author":1,"featured_media":18829,"comment_status":"open","ping_status":"open","sticky":false,"template":"","format":"standard","meta":{"_bbp_topic_count":0,"_bbp_reply_count":0,"_bbp_total_topic_count":0,"_bbp_total_reply_count":0,"_bbp_voice_count":0,"_bbp_anonymous_reply_count":0,"_bbp_topic_count_hidden":0,"_bbp_reply_count_hidden":0,"_bbp_forum_subforum_count":0,"site-sidebar-layout":"default","site-content-layout":"","ast-site-content-layout":"default","site-content-style":"default","site-sidebar-style":"default","ast-global-header-display":"","ast-banner-title-visibility":"","ast-main-header-display":"","ast-hfb-above-header-display":"","ast-hfb-below-header-display":"","ast-hfb-mobile-header-display":"","site-post-title":"","ast-breadcrumbs-content":"","ast-featured-img":"","footer-sml-layout":"","theme-transparent-header-meta":"","adv-header-id-meta":"","stick-header-meta":"","header-above-stick-meta":"","header-main-stick-meta":"","header-below-stick-meta":"","astra-migrate-meta-layouts":"set","ast-page-background-enabled":"default","ast-page-background-meta":{"desktop":{"background-color":"var(--ast-global-color-4)","background-image":"","background-repeat":"repeat","background-position":"center center","background-size":"auto","background-attachment":"scroll","background-type":"","background-media":"","overlay-type":"","overlay-color":"","overlay-opacity":"","overlay-gradient":""},"tablet":{"background-color":"","background-image":"","background-repeat":"repeat","background-position":"center center","background-size":"auto","background-attachment":"scroll","background-type":"","background-media":"","overlay-type":"","overlay-color":"","overlay-opacity":"","overlay-gradient":""},"mobile":{"background-color":"","background-image":"","background-repeat":"repeat","background-position":"center center","background-size":"auto","background-attachment":"scroll","background-type":"","background-media":"","overlay-type":"","overlay-color":"","overlay-opacity":"","overlay-gradient":""}},"ast-content-background-meta":{"desktop":{"background-color":"var(--ast-global-color-5)","background-image":"","background-repeat":"repeat","background-position":"center center","background-size":"auto","background-attachment":"scroll","background-type":"","background-media":"","overlay-type":"","overlay-color":"","overlay-opacity":"","overlay-gradient":""},"tablet":{"background-color":"var(--ast-global-color-5)","background-image":"","background-repeat":"repeat","background-position":"center center","background-size":"auto","background-attachment":"scroll","background-type":"","background-media":"","overlay-type":"","overlay-color":"","overlay-opacity":"","overlay-gradient":""},"mobile":{"background-color":"var(--ast-global-color-5)","background-image":"","background-repeat":"repeat","background-position":"center center","background-size":"auto","background-attachment":"scroll","background-type":"","background-media":"","overlay-type":"","overlay-color":"","overlay-opacity":"","overlay-gradient":""}},"footnotes":""},"categories":[29,1507],"tags":[1586],"class_list":["post-18827","post","type-post","status-publish","format-standard","has-post-thumbnail","hentry","category-portada","category-radio","tag-radio-2"],"post_mailing_queue_ids":[],"_links":{"self":[{"href":"https:\/\/serveiseducatius.xtec.cat\/vallesoccidental3\/wp-json\/wp\/v2\/posts\/18827","targetHints":{"allow":["GET"]}}],"collection":[{"href":"https:\/\/serveiseducatius.xtec.cat\/vallesoccidental3\/wp-json\/wp\/v2\/posts"}],"about":[{"href":"https:\/\/serveiseducatius.xtec.cat\/vallesoccidental3\/wp-json\/wp\/v2\/types\/post"}],"author":[{"embeddable":true,"href":"https:\/\/serveiseducatius.xtec.cat\/vallesoccidental3\/wp-json\/wp\/v2\/users\/1"}],"replies":[{"embeddable":true,"href":"https:\/\/serveiseducatius.xtec.cat\/vallesoccidental3\/wp-json\/wp\/v2\/comments?post=18827"}],"version-history":[{"count":6,"href":"https:\/\/serveiseducatius.xtec.cat\/vallesoccidental3\/wp-json\/wp\/v2\/posts\/18827\/revisions"}],"predecessor-version":[{"id":18841,"href":"https:\/\/serveiseducatius.xtec.cat\/vallesoccidental3\/wp-json\/wp\/v2\/posts\/18827\/revisions\/18841"}],"wp:featuredmedia":[{"embeddable":true,"href":"https:\/\/serveiseducatius.xtec.cat\/vallesoccidental3\/wp-json\/wp\/v2\/media\/18829"}],"wp:attachment":[{"href":"https:\/\/serveiseducatius.xtec.cat\/vallesoccidental3\/wp-json\/wp\/v2\/media?parent=18827"}],"wp:term":[{"taxonomy":"category","embeddable":true,"href":"https:\/\/serveiseducatius.xtec.cat\/vallesoccidental3\/wp-json\/wp\/v2\/categories?post=18827"},{"taxonomy":"post_tag","embeddable":true,"href":"https:\/\/serveiseducatius.xtec.cat\/vallesoccidental3\/wp-json\/wp\/v2\/tags?post=18827"}],"curies":[{"name":"wp","href":"https:\/\/api.w.org\/{rel}","templated":true}]}}