{"id":18617,"date":"2025-12-12T11:22:26","date_gmt":"2025-12-12T10:22:26","guid":{"rendered":"https:\/\/serveiseducatius.xtec.cat\/vallesoccidental3\/?p=18617"},"modified":"2025-12-12T11:43:04","modified_gmt":"2025-12-12T10:43:04","slug":"yo-mediadora-mediacion-y-formacion-de-lectores-de-felipe-munita","status":"publish","type":"post","link":"https:\/\/serveiseducatius.xtec.cat\/vallesoccidental3\/biblioteca-escolar\/yo-mediadora-mediacion-y-formacion-de-lectores-de-felipe-munita\/","title":{"rendered":"Yo, mediador(a): mediaci\u00f3n y formaci\u00f3n de lectores, de Felipe Munita"},"content":{"rendered":"\n<figure class=\"wp-block-image aligncenter size-full is-resized\"><a href=\"https:\/\/serveiseducatius.xtec.cat\/vallesoccidental3\/wp-content\/uploads\/usu1147\/2025\/12\/Yo-mediador-a-668x1024-1.jpg\"><img loading=\"lazy\" decoding=\"async\" width=\"668\" height=\"1024\" src=\"https:\/\/serveiseducatius.xtec.cat\/vallesoccidental3\/wp-content\/uploads\/usu1147\/2025\/12\/Yo-mediador-a-668x1024-1.jpg\" alt=\"\" class=\"wp-image-18627\" style=\"width:271px;height:auto\" srcset=\"https:\/\/serveiseducatius.xtec.cat\/vallesoccidental3\/wp-content\/uploads\/usu1147\/2025\/12\/Yo-mediador-a-668x1024-1.jpg 668w, https:\/\/serveiseducatius.xtec.cat\/vallesoccidental3\/wp-content\/uploads\/usu1147\/2025\/12\/Yo-mediador-a-668x1024-1-196x300.jpg 196w\" sizes=\"auto, (max-width: 668px) 100vw, 668px\" \/><\/a><\/figure>\n\n\n\n<p><em>Yo, mediador(a): mediaci\u00f3n y formaci\u00f3n de lectores<\/em>&nbsp;\u00e9s un llibre imprescindible per a tothom qui acompanyi processos lectors. Felipe Munita combina la seva experi\u00e8ncia personal amb reflexions sobre qu\u00e8 significa ser mediador de lectura: no nom\u00e9s acostar llibres a les persones, sin\u00f3 ajudar-les a connectar-hi de manera real.<\/p>\n\n\n\n<p>L\u2019autor parteix de la seva traject\u00f2ria i ens mostra com la mediaci\u00f3 pot transformar l\u2019experi\u00e8ncia lectora. El llibre combina teoria i pr\u00e0ctica, amb exemples concrets i idees que funcionen en escoles, biblioteques i altres espais educatius. Tamb\u00e9 reflexiona sobre el context social i els reptes de promoure la lectura, sempre amb un llenguatge clar i proper.<\/p>\n\n\n\n<p>\u00c9s un text que inspira: recorda que la lectura no \u00e9s nom\u00e9s llegir, sin\u00f3 crear vincles, compartir emocions i fer que cada trobada amb un llibre sigui una experi\u00e8ncia significativa.&nbsp;<\/p>\n","protected":false},"excerpt":{"rendered":"<p>Yo, mediador(a): mediaci\u00f3n y formaci\u00f3n de lectores&nbsp;\u00e9s un llibre imprescindible per a tothom qui acompanyi processos lectors. Felipe Munita combina la seva experi\u00e8ncia personal amb reflexions sobre qu\u00e8 significa ser mediador de lectura: no nom\u00e9s acostar llibres a les persones, sin\u00f3 ajudar-les a connectar-hi de manera real. L\u2019autor parteix de la seva traject\u00f2ria i ens [&hellip;]<\/p>\n","protected":false},"author":1,"featured_media":18618,"comment_status":"open","ping_status":"open","sticky":false,"template":"","format":"standard","meta":{"_bbp_topic_count":0,"_bbp_reply_count":0,"_bbp_total_topic_count":0,"_bbp_total_reply_count":0,"_bbp_voice_count":0,"_bbp_anonymous_reply_count":0,"_bbp_topic_count_hidden":0,"_bbp_reply_count_hidden":0,"_bbp_forum_subforum_count":0,"site-sidebar-layout":"default","site-content-layout":"","ast-site-content-layout":"default","site-content-style":"default","site-sidebar-style":"default","ast-global-header-display":"","ast-banner-title-visibility":"","ast-main-header-display":"","ast-hfb-above-header-display":"","ast-hfb-below-header-display":"","ast-hfb-mobile-header-display":"","site-post-title":"disabled","ast-breadcrumbs-content":"","ast-featured-img":"","footer-sml-layout":"","theme-transparent-header-meta":"","adv-header-id-meta":"","stick-header-meta":"","header-above-stick-meta":"","header-main-stick-meta":"","header-below-stick-meta":"","astra-migrate-meta-layouts":"set","ast-page-background-enabled":"default","ast-page-background-meta":{"desktop":{"background-color":"var(--ast-global-color-4)","background-image":"","background-repeat":"repeat","background-position":"center center","background-size":"auto","background-attachment":"scroll","background-type":"","background-media":"","overlay-type":"","overlay-color":"","overlay-opacity":"","overlay-gradient":""},"tablet":{"background-color":"","background-image":"","background-repeat":"repeat","background-position":"center center","background-size":"auto","background-attachment":"scroll","background-type":"","background-media":"","overlay-type":"","overlay-color":"","overlay-opacity":"","overlay-gradient":""},"mobile":{"background-color":"","background-image":"","background-repeat":"repeat","background-position":"center center","background-size":"auto","background-attachment":"scroll","background-type":"","background-media":"","overlay-type":"","overlay-color":"","overlay-opacity":"","overlay-gradient":""}},"ast-content-background-meta":{"desktop":{"background-color":"var(--ast-global-color-5)","background-image":"","background-repeat":"repeat","background-position":"center center","background-size":"auto","background-attachment":"scroll","background-type":"","background-media":"","overlay-type":"","overlay-color":"","overlay-opacity":"","overlay-gradient":""},"tablet":{"background-color":"var(--ast-global-color-5)","background-image":"","background-repeat":"repeat","background-position":"center center","background-size":"auto","background-attachment":"scroll","background-type":"","background-media":"","overlay-type":"","overlay-color":"","overlay-opacity":"","overlay-gradient":""},"mobile":{"background-color":"var(--ast-global-color-5)","background-image":"","background-repeat":"repeat","background-position":"center center","background-size":"auto","background-attachment":"scroll","background-type":"","background-media":"","overlay-type":"","overlay-color":"","overlay-opacity":"","overlay-gradient":""}},"footnotes":""},"categories":[81],"tags":[1575],"class_list":["post-18617","post","type-post","status-publish","format-standard","has-post-thumbnail","hentry","category-biblioteca-escolar","tag-sem-bib-25-26"],"post_mailing_queue_ids":[],"_links":{"self":[{"href":"https:\/\/serveiseducatius.xtec.cat\/vallesoccidental3\/wp-json\/wp\/v2\/posts\/18617","targetHints":{"allow":["GET"]}}],"collection":[{"href":"https:\/\/serveiseducatius.xtec.cat\/vallesoccidental3\/wp-json\/wp\/v2\/posts"}],"about":[{"href":"https:\/\/serveiseducatius.xtec.cat\/vallesoccidental3\/wp-json\/wp\/v2\/types\/post"}],"author":[{"embeddable":true,"href":"https:\/\/serveiseducatius.xtec.cat\/vallesoccidental3\/wp-json\/wp\/v2\/users\/1"}],"replies":[{"embeddable":true,"href":"https:\/\/serveiseducatius.xtec.cat\/vallesoccidental3\/wp-json\/wp\/v2\/comments?post=18617"}],"version-history":[{"count":3,"href":"https:\/\/serveiseducatius.xtec.cat\/vallesoccidental3\/wp-json\/wp\/v2\/posts\/18617\/revisions"}],"predecessor-version":[{"id":18629,"href":"https:\/\/serveiseducatius.xtec.cat\/vallesoccidental3\/wp-json\/wp\/v2\/posts\/18617\/revisions\/18629"}],"wp:featuredmedia":[{"embeddable":true,"href":"https:\/\/serveiseducatius.xtec.cat\/vallesoccidental3\/wp-json\/wp\/v2\/media\/18618"}],"wp:attachment":[{"href":"https:\/\/serveiseducatius.xtec.cat\/vallesoccidental3\/wp-json\/wp\/v2\/media?parent=18617"}],"wp:term":[{"taxonomy":"category","embeddable":true,"href":"https:\/\/serveiseducatius.xtec.cat\/vallesoccidental3\/wp-json\/wp\/v2\/categories?post=18617"},{"taxonomy":"post_tag","embeddable":true,"href":"https:\/\/serveiseducatius.xtec.cat\/vallesoccidental3\/wp-json\/wp\/v2\/tags?post=18617"}],"curies":[{"name":"wp","href":"https:\/\/api.w.org\/{rel}","templated":true}]}}