{"id":1861,"date":"2016-07-01T19:31:34","date_gmt":"2016-07-01T18:31:34","guid":{"rendered":"http:\/\/serveiseducatius.xtec.cat\/vallesoccidental3\/?p=1861"},"modified":"2016-07-01T19:31:34","modified_gmt":"2016-07-01T18:31:34","slug":"lescola-montessori-apadrina-el-ball-de-gitanes-de-rubi","status":"publish","type":"post","link":"https:\/\/serveiseducatius.xtec.cat\/vallesoccidental3\/apadrinem-el-nostre-patrimoni\/lescola-montessori-apadrina-el-ball-de-gitanes-de-rubi\/","title":{"rendered":"L&#8217;Escola Montessori apadrina el Ball de gitanes de Rub\u00ed"},"content":{"rendered":"<p>Des de fa 12 anys, celebrem una diada en la que el Ball de Gitanes de Rub\u00ed \u00e9s el nostre protagonista, i tothom, nens i nenes, mestres i fam\u00edlies, acudim plegats.<\/p>\n<p style=\"text-align: left;\"><a href=\"http:\/\/serveiseducatius.xtec.cat\/vallesoccidental3\/wp-content\/uploads\/usu1147\/2016\/07\/gitanes.jpg\" rel=\"attachment wp-att-1862\"><img loading=\"lazy\" decoding=\"async\" class=\"size-full wp-image-1862 aligncenter\" src=\"http:\/\/serveiseducatius.xtec.cat\/vallesoccidental3\/wp-content\/uploads\/usu1147\/2016\/07\/gitanes.jpg\" alt=\"gitanes\" width=\"320\" height=\"240\" srcset=\"https:\/\/serveiseducatius.xtec.cat\/vallesoccidental3\/wp-content\/uploads\/usu1147\/2016\/07\/gitanes.jpg 320w, https:\/\/serveiseducatius.xtec.cat\/vallesoccidental3\/wp-content\/uploads\/usu1147\/2016\/07\/gitanes-300x225.jpg 300w, https:\/\/serveiseducatius.xtec.cat\/vallesoccidental3\/wp-content\/uploads\/usu1147\/2016\/07\/gitanes-200x150.jpg 200w\" sizes=\"auto, (max-width: 320px) 100vw, 320px\" \/><\/a><\/p>\n<p style=\"text-align: left;\">Tots junts, ballem l\u2019entrada d\u2019aquesta dansa. Hem aconseguit que aquest fet cultural tan important de la nostra ciutatsigui viscut tamb\u00e9 com a nostre. Aprofitant aquesta motivaci\u00f3, i la il\u00b7lusi\u00f3 de la que tots plegats gaudim, vam acceptar la proposta del Centre de Recursos Pedag\u00f2gics d\u2019apadrinar quelcom lligat a la cultura de Rub\u00ed.<\/p>\n<p>Des del primer moment, a l\u2019escola vam tenir molt clar que vol\u00edem ser padrins d\u2019aquest ball que tant ens estimem.<\/p>\n<p>En aquest\u00a0<a href=\"http:\/\/apadrinamentballgitanesrubi.blogspot.com.es\/p\/presentacio.html\" target=\"_blank\">enlla\u00e7<\/a> trobareu m\u00e9s informaci\u00f3 sobre aquest projecte<\/p>\n","protected":false},"excerpt":{"rendered":"<p>Des de fa 12 anys, celebrem una diada en la que el Ball de Gitanes de Rub\u00ed \u00e9s el nostre protagonista, i tothom, nens i nenes, mestres i fam\u00edlies, acudim plegats. Tots junts, ballem l\u2019entrada d\u2019aquesta dansa. Hem aconseguit que aquest fet cultural tan important de la nostra ciutatsigui viscut tamb\u00e9 com a nostre. Aprofitant [&hellip;]<\/p>\n","protected":false},"author":1,"featured_media":0,"comment_status":"open","ping_status":"open","sticky":false,"template":"","format":"standard","meta":{"_bbp_topic_count":0,"_bbp_reply_count":0,"_bbp_total_topic_count":0,"_bbp_total_reply_count":0,"_bbp_voice_count":0,"_bbp_anonymous_reply_count":0,"_bbp_topic_count_hidden":0,"_bbp_reply_count_hidden":0,"_bbp_forum_subforum_count":0,"site-sidebar-layout":"default","site-content-layout":"","ast-site-content-layout":"","site-content-style":"default","site-sidebar-style":"default","ast-global-header-display":"","ast-banner-title-visibility":"","ast-main-header-display":"","ast-hfb-above-header-display":"","ast-hfb-below-header-display":"","ast-hfb-mobile-header-display":"","site-post-title":"","ast-breadcrumbs-content":"","ast-featured-img":"","footer-sml-layout":"","theme-transparent-header-meta":"","adv-header-id-meta":"","stick-header-meta":"","header-above-stick-meta":"","header-main-stick-meta":"","header-below-stick-meta":"","astra-migrate-meta-layouts":"default","ast-page-background-enabled":"default","ast-page-background-meta":{"desktop":{"background-color":"var(--ast-global-color-4)","background-image":"","background-repeat":"repeat","background-position":"center center","background-size":"auto","background-attachment":"scroll","background-type":"","background-media":"","overlay-type":"","overlay-color":"","overlay-opacity":"","overlay-gradient":""},"tablet":{"background-color":"","background-image":"","background-repeat":"repeat","background-position":"center center","background-size":"auto","background-attachment":"scroll","background-type":"","background-media":"","overlay-type":"","overlay-color":"","overlay-opacity":"","overlay-gradient":""},"mobile":{"background-color":"","background-image":"","background-repeat":"repeat","background-position":"center center","background-size":"auto","background-attachment":"scroll","background-type":"","background-media":"","overlay-type":"","overlay-color":"","overlay-opacity":"","overlay-gradient":""}},"ast-content-background-meta":{"desktop":{"background-color":"var(--ast-global-color-5)","background-image":"","background-repeat":"repeat","background-position":"center center","background-size":"auto","background-attachment":"scroll","background-type":"","background-media":"","overlay-type":"","overlay-color":"","overlay-opacity":"","overlay-gradient":""},"tablet":{"background-color":"var(--ast-global-color-5)","background-image":"","background-repeat":"repeat","background-position":"center center","background-size":"auto","background-attachment":"scroll","background-type":"","background-media":"","overlay-type":"","overlay-color":"","overlay-opacity":"","overlay-gradient":""},"mobile":{"background-color":"var(--ast-global-color-5)","background-image":"","background-repeat":"repeat","background-position":"center center","background-size":"auto","background-attachment":"scroll","background-type":"","background-media":"","overlay-type":"","overlay-color":"","overlay-opacity":"","overlay-gradient":""}},"footnotes":""},"categories":[79],"tags":[],"class_list":["post-1861","post","type-post","status-publish","format-standard","hentry","category-apadrinem-el-nostre-patrimoni"],"post_mailing_queue_ids":[],"_links":{"self":[{"href":"https:\/\/serveiseducatius.xtec.cat\/vallesoccidental3\/wp-json\/wp\/v2\/posts\/1861","targetHints":{"allow":["GET"]}}],"collection":[{"href":"https:\/\/serveiseducatius.xtec.cat\/vallesoccidental3\/wp-json\/wp\/v2\/posts"}],"about":[{"href":"https:\/\/serveiseducatius.xtec.cat\/vallesoccidental3\/wp-json\/wp\/v2\/types\/post"}],"author":[{"embeddable":true,"href":"https:\/\/serveiseducatius.xtec.cat\/vallesoccidental3\/wp-json\/wp\/v2\/users\/1"}],"replies":[{"embeddable":true,"href":"https:\/\/serveiseducatius.xtec.cat\/vallesoccidental3\/wp-json\/wp\/v2\/comments?post=1861"}],"version-history":[{"count":1,"href":"https:\/\/serveiseducatius.xtec.cat\/vallesoccidental3\/wp-json\/wp\/v2\/posts\/1861\/revisions"}],"predecessor-version":[{"id":1863,"href":"https:\/\/serveiseducatius.xtec.cat\/vallesoccidental3\/wp-json\/wp\/v2\/posts\/1861\/revisions\/1863"}],"wp:attachment":[{"href":"https:\/\/serveiseducatius.xtec.cat\/vallesoccidental3\/wp-json\/wp\/v2\/media?parent=1861"}],"wp:term":[{"taxonomy":"category","embeddable":true,"href":"https:\/\/serveiseducatius.xtec.cat\/vallesoccidental3\/wp-json\/wp\/v2\/categories?post=1861"},{"taxonomy":"post_tag","embeddable":true,"href":"https:\/\/serveiseducatius.xtec.cat\/vallesoccidental3\/wp-json\/wp\/v2\/tags?post=1861"}],"curies":[{"name":"wp","href":"https:\/\/api.w.org\/{rel}","templated":true}]}}