{"id":17101,"date":"2025-01-31T11:58:18","date_gmt":"2025-01-31T10:58:18","guid":{"rendered":"https:\/\/serveiseducatius.xtec.cat\/vallesoccidental3\/?p=17101"},"modified":"2025-02-04T17:01:18","modified_gmt":"2025-02-04T16:01:18","slug":"iii-jornada-coeducacio-rubi","status":"publish","type":"post","link":"https:\/\/serveiseducatius.xtec.cat\/vallesoccidental3\/general\/iii-jornada-coeducacio-rubi\/","title":{"rendered":"III JORNADA COEDUCACI\u00d3 RUB\u00cd"},"content":{"rendered":"<p><img loading=\"lazy\" decoding=\"async\" class=\"wp-image-17102 aligncenter\" src=\"https:\/\/serveiseducatius.xtec.cat\/vallesoccidental3\/wp-content\/uploads\/usu1147\/2025\/01\/imatge-formulari-III-Jornades-Coeducacio-.png\" alt=\"\" width=\"701\" height=\"394\" srcset=\"https:\/\/serveiseducatius.xtec.cat\/vallesoccidental3\/wp-content\/uploads\/usu1147\/2025\/01\/imatge-formulari-III-Jornades-Coeducacio-.png 1920w, https:\/\/serveiseducatius.xtec.cat\/vallesoccidental3\/wp-content\/uploads\/usu1147\/2025\/01\/imatge-formulari-III-Jornades-Coeducacio--300x169.png 300w, https:\/\/serveiseducatius.xtec.cat\/vallesoccidental3\/wp-content\/uploads\/usu1147\/2025\/01\/imatge-formulari-III-Jornades-Coeducacio--1024x576.png 1024w, https:\/\/serveiseducatius.xtec.cat\/vallesoccidental3\/wp-content\/uploads\/usu1147\/2025\/01\/imatge-formulari-III-Jornades-Coeducacio--768x432.png 768w, https:\/\/serveiseducatius.xtec.cat\/vallesoccidental3\/wp-content\/uploads\/usu1147\/2025\/01\/imatge-formulari-III-Jornades-Coeducacio--1536x864.png 1536w\" sizes=\"auto, (max-width: 701px) 100vw, 701px\" \/><\/p>\n<p>La tem\u00e0tica d\u2019enguany ser\u00e0 \u2018\u2019<em><strong>Experi\u00e8ncies restauratives amb perspectiva interseccional<\/strong><\/em>\u2019\u2019\u00a0en l\u2019abordatge dels conflictes i les discriminacions.<\/p>\n<p>L&#8217;objectiu \u00e9s que les jornades esdevinguin un espai que permeti a les assistents entendre quines din\u00e0miques de poder, rang i privilegi hi ha a les aules i la import\u00e0ncia de no obviar la interseccionalitat a l&#8217;hora d\u2019aplicar la mirada restaurativa.<\/p>\n<p>Al llarg de la sessi\u00f3 es realitzaran diferents pon\u00e8ncies i treball per grups dinamitzats per formadores expertes en la mat\u00e8ria.<\/p>\n<p style=\"font-weight: 400;\">Quan:<strong>\u00a0<\/strong><strong>dissabte 15 de febrer<\/strong> de 9 a 14 h<\/p>\n<p style=\"font-weight: 400;\">On: a la <strong>Biblioteca Mestre Mart\u00ed Tauler\u00a0<\/strong>(C\/Aribau, 5, 08191 Rub\u00ed)<\/p>\n<p style=\"font-weight: 400;\"><strong><a href=\"https:\/\/forms.gle\/qwAYMMNtr1R59Uy3A\" target=\"_blank\" rel=\"noopener\">Inscripcions<\/a><\/strong> obertes.<\/p>\n<p><a href=\"https:\/\/drive.google.com\/file\/d\/1dHnNx-UVBOadz2cMDBmZbu6VRD2Eaz0C\/view?usp=sharing\" target=\"_blank\" rel=\"noopener\">Programa<\/a> de la Jornada.<\/p>\n","protected":false},"excerpt":{"rendered":"<p>La tem\u00e0tica d\u2019enguany ser\u00e0 \u2018\u2019Experi\u00e8ncies restauratives amb perspectiva interseccional\u2019\u2019\u00a0en l\u2019abordatge dels conflictes i les discriminacions. L&#8217;objectiu \u00e9s que les jornades esdevinguin un espai que permeti a les assistents entendre quines din\u00e0miques de poder, rang i privilegi hi ha a les aules i la import\u00e0ncia de no obviar la interseccionalitat a l&#8217;hora d\u2019aplicar la mirada restaurativa. [&hellip;]<\/p>\n","protected":false},"author":1,"featured_media":0,"comment_status":"open","ping_status":"closed","sticky":false,"template":"","format":"standard","meta":{"_bbp_topic_count":0,"_bbp_reply_count":0,"_bbp_total_topic_count":0,"_bbp_total_reply_count":0,"_bbp_voice_count":0,"_bbp_anonymous_reply_count":0,"_bbp_topic_count_hidden":0,"_bbp_reply_count_hidden":0,"_bbp_forum_subforum_count":0,"site-sidebar-layout":"default","site-content-layout":"","ast-site-content-layout":"","site-content-style":"default","site-sidebar-style":"default","ast-global-header-display":"","ast-banner-title-visibility":"","ast-main-header-display":"","ast-hfb-above-header-display":"","ast-hfb-below-header-display":"","ast-hfb-mobile-header-display":"","site-post-title":"","ast-breadcrumbs-content":"","ast-featured-img":"","footer-sml-layout":"","theme-transparent-header-meta":"","adv-header-id-meta":"","stick-header-meta":"","header-above-stick-meta":"","header-main-stick-meta":"","header-below-stick-meta":"","astra-migrate-meta-layouts":"default","ast-page-background-enabled":"default","ast-page-background-meta":{"desktop":{"background-color":"var(--ast-global-color-4)","background-image":"","background-repeat":"repeat","background-position":"center center","background-size":"auto","background-attachment":"scroll","background-type":"","background-media":"","overlay-type":"","overlay-color":"","overlay-opacity":"","overlay-gradient":""},"tablet":{"background-color":"","background-image":"","background-repeat":"repeat","background-position":"center center","background-size":"auto","background-attachment":"scroll","background-type":"","background-media":"","overlay-type":"","overlay-color":"","overlay-opacity":"","overlay-gradient":""},"mobile":{"background-color":"","background-image":"","background-repeat":"repeat","background-position":"center center","background-size":"auto","background-attachment":"scroll","background-type":"","background-media":"","overlay-type":"","overlay-color":"","overlay-opacity":"","overlay-gradient":""}},"ast-content-background-meta":{"desktop":{"background-color":"var(--ast-global-color-5)","background-image":"","background-repeat":"repeat","background-position":"center center","background-size":"auto","background-attachment":"scroll","background-type":"","background-media":"","overlay-type":"","overlay-color":"","overlay-opacity":"","overlay-gradient":""},"tablet":{"background-color":"var(--ast-global-color-5)","background-image":"","background-repeat":"repeat","background-position":"center center","background-size":"auto","background-attachment":"scroll","background-type":"","background-media":"","overlay-type":"","overlay-color":"","overlay-opacity":"","overlay-gradient":""},"mobile":{"background-color":"var(--ast-global-color-5)","background-image":"","background-repeat":"repeat","background-position":"center center","background-size":"auto","background-attachment":"scroll","background-type":"","background-media":"","overlay-type":"","overlay-color":"","overlay-opacity":"","overlay-gradient":""}},"footnotes":""},"categories":[1080,1406,1,1079,29],"tags":[],"class_list":["post-17101","post","type-post","status-publish","format-standard","hentry","category-coeducacio","category-cocobe","category-general","category-jornades","category-portada"],"post_mailing_queue_ids":[],"_links":{"self":[{"href":"https:\/\/serveiseducatius.xtec.cat\/vallesoccidental3\/wp-json\/wp\/v2\/posts\/17101","targetHints":{"allow":["GET"]}}],"collection":[{"href":"https:\/\/serveiseducatius.xtec.cat\/vallesoccidental3\/wp-json\/wp\/v2\/posts"}],"about":[{"href":"https:\/\/serveiseducatius.xtec.cat\/vallesoccidental3\/wp-json\/wp\/v2\/types\/post"}],"author":[{"embeddable":true,"href":"https:\/\/serveiseducatius.xtec.cat\/vallesoccidental3\/wp-json\/wp\/v2\/users\/1"}],"replies":[{"embeddable":true,"href":"https:\/\/serveiseducatius.xtec.cat\/vallesoccidental3\/wp-json\/wp\/v2\/comments?post=17101"}],"version-history":[{"count":5,"href":"https:\/\/serveiseducatius.xtec.cat\/vallesoccidental3\/wp-json\/wp\/v2\/posts\/17101\/revisions"}],"predecessor-version":[{"id":17113,"href":"https:\/\/serveiseducatius.xtec.cat\/vallesoccidental3\/wp-json\/wp\/v2\/posts\/17101\/revisions\/17113"}],"wp:attachment":[{"href":"https:\/\/serveiseducatius.xtec.cat\/vallesoccidental3\/wp-json\/wp\/v2\/media?parent=17101"}],"wp:term":[{"taxonomy":"category","embeddable":true,"href":"https:\/\/serveiseducatius.xtec.cat\/vallesoccidental3\/wp-json\/wp\/v2\/categories?post=17101"},{"taxonomy":"post_tag","embeddable":true,"href":"https:\/\/serveiseducatius.xtec.cat\/vallesoccidental3\/wp-json\/wp\/v2\/tags?post=17101"}],"curies":[{"name":"wp","href":"https:\/\/api.w.org\/{rel}","templated":true}]}}