{"id":17093,"date":"2025-01-31T09:23:05","date_gmt":"2025-01-31T08:23:05","guid":{"rendered":"https:\/\/serveiseducatius.xtec.cat\/vallesoccidental3\/?p=17093"},"modified":"2025-01-31T09:24:05","modified_gmt":"2025-01-31T08:24:05","slug":"pluges-de-pau-denip-2025","status":"publish","type":"post","link":"https:\/\/serveiseducatius.xtec.cat\/vallesoccidental3\/portada\/pluges-de-pau-denip-2025\/","title":{"rendered":"&#8220;Pluges de Pau&#8221; (DENIP 2025)"},"content":{"rendered":"<p><img loading=\"lazy\" decoding=\"async\" class=\" wp-image-17098 aligncenter\" src=\"https:\/\/serveiseducatius.xtec.cat\/vallesoccidental3\/wp-content\/uploads\/usu1147\/2025\/01\/denip00.jpg\" alt=\"\" width=\"915\" height=\"450\" srcset=\"https:\/\/serveiseducatius.xtec.cat\/vallesoccidental3\/wp-content\/uploads\/usu1147\/2025\/01\/denip00.jpg 1067w, https:\/\/serveiseducatius.xtec.cat\/vallesoccidental3\/wp-content\/uploads\/usu1147\/2025\/01\/denip00-300x148.jpg 300w, https:\/\/serveiseducatius.xtec.cat\/vallesoccidental3\/wp-content\/uploads\/usu1147\/2025\/01\/denip00-1024x504.jpg 1024w, https:\/\/serveiseducatius.xtec.cat\/vallesoccidental3\/wp-content\/uploads\/usu1147\/2025\/01\/denip00-768x378.jpg 768w\" sizes=\"auto, (max-width: 915px) 100vw, 915px\" \/><\/p>\n<p>Amb la instal\u00b7laci\u00f3 art\u00edstica col\u00b7lectiva <strong><em>Pluges de Pau<\/em><\/strong> al Celler cooperatiu ha culminat l&#8217;experi\u00e8ncia art\u00edstica col\u00b7lectiva que han fet nens i nenes de 6\u00e8 de prim\u00e0ria de Rub\u00ed <span style=\"font-family: inherit; font-size: 1em;\">per reflexionar <\/span>sobre els compromisos personals, grupals i col\u00b7lectius que intervenen en la construcci\u00f3 de pau<span style=\"font-family: inherit; font-size: 1em;\">.<\/span><\/p>\n<p>Les escoles Ca n&#8217;Alzamora, Ca n\u2019Oriol, Moss\u00e8n Cinto Verdaguer, Ramon Llull, Ribas, Montessori, 25 de Setembre i Regina Carmeli han participat en el programa de tallers per a la promoci\u00f3 dels drets humans, la pau i la noviol\u00e8ncia impulsat per l&#8217;Ajuntament de Rub\u00ed en col\u00b7laboraci\u00f3 amb l&#8217;Associaci\u00f3 Creart per a celebrar i commemorar el 30\/01\/25 el <strong>Dia Escolar de la Noviol\u00e8ncia i la Pau<\/strong> (DENIP), dins del Programa d\u2019Educaci\u00f3 per a la Ciutadania Global (ECG) amb suport de la Diputaci\u00f3 de Barcelona (DIBA).<\/p>\n<p><img loading=\"lazy\" decoding=\"async\" class=\" wp-image-17096 aligncenter\" src=\"https:\/\/serveiseducatius.xtec.cat\/vallesoccidental3\/wp-content\/uploads\/usu1147\/2025\/01\/denip6.jpg\" alt=\"\" width=\"910\" height=\"635\" srcset=\"https:\/\/serveiseducatius.xtec.cat\/vallesoccidental3\/wp-content\/uploads\/usu1147\/2025\/01\/denip6.jpg 1149w, https:\/\/serveiseducatius.xtec.cat\/vallesoccidental3\/wp-content\/uploads\/usu1147\/2025\/01\/denip6-300x209.jpg 300w, https:\/\/serveiseducatius.xtec.cat\/vallesoccidental3\/wp-content\/uploads\/usu1147\/2025\/01\/denip6-1024x715.jpg 1024w, https:\/\/serveiseducatius.xtec.cat\/vallesoccidental3\/wp-content\/uploads\/usu1147\/2025\/01\/denip6-768x536.jpg 768w\" sizes=\"auto, (max-width: 910px) 100vw, 910px\" \/><\/p>\n<p><img loading=\"lazy\" decoding=\"async\" class=\" wp-image-17097 aligncenter\" src=\"https:\/\/serveiseducatius.xtec.cat\/vallesoccidental3\/wp-content\/uploads\/usu1147\/2025\/01\/denip7.jpg\" alt=\"\" width=\"910\" height=\"450\" srcset=\"https:\/\/serveiseducatius.xtec.cat\/vallesoccidental3\/wp-content\/uploads\/usu1147\/2025\/01\/denip7.jpg 1073w, https:\/\/serveiseducatius.xtec.cat\/vallesoccidental3\/wp-content\/uploads\/usu1147\/2025\/01\/denip7-300x148.jpg 300w, https:\/\/serveiseducatius.xtec.cat\/vallesoccidental3\/wp-content\/uploads\/usu1147\/2025\/01\/denip7-1024x507.jpg 1024w, https:\/\/serveiseducatius.xtec.cat\/vallesoccidental3\/wp-content\/uploads\/usu1147\/2025\/01\/denip7-768x380.jpg 768w\" sizes=\"auto, (max-width: 910px) 100vw, 910px\" \/><\/p>\n","protected":false},"excerpt":{"rendered":"<p>Amb la instal\u00b7laci\u00f3 art\u00edstica col\u00b7lectiva Pluges de Pau al Celler cooperatiu ha culminat l&#8217;experi\u00e8ncia art\u00edstica col\u00b7lectiva que han fet nens i nenes de 6\u00e8 de prim\u00e0ria de Rub\u00ed per reflexionar sobre els compromisos personals, grupals i col\u00b7lectius que intervenen en la construcci\u00f3 de pau. Les escoles Ca n&#8217;Alzamora, Ca n\u2019Oriol, Moss\u00e8n Cinto Verdaguer, Ramon Llull, [&hellip;]<\/p>\n","protected":false},"author":1,"featured_media":0,"comment_status":"closed","ping_status":"closed","sticky":false,"template":"","format":"standard","meta":{"_bbp_topic_count":0,"_bbp_reply_count":0,"_bbp_total_topic_count":0,"_bbp_total_reply_count":0,"_bbp_voice_count":0,"_bbp_anonymous_reply_count":0,"_bbp_topic_count_hidden":0,"_bbp_reply_count_hidden":0,"_bbp_forum_subforum_count":0,"site-sidebar-layout":"default","site-content-layout":"","ast-site-content-layout":"","site-content-style":"default","site-sidebar-style":"default","ast-global-header-display":"","ast-banner-title-visibility":"","ast-main-header-display":"","ast-hfb-above-header-display":"","ast-hfb-below-header-display":"","ast-hfb-mobile-header-display":"","site-post-title":"","ast-breadcrumbs-content":"","ast-featured-img":"","footer-sml-layout":"","theme-transparent-header-meta":"","adv-header-id-meta":"","stick-header-meta":"","header-above-stick-meta":"","header-main-stick-meta":"","header-below-stick-meta":"","astra-migrate-meta-layouts":"default","ast-page-background-enabled":"default","ast-page-background-meta":{"desktop":{"background-color":"var(--ast-global-color-4)","background-image":"","background-repeat":"repeat","background-position":"center center","background-size":"auto","background-attachment":"scroll","background-type":"","background-media":"","overlay-type":"","overlay-color":"","overlay-opacity":"","overlay-gradient":""},"tablet":{"background-color":"","background-image":"","background-repeat":"repeat","background-position":"center center","background-size":"auto","background-attachment":"scroll","background-type":"","background-media":"","overlay-type":"","overlay-color":"","overlay-opacity":"","overlay-gradient":""},"mobile":{"background-color":"","background-image":"","background-repeat":"repeat","background-position":"center center","background-size":"auto","background-attachment":"scroll","background-type":"","background-media":"","overlay-type":"","overlay-color":"","overlay-opacity":"","overlay-gradient":""}},"ast-content-background-meta":{"desktop":{"background-color":"var(--ast-global-color-5)","background-image":"","background-repeat":"repeat","background-position":"center center","background-size":"auto","background-attachment":"scroll","background-type":"","background-media":"","overlay-type":"","overlay-color":"","overlay-opacity":"","overlay-gradient":""},"tablet":{"background-color":"var(--ast-global-color-5)","background-image":"","background-repeat":"repeat","background-position":"center center","background-size":"auto","background-attachment":"scroll","background-type":"","background-media":"","overlay-type":"","overlay-color":"","overlay-opacity":"","overlay-gradient":""},"mobile":{"background-color":"var(--ast-global-color-5)","background-image":"","background-repeat":"repeat","background-position":"center center","background-size":"auto","background-attachment":"scroll","background-type":"","background-media":"","overlay-type":"","overlay-color":"","overlay-opacity":"","overlay-gradient":""}},"footnotes":""},"categories":[29],"tags":[1536],"class_list":["post-17093","post","type-post","status-publish","format-standard","hentry","category-portada","tag-denip"],"post_mailing_queue_ids":[],"_links":{"self":[{"href":"https:\/\/serveiseducatius.xtec.cat\/vallesoccidental3\/wp-json\/wp\/v2\/posts\/17093","targetHints":{"allow":["GET"]}}],"collection":[{"href":"https:\/\/serveiseducatius.xtec.cat\/vallesoccidental3\/wp-json\/wp\/v2\/posts"}],"about":[{"href":"https:\/\/serveiseducatius.xtec.cat\/vallesoccidental3\/wp-json\/wp\/v2\/types\/post"}],"author":[{"embeddable":true,"href":"https:\/\/serveiseducatius.xtec.cat\/vallesoccidental3\/wp-json\/wp\/v2\/users\/1"}],"replies":[{"embeddable":true,"href":"https:\/\/serveiseducatius.xtec.cat\/vallesoccidental3\/wp-json\/wp\/v2\/comments?post=17093"}],"version-history":[{"count":2,"href":"https:\/\/serveiseducatius.xtec.cat\/vallesoccidental3\/wp-json\/wp\/v2\/posts\/17093\/revisions"}],"predecessor-version":[{"id":17100,"href":"https:\/\/serveiseducatius.xtec.cat\/vallesoccidental3\/wp-json\/wp\/v2\/posts\/17093\/revisions\/17100"}],"wp:attachment":[{"href":"https:\/\/serveiseducatius.xtec.cat\/vallesoccidental3\/wp-json\/wp\/v2\/media?parent=17093"}],"wp:term":[{"taxonomy":"category","embeddable":true,"href":"https:\/\/serveiseducatius.xtec.cat\/vallesoccidental3\/wp-json\/wp\/v2\/categories?post=17093"},{"taxonomy":"post_tag","embeddable":true,"href":"https:\/\/serveiseducatius.xtec.cat\/vallesoccidental3\/wp-json\/wp\/v2\/tags?post=17093"}],"curies":[{"name":"wp","href":"https:\/\/api.w.org\/{rel}","templated":true}]}}