{"id":16540,"date":"2024-10-07T11:02:17","date_gmt":"2024-10-07T09:02:17","guid":{"rendered":"https:\/\/serveiseducatius.xtec.cat\/vallesoccidental3\/?p=16540"},"modified":"2024-10-07T11:04:09","modified_gmt":"2024-10-07T09:04:09","slug":"xerrades-taller-per-a-professorat-en-el-marc-de-la-setmana-bio","status":"publish","type":"post","link":"https:\/\/serveiseducatius.xtec.cat\/vallesoccidental3\/general\/xerrades-taller-per-a-professorat-en-el-marc-de-la-setmana-bio\/","title":{"rendered":"Xerrades-taller per a professorat en el marc de la Setmana Bio"},"content":{"rendered":"<p>La Setmana Bio se celebra del del 12 al 20 d\u2019octubre i es tracta d\u2019un esdeveniment on es proposen un conjunt d\u2019activitats que tenen l\u2019objectiu com\u00fa de promocionar i donar a con\u00e8ixer la producci\u00f3 i l\u2019alimentaci\u00f3 ecol\u00f2gica a tota la poblaci\u00f3.<\/p>\n<p>Tingueu en compte que algunes tanquen inscripcions ben aviat!<\/p>\n<p><a href=\"https:\/\/setmanabio.cat\/\">M\u00e9s informaci\u00f3<\/a><\/p>\n<p><a href=\"https:\/\/setmanabio.cat\/\" target=\"_blank\" rel=\"noopener\"><img loading=\"lazy\" decoding=\"async\" class=\"wp-image-16541 alignleft\" src=\"https:\/\/serveiseducatius.xtec.cat\/vallesoccidental3\/wp-content\/uploads\/usu1147\/2024\/10\/unnamed.jpg\" alt=\"\" width=\"483\" height=\"174\" srcset=\"https:\/\/serveiseducatius.xtec.cat\/vallesoccidental3\/wp-content\/uploads\/usu1147\/2024\/10\/unnamed.jpg 1209w, https:\/\/serveiseducatius.xtec.cat\/vallesoccidental3\/wp-content\/uploads\/usu1147\/2024\/10\/unnamed-300x108.jpg 300w, https:\/\/serveiseducatius.xtec.cat\/vallesoccidental3\/wp-content\/uploads\/usu1147\/2024\/10\/unnamed-1024x368.jpg 1024w, https:\/\/serveiseducatius.xtec.cat\/vallesoccidental3\/wp-content\/uploads\/usu1147\/2024\/10\/unnamed-768x276.jpg 768w\" sizes=\"auto, (max-width: 483px) 100vw, 483px\" \/><\/a><\/p>\n<p>Una de les activitats que s\u2019organitzen s\u00f3n xerrades-taller sobre Agroecologia Escolar i millora de la biodiversitat als horts escolars. Aquestes jornades s\u00f3n de car\u00e0cter formatiu i estan adre\u00e7ades a les docents que incideixen en l\u2019hort del seu centre i tamb\u00e9 al professorat dels centres que encara no tenen l\u2019hort escolar en funcionament i volen aprendre i iniciar-se en l\u2019Agroecologia escolar. A m\u00e9s, en aquestes jornades es fa entrega de planter i llavors ecol\u00f2giques perqu\u00e8 els centres puguin posar en marxa l\u2019hort d\u2019hivern.<\/p>\n<p>Les jornades es fan a diversos llocs de Catalunya, en el cas de l\u2019\u00c0rea Metropolitana, la jornada es fa a Fundesplai, al Prat de Llobregat el dimecres dia 9 d\u2019octubre de 17:30 a 20h. El programa consta d\u2019una xerrada sobre les idees principals de l\u2019agroecologia escolar d\u2019una hora de durada aproximada i un taller m\u00e9s pr\u00e0ctic amb propostes per les escoles per atraure i mantenir la biodiversitat en els horts escolars.<\/p>\n<p><a href=\"https:\/\/forms.office.com\/pages\/responsepage.aspx?id=SfgFOsongUOwfJvrJFJRYmavwfNgrVtMj9kkPnHBp5ZUREpBN1lQM0xOVVZIRzE3SldHTlRHS0xaVy4u&amp;route=shorturl\">INSCRIPCI\u00d3 A LA JORNADA<\/a><\/p>\n<p>Si voleu m\u00e9s informaci\u00f3 de les jornades podeu escriure a <a href=\"setmanabio@fundesplai.org\">setmanabio@fundesplai.org<\/a><\/p>\n","protected":false},"excerpt":{"rendered":"<p>La Setmana Bio se celebra del del 12 al 20 d\u2019octubre i es tracta d\u2019un esdeveniment on es proposen un conjunt d\u2019activitats que tenen l\u2019objectiu com\u00fa de promocionar i donar a con\u00e8ixer la producci\u00f3 i l\u2019alimentaci\u00f3 ecol\u00f2gica a tota la poblaci\u00f3. Tingueu en compte que algunes tanquen inscripcions ben aviat! M\u00e9s informaci\u00f3 Una de les [&hellip;]<\/p>\n","protected":false},"author":1,"featured_media":0,"comment_status":"open","ping_status":"closed","sticky":false,"template":"","format":"standard","meta":{"_bbp_topic_count":0,"_bbp_reply_count":0,"_bbp_total_topic_count":0,"_bbp_total_reply_count":0,"_bbp_voice_count":0,"_bbp_anonymous_reply_count":0,"_bbp_topic_count_hidden":0,"_bbp_reply_count_hidden":0,"_bbp_forum_subforum_count":0,"site-sidebar-layout":"default","site-content-layout":"","ast-site-content-layout":"","site-content-style":"default","site-sidebar-style":"default","ast-global-header-display":"","ast-banner-title-visibility":"","ast-main-header-display":"","ast-hfb-above-header-display":"","ast-hfb-below-header-display":"","ast-hfb-mobile-header-display":"","site-post-title":"","ast-breadcrumbs-content":"","ast-featured-img":"","footer-sml-layout":"","theme-transparent-header-meta":"","adv-header-id-meta":"","stick-header-meta":"","header-above-stick-meta":"","header-main-stick-meta":"","header-below-stick-meta":"","astra-migrate-meta-layouts":"default","ast-page-background-enabled":"default","ast-page-background-meta":{"desktop":{"background-color":"var(--ast-global-color-4)","background-image":"","background-repeat":"repeat","background-position":"center center","background-size":"auto","background-attachment":"scroll","background-type":"","background-media":"","overlay-type":"","overlay-color":"","overlay-opacity":"","overlay-gradient":""},"tablet":{"background-color":"","background-image":"","background-repeat":"repeat","background-position":"center center","background-size":"auto","background-attachment":"scroll","background-type":"","background-media":"","overlay-type":"","overlay-color":"","overlay-opacity":"","overlay-gradient":""},"mobile":{"background-color":"","background-image":"","background-repeat":"repeat","background-position":"center center","background-size":"auto","background-attachment":"scroll","background-type":"","background-media":"","overlay-type":"","overlay-color":"","overlay-opacity":"","overlay-gradient":""}},"ast-content-background-meta":{"desktop":{"background-color":"var(--ast-global-color-5)","background-image":"","background-repeat":"repeat","background-position":"center center","background-size":"auto","background-attachment":"scroll","background-type":"","background-media":"","overlay-type":"","overlay-color":"","overlay-opacity":"","overlay-gradient":""},"tablet":{"background-color":"var(--ast-global-color-5)","background-image":"","background-repeat":"repeat","background-position":"center center","background-size":"auto","background-attachment":"scroll","background-type":"","background-media":"","overlay-type":"","overlay-color":"","overlay-opacity":"","overlay-gradient":""},"mobile":{"background-color":"var(--ast-global-color-5)","background-image":"","background-repeat":"repeat","background-position":"center center","background-size":"auto","background-attachment":"scroll","background-type":"","background-media":"","overlay-type":"","overlay-color":"","overlay-opacity":"","overlay-gradient":""}},"footnotes":""},"categories":[1,1238,29,160],"tags":[],"class_list":["post-16540","post","type-post","status-publish","format-standard","hentry","category-general","category-objectius-de-desenvolupament-sostenible","category-portada","category-escoles_verdes"],"post_mailing_queue_ids":[],"_links":{"self":[{"href":"https:\/\/serveiseducatius.xtec.cat\/vallesoccidental3\/wp-json\/wp\/v2\/posts\/16540","targetHints":{"allow":["GET"]}}],"collection":[{"href":"https:\/\/serveiseducatius.xtec.cat\/vallesoccidental3\/wp-json\/wp\/v2\/posts"}],"about":[{"href":"https:\/\/serveiseducatius.xtec.cat\/vallesoccidental3\/wp-json\/wp\/v2\/types\/post"}],"author":[{"embeddable":true,"href":"https:\/\/serveiseducatius.xtec.cat\/vallesoccidental3\/wp-json\/wp\/v2\/users\/1"}],"replies":[{"embeddable":true,"href":"https:\/\/serveiseducatius.xtec.cat\/vallesoccidental3\/wp-json\/wp\/v2\/comments?post=16540"}],"version-history":[{"count":2,"href":"https:\/\/serveiseducatius.xtec.cat\/vallesoccidental3\/wp-json\/wp\/v2\/posts\/16540\/revisions"}],"predecessor-version":[{"id":16543,"href":"https:\/\/serveiseducatius.xtec.cat\/vallesoccidental3\/wp-json\/wp\/v2\/posts\/16540\/revisions\/16543"}],"wp:attachment":[{"href":"https:\/\/serveiseducatius.xtec.cat\/vallesoccidental3\/wp-json\/wp\/v2\/media?parent=16540"}],"wp:term":[{"taxonomy":"category","embeddable":true,"href":"https:\/\/serveiseducatius.xtec.cat\/vallesoccidental3\/wp-json\/wp\/v2\/categories?post=16540"},{"taxonomy":"post_tag","embeddable":true,"href":"https:\/\/serveiseducatius.xtec.cat\/vallesoccidental3\/wp-json\/wp\/v2\/tags?post=16540"}],"curies":[{"name":"wp","href":"https:\/\/api.w.org\/{rel}","templated":true}]}}