{"id":16300,"date":"2024-06-27T10:48:58","date_gmt":"2024-06-27T08:48:58","guid":{"rendered":"https:\/\/serveiseducatius.xtec.cat\/vallesoccidental3\/?p=16300"},"modified":"2024-09-10T11:55:24","modified_gmt":"2024-09-10T09:55:24","slug":"documents-per-a-lorganitzacio-i-la-gestio-dels-centres-24-25","status":"publish","type":"post","link":"https:\/\/serveiseducatius.xtec.cat\/vallesoccidental3\/seminari-secretaria\/documents-per-a-lorganitzacio-i-la-gestio-dels-centres-24-25\/","title":{"rendered":"Documents per a l&#8217;organitzaci\u00f3 i la gesti\u00f3 dels centres 24\/25"},"content":{"rendered":"<p><a href=\"https:\/\/espai.educacio.gencat.cat\/Normativa\/DOIGC\/Pagines\/default.aspx\" target=\"_blank\" rel=\"noopener\"><img loading=\"lazy\" decoding=\"async\" class=\" aligncenter\" src=\"https:\/\/educacio.gencat.cat\/web\/.content\/home\/arees-actuacio\/centres-serveis-educatius\/centres\/organitzacio-gestio\/doigc\/doigc.png\" width=\"226\" height=\"226\" \/><\/a><\/p>\n<ul>\n<li><a href=\"https:\/\/documents.espai.educacio.gencat.cat\/IPCNormativa\/DOIGC\/DOIGC_Gestio.pdf\" target=\"_blank\" rel=\"noopener\"><strong>Gesti\u00f3 del centre<\/strong><\/a><\/li>\n<li><a href=\"https:\/\/documents.espai.educacio.gencat.cat\/IPCNormativa\/DOIGC\/DOIGC_Projecte.pdf\" target=\"_blank\" rel=\"noopener\"><strong>Projecte educatiu de centre<\/strong><\/a><\/li>\n<li><a href=\"https:\/\/documents.espai.educacio.gencat.cat\/IPCNormativa\/DOIGC\/DOIGC_Curriculum.pdf\" target=\"_blank\" rel=\"noopener\"><strong>Curr\u00edculum<\/strong><\/a><br \/>\n<span style=\"font-size: 10pt;\">(Av\u00eds: en aquest document els curr\u00edculums apareixen ordenats alfab\u00e8ticament, per t\u00edtol de document, i no cronol\u00f2gicament. Amb l&#8217;opci\u00f3 &#8220;Cerca&#8221; del navegador podeu accedir, m\u00e9s f\u00e0cilment, al curr\u00edculum d&#8217;un ensenyament en concret.)<\/span><\/li>\n<li><a href=\"https:\/\/documents.espai.educacio.gencat.cat\/IPCNormativa\/DOIGC\/DOIGC_Organitzacio.pdf\" target=\"_blank\" rel=\"noopener\"><strong>Organitzaci\u00f3 del centre<\/strong><\/a><\/li>\n<\/ul>\n","protected":false},"excerpt":{"rendered":"<p>Gesti\u00f3 del centre Projecte educatiu de centre Curr\u00edculum (Av\u00eds: en aquest document els curr\u00edculums apareixen ordenats alfab\u00e8ticament, per t\u00edtol de document, i no cronol\u00f2gicament. Amb l&#8217;opci\u00f3 &#8220;Cerca&#8221; del navegador podeu accedir, m\u00e9s f\u00e0cilment, al curr\u00edculum d&#8217;un ensenyament en concret.) Organitzaci\u00f3 del centre<\/p>\n","protected":false},"author":1,"featured_media":0,"comment_status":"closed","ping_status":"closed","sticky":false,"template":"","format":"standard","meta":{"_bbp_topic_count":0,"_bbp_reply_count":0,"_bbp_total_topic_count":0,"_bbp_total_reply_count":0,"_bbp_voice_count":0,"_bbp_anonymous_reply_count":0,"_bbp_topic_count_hidden":0,"_bbp_reply_count_hidden":0,"_bbp_forum_subforum_count":0,"site-sidebar-layout":"default","site-content-layout":"","ast-site-content-layout":"","site-content-style":"default","site-sidebar-style":"default","ast-global-header-display":"","ast-banner-title-visibility":"","ast-main-header-display":"","ast-hfb-above-header-display":"","ast-hfb-below-header-display":"","ast-hfb-mobile-header-display":"","site-post-title":"","ast-breadcrumbs-content":"","ast-featured-img":"","footer-sml-layout":"","theme-transparent-header-meta":"","adv-header-id-meta":"","stick-header-meta":"","header-above-stick-meta":"","header-main-stick-meta":"","header-below-stick-meta":"","astra-migrate-meta-layouts":"default","ast-page-background-enabled":"default","ast-page-background-meta":{"desktop":{"background-color":"var(--ast-global-color-4)","background-image":"","background-repeat":"repeat","background-position":"center center","background-size":"auto","background-attachment":"scroll","background-type":"","background-media":"","overlay-type":"","overlay-color":"","overlay-opacity":"","overlay-gradient":""},"tablet":{"background-color":"","background-image":"","background-repeat":"repeat","background-position":"center center","background-size":"auto","background-attachment":"scroll","background-type":"","background-media":"","overlay-type":"","overlay-color":"","overlay-opacity":"","overlay-gradient":""},"mobile":{"background-color":"","background-image":"","background-repeat":"repeat","background-position":"center center","background-size":"auto","background-attachment":"scroll","background-type":"","background-media":"","overlay-type":"","overlay-color":"","overlay-opacity":"","overlay-gradient":""}},"ast-content-background-meta":{"desktop":{"background-color":"var(--ast-global-color-5)","background-image":"","background-repeat":"repeat","background-position":"center center","background-size":"auto","background-attachment":"scroll","background-type":"","background-media":"","overlay-type":"","overlay-color":"","overlay-opacity":"","overlay-gradient":""},"tablet":{"background-color":"var(--ast-global-color-5)","background-image":"","background-repeat":"repeat","background-position":"center center","background-size":"auto","background-attachment":"scroll","background-type":"","background-media":"","overlay-type":"","overlay-color":"","overlay-opacity":"","overlay-gradient":""},"mobile":{"background-color":"var(--ast-global-color-5)","background-image":"","background-repeat":"repeat","background-position":"center center","background-size":"auto","background-attachment":"scroll","background-type":"","background-media":"","overlay-type":"","overlay-color":"","overlay-opacity":"","overlay-gradient":""}},"footnotes":""},"categories":[881],"tags":[1533,1537],"class_list":["post-16300","post","type-post","status-publish","format-standard","hentry","category-seminari-secretaria","tag-organitzacio-i-gestio-centres","tag-sem-sec-24-25"],"post_mailing_queue_ids":[],"_links":{"self":[{"href":"https:\/\/serveiseducatius.xtec.cat\/vallesoccidental3\/wp-json\/wp\/v2\/posts\/16300","targetHints":{"allow":["GET"]}}],"collection":[{"href":"https:\/\/serveiseducatius.xtec.cat\/vallesoccidental3\/wp-json\/wp\/v2\/posts"}],"about":[{"href":"https:\/\/serveiseducatius.xtec.cat\/vallesoccidental3\/wp-json\/wp\/v2\/types\/post"}],"author":[{"embeddable":true,"href":"https:\/\/serveiseducatius.xtec.cat\/vallesoccidental3\/wp-json\/wp\/v2\/users\/1"}],"replies":[{"embeddable":true,"href":"https:\/\/serveiseducatius.xtec.cat\/vallesoccidental3\/wp-json\/wp\/v2\/comments?post=16300"}],"version-history":[{"count":3,"href":"https:\/\/serveiseducatius.xtec.cat\/vallesoccidental3\/wp-json\/wp\/v2\/posts\/16300\/revisions"}],"predecessor-version":[{"id":16303,"href":"https:\/\/serveiseducatius.xtec.cat\/vallesoccidental3\/wp-json\/wp\/v2\/posts\/16300\/revisions\/16303"}],"wp:attachment":[{"href":"https:\/\/serveiseducatius.xtec.cat\/vallesoccidental3\/wp-json\/wp\/v2\/media?parent=16300"}],"wp:term":[{"taxonomy":"category","embeddable":true,"href":"https:\/\/serveiseducatius.xtec.cat\/vallesoccidental3\/wp-json\/wp\/v2\/categories?post=16300"},{"taxonomy":"post_tag","embeddable":true,"href":"https:\/\/serveiseducatius.xtec.cat\/vallesoccidental3\/wp-json\/wp\/v2\/tags?post=16300"}],"curies":[{"name":"wp","href":"https:\/\/api.w.org\/{rel}","templated":true}]}}