{"id":16077,"date":"2024-04-29T10:47:13","date_gmt":"2024-04-29T08:47:13","guid":{"rendered":"https:\/\/serveiseducatius.xtec.cat\/vallesoccidental3\/?p=16077"},"modified":"2024-05-23T10:00:51","modified_gmt":"2024-05-23T08:00:51","slug":"rondes-de-debat-entre-instituts-de-secundaria","status":"publish","type":"post","link":"https:\/\/serveiseducatius.xtec.cat\/vallesoccidental3\/general\/rondes-de-debat-entre-instituts-de-secundaria\/","title":{"rendered":"Rondes de debat entre instituts de secund\u00e0ria"},"content":{"rendered":"<p><span style=\"font-weight: 400;\">El 22 de mar\u00e7 vam celebrar <strong>l<\/strong><\/span><b>es primeres Rondes de Debat a la biblioteca Mart\u00ed Tauler <\/b><span style=\"font-weight: 400;\">entre instituts\u00a0 de secund\u00e0ria de Rub\u00ed. Els centres participants foren:<strong> Ins La Serreta, Ins Duc de Montblanc, Ins JV Foix i Ins Estatut<\/strong>. Cada centre venia amb un grup d\u2019alumnes representant del centre de 4t d\u2019ESO, entre els quals n\u2019hi havia que feien el paper d\u2019oradors i altres, de p\u00fablic observador i valorador.<\/span><\/p>\n<p><span style=\"font-weight: 400;\">Durant unes setmanes pr\u00e8vies, l\u2019alumnat de 4t amb el professorat que havia assumit el repte van estar treballant a classe per preparar-se el debat. Comptaven a m\u00e9s, amb una guia elaborada per les LICS referents del PEE amb diverses propostes d\u2019exercicis i recursos.<\/span><\/p>\n<p><span style=\"font-weight: 400;\">En aquest fase d\u2019entrenament<strong> un equip de TV3<\/strong> va venir a visitar un dels centres participants, l\u2019Estatut, i va poder rodar algun moment i van entrevistar-ne\u00a0 professorat responsable i alumnat.\u00a0<\/span><\/p>\n<p><span style=\"font-weight: 400;\">Va ser un mat\u00ed molt emocionat i ple d\u2019aprenentatges per part de tothom. Va dirigir l\u2019acte el comunicador <\/span><b>Juanjo Fern\u00e1ndez Sola,<\/b><span style=\"font-weight: 400;\"> que va fer una bona lli\u00e7\u00f3 sobre els aspectes que milloren una bona exposici\u00f3 i argumentaci\u00f3 oral.\u00a0<\/span><\/p>\n<p><span style=\"font-weight: 400;\">Un cop van saber els temes, que van sortir per sorteig<\/span><i><span style=\"font-weight: 400;\"> in situ<\/span><\/i><span style=\"font-weight: 400;\">, els representants decidiren a sorts quina era la seva posici\u00f3 en el debat. Aleshores, durant 20 minuts es van escampar per\u00a0 diferents sales de la biblioteca per perfilar arguments i contraarguments del tema que els havia tocat.\u00a0<\/span><\/p>\n<p><span style=\"font-weight: 400;\">Els temes que es va debatre foren:<\/span><b> sobre la IA, sobre el valor de la veritat i la necessitat de la mentida, sobre l\u2019amor i la gelosia, sobre les xarxes socials i l\u2019\u00fas del m\u00f2bil <\/b><span style=\"font-weight: 400;\">etc\u00a0<\/span><\/p>\n<p><span style=\"font-weight: 400;\">Va resultar un espectacle emocionant, on es van respectar adversaris i temps, on es convidada realment a pensar i\u00a0 on l\u2019\u00fas de la paraula va ser la protagonista des d\u2019unes posicions no sempre f\u00e0cils i\u00a0 ben defensades.<\/span><\/p>\n<p><span style=\"font-weight: 400;\">En cap cas podem parlar de guanyadors i perdedors, sobretot perqu\u00e8 tothom va guanyar un aprenentatge molt valu\u00f3s: La necessitat de defensar-se amb la paraula amb raons i passi\u00f3, sense por a discrepar i sense la necessitat d&#8217;imposar ni faltar el respecte.\u00a0<\/span><span style=\"font-weight: 400;\">De cara curs que ve, millorarem aspectes log\u00edstics-com m\u00e9s micros i unes taules a l\u2019altura dels oradors- \ud83d\ude09\u00a0<\/span><\/p>\n<p><span style=\"font-weight: 400;\">Esperem que hagi estat\u00a0 un bon exercici per a la salut de la paraula i, en definitiva, de la democr\u00e0cia. Fins el curs que ve, si ho volem. Gr\u00e0cies a tothom!\u00a0 <a href=\"https:\/\/serveiseducatius.xtec.cat\/vallesoccidental3\/wp-content\/uploads\/usu1147\/2024\/04\/Ronda-debat-biblio.jpg\"><img loading=\"lazy\" decoding=\"async\" class=\"wp-image-16082 aligncenter\" src=\"https:\/\/serveiseducatius.xtec.cat\/vallesoccidental3\/wp-content\/uploads\/usu1147\/2024\/04\/Ronda-debat-biblio-1024x768.jpg\" alt=\"\" width=\"550\" height=\"410\" srcset=\"https:\/\/serveiseducatius.xtec.cat\/vallesoccidental3\/wp-content\/uploads\/usu1147\/2024\/04\/Ronda-debat-biblio-300x225.jpg 300w, https:\/\/serveiseducatius.xtec.cat\/vallesoccidental3\/wp-content\/uploads\/usu1147\/2024\/04\/Ronda-debat-biblio-200x150.jpg 200w\" sizes=\"auto, (max-width: 550px) 100vw, 550px\" \/><\/a><a href=\"https:\/\/serveiseducatius.xtec.cat\/vallesoccidental3\/wp-content\/uploads\/usu1147\/2024\/04\/Fotos-ronda-debat-1-1.jpg\"><img loading=\"lazy\" decoding=\"async\" class=\"wp-image-16079 aligncenter\" src=\"https:\/\/serveiseducatius.xtec.cat\/vallesoccidental3\/wp-content\/uploads\/usu1147\/2024\/04\/Fotos-ronda-debat-1-1-1024x768.jpg\" alt=\"\" width=\"550\" height=\"419\" \/><\/a><a href=\"https:\/\/serveiseducatius.xtec.cat\/vallesoccidental3\/wp-content\/uploads\/usu1147\/2024\/04\/Ronda-de-debat-3.jpg\"><img loading=\"lazy\" decoding=\"async\" class=\"wp-image-16081 aligncenter\" src=\"https:\/\/serveiseducatius.xtec.cat\/vallesoccidental3\/wp-content\/uploads\/usu1147\/2024\/04\/Ronda-de-debat-3-1024x768.jpg\" alt=\"\" width=\"550\" height=\"416\" \/><\/a><\/span><\/p>\n","protected":false},"excerpt":{"rendered":"<p>El 22 de mar\u00e7 vam celebrar les primeres Rondes de Debat a la biblioteca Mart\u00ed Tauler entre instituts\u00a0 de secund\u00e0ria de Rub\u00ed. Els centres participants foren: Ins La Serreta, Ins Duc de Montblanc, Ins JV Foix i Ins Estatut. Cada centre venia amb un grup d\u2019alumnes representant del centre de 4t d\u2019ESO, entre els quals n\u2019hi havia que feien el paper d\u2019oradors i altres, de p\u00fablic observador i valorador.<\/p>\n<p>Durant unes setmanes pr\u00e8vies, l\u2019alumnat de 4t amb el professorat que havia assumit el repte van estar treballant a classe per preparar-se el debat. Comptaven a m\u00e9s, amb una guia elaborada per les LICS referents del PEE amb diverses propostes d\u2019exercicis i recursos.<\/p>\n<p>En aquest fase d\u2019entrenament un equip de TV3 va venir a visitar un dels centres participants, l\u2019Estatut, i va poder rodar algun moment i van entrevistar-ne\u00a0 professorat responsable i alumnat.\u00a0<\/p>\n","protected":false},"author":4,"featured_media":16082,"comment_status":"open","ping_status":"closed","sticky":false,"template":"","format":"standard","meta":{"_bbp_topic_count":0,"_bbp_reply_count":0,"_bbp_total_topic_count":0,"_bbp_total_reply_count":0,"_bbp_voice_count":0,"_bbp_anonymous_reply_count":0,"_bbp_topic_count_hidden":0,"_bbp_reply_count_hidden":0,"_bbp_forum_subforum_count":0,"site-sidebar-layout":"default","site-content-layout":"","ast-site-content-layout":"","site-content-style":"default","site-sidebar-style":"default","ast-global-header-display":"","ast-banner-title-visibility":"","ast-main-header-display":"","ast-hfb-above-header-display":"","ast-hfb-below-header-display":"","ast-hfb-mobile-header-display":"","site-post-title":"","ast-breadcrumbs-content":"","ast-featured-img":"","footer-sml-layout":"","theme-transparent-header-meta":"","adv-header-id-meta":"","stick-header-meta":"","header-above-stick-meta":"","header-main-stick-meta":"","header-below-stick-meta":"","astra-migrate-meta-layouts":"default","ast-page-background-enabled":"default","ast-page-background-meta":{"desktop":{"background-color":"var(--ast-global-color-4)","background-image":"","background-repeat":"repeat","background-position":"center center","background-size":"auto","background-attachment":"scroll","background-type":"","background-media":"","overlay-type":"","overlay-color":"","overlay-opacity":"","overlay-gradient":""},"tablet":{"background-color":"","background-image":"","background-repeat":"repeat","background-position":"center center","background-size":"auto","background-attachment":"scroll","background-type":"","background-media":"","overlay-type":"","overlay-color":"","overlay-opacity":"","overlay-gradient":""},"mobile":{"background-color":"","background-image":"","background-repeat":"repeat","background-position":"center center","background-size":"auto","background-attachment":"scroll","background-type":"","background-media":"","overlay-type":"","overlay-color":"","overlay-opacity":"","overlay-gradient":""}},"ast-content-background-meta":{"desktop":{"background-color":"var(--ast-global-color-5)","background-image":"","background-repeat":"repeat","background-position":"center center","background-size":"auto","background-attachment":"scroll","background-type":"","background-media":"","overlay-type":"","overlay-color":"","overlay-opacity":"","overlay-gradient":""},"tablet":{"background-color":"var(--ast-global-color-5)","background-image":"","background-repeat":"repeat","background-position":"center center","background-size":"auto","background-attachment":"scroll","background-type":"","background-media":"","overlay-type":"","overlay-color":"","overlay-opacity":"","overlay-gradient":""},"mobile":{"background-color":"var(--ast-global-color-5)","background-image":"","background-repeat":"repeat","background-position":"center center","background-size":"auto","background-attachment":"scroll","background-type":"","background-media":"","overlay-type":"","overlay-color":"","overlay-opacity":"","overlay-gradient":""}},"footnotes":""},"categories":[68,1,75],"tags":[1521,1522,1524,1523,1026],"class_list":["post-16077","post","type-post","status-publish","format-standard","has-post-thumbnail","hentry","category-elic","category-general","category-pee","tag-debat","tag-rondes-de-debat","tag-tenim-la-paraula","tag-text-argumentatiu","tag-xarxa"],"post_mailing_queue_ids":[],"_links":{"self":[{"href":"https:\/\/serveiseducatius.xtec.cat\/vallesoccidental3\/wp-json\/wp\/v2\/posts\/16077","targetHints":{"allow":["GET"]}}],"collection":[{"href":"https:\/\/serveiseducatius.xtec.cat\/vallesoccidental3\/wp-json\/wp\/v2\/posts"}],"about":[{"href":"https:\/\/serveiseducatius.xtec.cat\/vallesoccidental3\/wp-json\/wp\/v2\/types\/post"}],"author":[{"embeddable":true,"href":"https:\/\/serveiseducatius.xtec.cat\/vallesoccidental3\/wp-json\/wp\/v2\/users\/4"}],"replies":[{"embeddable":true,"href":"https:\/\/serveiseducatius.xtec.cat\/vallesoccidental3\/wp-json\/wp\/v2\/comments?post=16077"}],"version-history":[{"count":6,"href":"https:\/\/serveiseducatius.xtec.cat\/vallesoccidental3\/wp-json\/wp\/v2\/posts\/16077\/revisions"}],"predecessor-version":[{"id":16088,"href":"https:\/\/serveiseducatius.xtec.cat\/vallesoccidental3\/wp-json\/wp\/v2\/posts\/16077\/revisions\/16088"}],"wp:featuredmedia":[{"embeddable":true,"href":"https:\/\/serveiseducatius.xtec.cat\/vallesoccidental3\/wp-json\/wp\/v2\/media\/16082"}],"wp:attachment":[{"href":"https:\/\/serveiseducatius.xtec.cat\/vallesoccidental3\/wp-json\/wp\/v2\/media?parent=16077"}],"wp:term":[{"taxonomy":"category","embeddable":true,"href":"https:\/\/serveiseducatius.xtec.cat\/vallesoccidental3\/wp-json\/wp\/v2\/categories?post=16077"},{"taxonomy":"post_tag","embeddable":true,"href":"https:\/\/serveiseducatius.xtec.cat\/vallesoccidental3\/wp-json\/wp\/v2\/tags?post=16077"}],"curies":[{"name":"wp","href":"https:\/\/api.w.org\/{rel}","templated":true}]}}