{"id":15693,"date":"2024-03-07T14:00:37","date_gmt":"2024-03-07T13:00:37","guid":{"rendered":"https:\/\/serveiseducatius.xtec.cat\/vallesoccidental3\/?p=15693"},"modified":"2024-11-06T11:56:16","modified_gmt":"2024-11-06T10:56:16","slug":"8-de-marc-vols-venir-a-la-meva-barca","status":"publish","type":"post","link":"https:\/\/serveiseducatius.xtec.cat\/vallesoccidental3\/general\/8-de-marc-vols-venir-a-la-meva-barca\/","title":{"rendered":"8 de mar\u00e7: Vols venir a la meva barca?"},"content":{"rendered":"<p><span style=\"font-size: 18pt;\">Per celebrar el dia 8 de mar\u00e7<\/span><\/p>\n<p>Llegim, escoltem i cantem aquesta can\u00e7\u00f3 amb la lletra de Maria Merc\u00e8 Mar\u00e7al, cantada per Mireia Vives i Gemma Hummet, amb la\u00a0 m\u00fasica de Borja Penalba. Una meravella que ens convida a totes\u00a0 a continuar fent cam\u00ed plegades.<\/p>\n<p><strong>CANC\u00d3 DE FER CAM\u00cd<\/strong><\/p>\n<p>Vols venir a la meva barca?<br class=\"blank\" \/>\u2014Hi ha violetes, a desdir!<br class=\"blank\" \/>Anirem lluny sense recan\u00e7a<br class=\"blank\" \/>d\u2019all\u00f2 que haurem deixat aqu\u00ed.<br class=\"blank\" \/><a href=\"https:\/\/serveiseducatius.xtec.cat\/vallesoccidental3\/wp-content\/uploads\/usu1147\/2024\/03\/barca.jpg\"><img loading=\"lazy\" decoding=\"async\" class=\"wp-image-15694 alignright\" src=\"https:\/\/serveiseducatius.xtec.cat\/vallesoccidental3\/wp-content\/uploads\/usu1147\/2024\/03\/barca-1024x552.jpg\" alt=\"\" width=\"464\" height=\"250\" srcset=\"https:\/\/serveiseducatius.xtec.cat\/vallesoccidental3\/wp-content\/uploads\/usu1147\/2024\/03\/barca-1024x552.jpg 1024w, https:\/\/serveiseducatius.xtec.cat\/vallesoccidental3\/wp-content\/uploads\/usu1147\/2024\/03\/barca-300x162.jpg 300w, https:\/\/serveiseducatius.xtec.cat\/vallesoccidental3\/wp-content\/uploads\/usu1147\/2024\/03\/barca-768x414.jpg 768w, https:\/\/serveiseducatius.xtec.cat\/vallesoccidental3\/wp-content\/uploads\/usu1147\/2024\/03\/barca-1536x828.jpg 1536w, https:\/\/serveiseducatius.xtec.cat\/vallesoccidental3\/wp-content\/uploads\/usu1147\/2024\/03\/barca.jpg 1600w\" sizes=\"auto, (max-width: 464px) 100vw, 464px\" \/><\/a><br class=\"blank\" \/>Anirem lluny sense recan\u00e7a<br class=\"blank\" \/>\u2014i serem dues, serem tres.<br class=\"blank\" \/>Veniu, veniu, a la meva barca,<br class=\"blank\" \/>les veles altes, el cel obert.<br class=\"blank\" \/><br class=\"blank\" \/>Hi haur\u00e0 rems per a tots els bra\u00e7os<br class=\"blank\" \/>\u2014i serem quatre, serem cinc!<br class=\"blank\" \/>i els nostres ulls, estels esparsos,<br class=\"blank\" \/>oblidaran tots els confins.<br class=\"blank\" \/>\u00a0 \u00a0 \u00a0 \u00a0 \u00a0 \u00a0 \u00a0 \u00a0 \u00a0 \u00a0 \u00a0 \u00a0 \u00a0 \u00a0 \u00a0 \u00a0 \u00a0 \u00a0 \u00a0 \u00a0 \u00a0 \u00a0 \u00a0 \u00a0 \u00a0 \u00a0 \u00a0 \u00a0 \u00a0 \u00a0 \u00a0 \u00a0 \u00a0 \u00a0 \u00a0 \u00a0 \u00a0 \u00a0 \u00a0 \u00a0 \u00a0 \u00a0 \u00a0 \u00a0 \u00a0 \u00a0 \u00a0 \u00a0 \u00a0 \u00a0 \u00a0 \u00a0 \u00a0 \u00a0 \u00a0 \u00a0 \u00a0 \u00a0 \u00a0 \u00a0 \u00a0 \u00a0 \u00a0 \u00a0 \u00a0 \u00a0 \u00a0 \u00a0 \u00a0 \u00a0 \u00a0 \u00a0 \u00a0 \u00a0 \u00a0 \u00a0 \u00a0 \u00a0 \u00a0 <em>Imatge: Carolina T Godina<\/em><br class=\"blank\" \/>Partim pel mar\u00e7 amb la ventada,<br class=\"blank\" \/>i amb n\u00favols de cor trasbalsat.<br class=\"blank\" \/>S\u00ed, serem vint, serem quaranta,<br class=\"blank\" \/>amb la lluna per estendard.<br class=\"blank\" \/><br class=\"blank\" \/>Bruixes d\u2019ahir, bruixes del dia,<br class=\"blank\" \/>ens trobarem a plena mar.<br class=\"blank\" \/>Arreu s\u2019escampar\u00e0 la vida<br class=\"blank\" \/>com una dansa vegetal.<br class=\"blank\" \/><br class=\"blank\" \/>Dins la pell de l\u2019ona salada<br class=\"blank\" \/>serem cinc-centes, serem mil.<br class=\"blank\" \/>Perdrem el compte a la tombada.<br class=\"blank\" \/>Juntes farem nostra la nit.<\/p>\n<p>&nbsp;<\/p>\n<p>Escolteu-la aqu\u00ed!<\/p>\n<p><a href=\"https:\/\/www.musicadepoetes.cat\/titol?autor=140&amp;titol=2123\">https:\/\/www.musicadepoetes.cat\/titol?autor=140&amp;titol=2123<\/a><\/p>\n","protected":false},"excerpt":{"rendered":"<p>Per celebrar el dia 8 de mar\u00e7 Llegim, escoltem i cantem aquesta can\u00e7\u00f3 amb la lletra de Maria Merc\u00e8 Mar\u00e7al, cantada per Mireia Vives i Gemma Hummet, amb la\u00a0 m\u00fasica de Borja Penalba. Una meravella que ens convida a totes\u00a0 a continuar fent cam\u00ed plegades. CANC\u00d3 DE FER CAM\u00cd Vols venir a la meva barca?\u2014Hi [&hellip;]<\/p>\n","protected":false},"author":4,"featured_media":0,"comment_status":"open","ping_status":"closed","sticky":false,"template":"","format":"standard","meta":{"_bbp_topic_count":0,"_bbp_reply_count":0,"_bbp_total_topic_count":0,"_bbp_total_reply_count":0,"_bbp_voice_count":0,"_bbp_anonymous_reply_count":0,"_bbp_topic_count_hidden":0,"_bbp_reply_count_hidden":0,"_bbp_forum_subforum_count":0,"site-sidebar-layout":"default","site-content-layout":"","ast-site-content-layout":"","site-content-style":"default","site-sidebar-style":"default","ast-global-header-display":"","ast-banner-title-visibility":"","ast-main-header-display":"","ast-hfb-above-header-display":"","ast-hfb-below-header-display":"","ast-hfb-mobile-header-display":"","site-post-title":"","ast-breadcrumbs-content":"","ast-featured-img":"","footer-sml-layout":"","theme-transparent-header-meta":"","adv-header-id-meta":"","stick-header-meta":"","header-above-stick-meta":"","header-main-stick-meta":"","header-below-stick-meta":"","astra-migrate-meta-layouts":"default","ast-page-background-enabled":"default","ast-page-background-meta":{"desktop":{"background-color":"var(--ast-global-color-4)","background-image":"","background-repeat":"repeat","background-position":"center center","background-size":"auto","background-attachment":"scroll","background-type":"","background-media":"","overlay-type":"","overlay-color":"","overlay-opacity":"","overlay-gradient":""},"tablet":{"background-color":"","background-image":"","background-repeat":"repeat","background-position":"center center","background-size":"auto","background-attachment":"scroll","background-type":"","background-media":"","overlay-type":"","overlay-color":"","overlay-opacity":"","overlay-gradient":""},"mobile":{"background-color":"","background-image":"","background-repeat":"repeat","background-position":"center center","background-size":"auto","background-attachment":"scroll","background-type":"","background-media":"","overlay-type":"","overlay-color":"","overlay-opacity":"","overlay-gradient":""}},"ast-content-background-meta":{"desktop":{"background-color":"var(--ast-global-color-5)","background-image":"","background-repeat":"repeat","background-position":"center center","background-size":"auto","background-attachment":"scroll","background-type":"","background-media":"","overlay-type":"","overlay-color":"","overlay-opacity":"","overlay-gradient":""},"tablet":{"background-color":"var(--ast-global-color-5)","background-image":"","background-repeat":"repeat","background-position":"center center","background-size":"auto","background-attachment":"scroll","background-type":"","background-media":"","overlay-type":"","overlay-color":"","overlay-opacity":"","overlay-gradient":""},"mobile":{"background-color":"var(--ast-global-color-5)","background-image":"","background-repeat":"repeat","background-position":"center center","background-size":"auto","background-attachment":"scroll","background-type":"","background-media":"","overlay-type":"","overlay-color":"","overlay-opacity":"","overlay-gradient":""}},"footnotes":""},"categories":[68,1,204],"tags":[1513,966,299,901,941],"class_list":["post-15693","post","type-post","status-publish","format-standard","hentry","category-elic","category-general","category-aula-dacollida","tag-8-de-marc","tag-aula-acollida","tag-dones","tag-literatura","tag-poesia"],"post_mailing_queue_ids":[],"_links":{"self":[{"href":"https:\/\/serveiseducatius.xtec.cat\/vallesoccidental3\/wp-json\/wp\/v2\/posts\/15693","targetHints":{"allow":["GET"]}}],"collection":[{"href":"https:\/\/serveiseducatius.xtec.cat\/vallesoccidental3\/wp-json\/wp\/v2\/posts"}],"about":[{"href":"https:\/\/serveiseducatius.xtec.cat\/vallesoccidental3\/wp-json\/wp\/v2\/types\/post"}],"author":[{"embeddable":true,"href":"https:\/\/serveiseducatius.xtec.cat\/vallesoccidental3\/wp-json\/wp\/v2\/users\/4"}],"replies":[{"embeddable":true,"href":"https:\/\/serveiseducatius.xtec.cat\/vallesoccidental3\/wp-json\/wp\/v2\/comments?post=15693"}],"version-history":[{"count":3,"href":"https:\/\/serveiseducatius.xtec.cat\/vallesoccidental3\/wp-json\/wp\/v2\/posts\/15693\/revisions"}],"predecessor-version":[{"id":16733,"href":"https:\/\/serveiseducatius.xtec.cat\/vallesoccidental3\/wp-json\/wp\/v2\/posts\/15693\/revisions\/16733"}],"wp:attachment":[{"href":"https:\/\/serveiseducatius.xtec.cat\/vallesoccidental3\/wp-json\/wp\/v2\/media?parent=15693"}],"wp:term":[{"taxonomy":"category","embeddable":true,"href":"https:\/\/serveiseducatius.xtec.cat\/vallesoccidental3\/wp-json\/wp\/v2\/categories?post=15693"},{"taxonomy":"post_tag","embeddable":true,"href":"https:\/\/serveiseducatius.xtec.cat\/vallesoccidental3\/wp-json\/wp\/v2\/tags?post=15693"}],"curies":[{"name":"wp","href":"https:\/\/api.w.org\/{rel}","templated":true}]}}