{"id":15291,"date":"2023-12-13T11:13:40","date_gmt":"2023-12-13T10:13:40","guid":{"rendered":"https:\/\/serveiseducatius.xtec.cat\/vallesoccidental3\/?p=15291"},"modified":"2025-01-23T10:05:11","modified_gmt":"2025-01-23T09:05:11","slug":"dia-18-de-desembre-dia-del-migrant","status":"publish","type":"post","link":"https:\/\/serveiseducatius.xtec.cat\/vallesoccidental3\/portada\/dia-18-de-desembre-dia-del-migrant\/","title":{"rendered":"Dia 18 de desembre, dia del migrant"},"content":{"rendered":"<h1 class=\"titol-poema\"><span style=\"font-size: 14pt;\">El dia 18<a href=\"https:\/\/serveiseducatius.xtec.cat\/vallesoccidental3\/wp-content\/uploads\/usu1147\/2023\/12\/Lange-MigrantMother02-231x300-1.jpg\"><img loading=\"lazy\" decoding=\"async\" class=\"alignleft wp-image-15294\" title=\"&quot;La mare immigrant&quot; Dorothea Lange\" src=\"https:\/\/serveiseducatius.xtec.cat\/vallesoccidental3\/wp-content\/uploads\/usu1147\/2023\/12\/Lange-MigrantMother02-231x300-1.jpg\" alt=\"&quot;La mare immigrant&quot; Dorothea Lange\" width=\"139\" height=\"181\" \/><\/a> de desembre Dia internacional del migrant.<\/span><\/h1>\n<p class=\"titol-poema\"><em><span style=\"font-size: 14pt;\">&#8220;Ning\u00fa marxa de casa, excepte si casa teva \u00e9s la boca d&#8217;un taur\u00f3&#8221; <\/span><\/em><strong>\u00a0Warsan Shire<\/strong><\/p>\n<p><span style=\"font-size: 14pt;\">Moltes fam\u00edlies i alumnat que tenim als centres educatius formen part d&#8217;aquest col\u00b7lectiu.\u00a0\u00a0<\/span><\/p>\n<p class=\"titol-poema\"><span style=\"font-size: 14pt;\">Recordar davant els discursos d&#8217;odi i de por que el migrants s&#8217;han vist obligats a deixar la terra que deixen familiars, amics, llengua, cultura, paisatges, tot all\u00f2 que els \u00e9s familiar i estimat&#8230;I s&#8217;exposen a greus perills, s&#8217;enfronten a la incertesa, des del viatge mateix on es juguen la vida,\u00a0 fins a l&#8217;arribada a la terra &#8220;promesa&#8221; on s\u00f3n vistos amb hostilitat, com una amena\u00e7a, fins a ser tractats de manera inhumana.\u00a0 \u00a0 \u00a0 <\/span><\/p>\n<p class=\"titol-poema\"><span style=\"font-size: 14pt;\">A banda de <a href=\"https:\/\/decine21.com\/listas-de-cine\/lista\/las-mejores-peliculas-sobre-inmigrantes-sin-papeles-y-refugiados-100041\">pel\u00b7l\u00edcules<\/a> o <a href=\"https:\/\/escoles.fundesplai.org\/blog\/lleure\/10-curtmetratges-sobre-migracions-i-refugi-per-lescola-o-lesplai\/\">curtmetratges<\/a>, per visionar amb tots els alumnes i sensibilitzar sobre aquesta realitat, hi ha tamb\u00e9 la literatura, els <a href=\"http:\/\/www.xtec.cat\/serveis\/crp\/a8930040\/maletadidacticacontesillustratssabermes.html\">\u00e0lbums il\u00b7lustrats<\/a> o la\u00a0 <a href=\"https:\/\/solidaridad.net\/poemas-migrantes\/\">poesia<\/a> com un recurs per sensibilitzar (m\u00e9s<a href=\"https:\/\/www.amnistiacatalunya.org\/edu\/2\/dudh\/recursos-poesia-cat.html\"> idees<\/a> per a treballar la poesia).\u00a0 Un de prou conegut \u00e9s el de Joana Raspall, <a href=\"https:\/\/www.versos.cat\/poema\/4821\/podries\">Podries<\/a>,\u00a0 que llegit a classe pot ser una idea senzilla i efica\u00e7 per posar-nos una mica a la seva pell. O l&#8217;impressionat poema Llar, d&#8217;on hem extret la cita inicial de l&#8217;article,\u00a0 de la <a href=\"https:\/\/fundacionhugozarate.com\/hogar-warsan-shire\/\">poeta\u00a0 afganesa Warsan Shire. <\/a><\/span><\/p>\n<p><span style=\"font-size: 14pt;\">Bones festes per a tothom!<\/span><\/p>\n","protected":false},"excerpt":{"rendered":"<p>El dia 18 de desembre Dia internacional del migrant. &#8220;Ning\u00fa marxa de casa, excepte si casa teva \u00e9s la boca d&#8217;un taur\u00f3&#8221; \u00a0Warsan Shire Moltes fam\u00edlies i alumnat que tenim als centres educatius formen part d&#8217;aquest col\u00b7lectiu.\u00a0\u00a0 Recordar davant els discursos d&#8217;odi i de por que el migrants s&#8217;han vist obligats a deixar la terra [&hellip;]<\/p>\n","protected":false},"author":4,"featured_media":15294,"comment_status":"closed","ping_status":"closed","sticky":false,"template":"","format":"standard","meta":{"_bbp_topic_count":0,"_bbp_reply_count":0,"_bbp_total_topic_count":0,"_bbp_total_reply_count":0,"_bbp_voice_count":0,"_bbp_anonymous_reply_count":0,"_bbp_topic_count_hidden":0,"_bbp_reply_count_hidden":0,"_bbp_forum_subforum_count":0,"site-sidebar-layout":"default","site-content-layout":"","ast-site-content-layout":"","site-content-style":"default","site-sidebar-style":"default","ast-global-header-display":"","ast-banner-title-visibility":"","ast-main-header-display":"","ast-hfb-above-header-display":"","ast-hfb-below-header-display":"","ast-hfb-mobile-header-display":"","site-post-title":"","ast-breadcrumbs-content":"","ast-featured-img":"","footer-sml-layout":"","theme-transparent-header-meta":"","adv-header-id-meta":"","stick-header-meta":"","header-above-stick-meta":"","header-main-stick-meta":"","header-below-stick-meta":"","astra-migrate-meta-layouts":"default","ast-page-background-enabled":"default","ast-page-background-meta":{"desktop":{"background-color":"var(--ast-global-color-4)","background-image":"","background-repeat":"repeat","background-position":"center center","background-size":"auto","background-attachment":"scroll","background-type":"","background-media":"","overlay-type":"","overlay-color":"","overlay-opacity":"","overlay-gradient":""},"tablet":{"background-color":"","background-image":"","background-repeat":"repeat","background-position":"center center","background-size":"auto","background-attachment":"scroll","background-type":"","background-media":"","overlay-type":"","overlay-color":"","overlay-opacity":"","overlay-gradient":""},"mobile":{"background-color":"","background-image":"","background-repeat":"repeat","background-position":"center center","background-size":"auto","background-attachment":"scroll","background-type":"","background-media":"","overlay-type":"","overlay-color":"","overlay-opacity":"","overlay-gradient":""}},"ast-content-background-meta":{"desktop":{"background-color":"var(--ast-global-color-5)","background-image":"","background-repeat":"repeat","background-position":"center center","background-size":"auto","background-attachment":"scroll","background-type":"","background-media":"","overlay-type":"","overlay-color":"","overlay-opacity":"","overlay-gradient":""},"tablet":{"background-color":"var(--ast-global-color-5)","background-image":"","background-repeat":"repeat","background-position":"center center","background-size":"auto","background-attachment":"scroll","background-type":"","background-media":"","overlay-type":"","overlay-color":"","overlay-opacity":"","overlay-gradient":""},"mobile":{"background-color":"var(--ast-global-color-5)","background-image":"","background-repeat":"repeat","background-position":"center center","background-size":"auto","background-attachment":"scroll","background-type":"","background-media":"","overlay-type":"","overlay-color":"","overlay-opacity":"","overlay-gradient":""}},"footnotes":""},"categories":[996,68,29,204],"tags":[990,1497,1496,991,941],"class_list":["post-15291","post","type-post","status-publish","format-standard","has-post-thumbnail","hentry","category-emocional","category-elic","category-portada","category-aula-dacollida","tag-acollida","tag-dia-internacional-migrant","tag-immigrants","tag-nouvinguts","tag-poesia"],"post_mailing_queue_ids":[],"_links":{"self":[{"href":"https:\/\/serveiseducatius.xtec.cat\/vallesoccidental3\/wp-json\/wp\/v2\/posts\/15291","targetHints":{"allow":["GET"]}}],"collection":[{"href":"https:\/\/serveiseducatius.xtec.cat\/vallesoccidental3\/wp-json\/wp\/v2\/posts"}],"about":[{"href":"https:\/\/serveiseducatius.xtec.cat\/vallesoccidental3\/wp-json\/wp\/v2\/types\/post"}],"author":[{"embeddable":true,"href":"https:\/\/serveiseducatius.xtec.cat\/vallesoccidental3\/wp-json\/wp\/v2\/users\/4"}],"replies":[{"embeddable":true,"href":"https:\/\/serveiseducatius.xtec.cat\/vallesoccidental3\/wp-json\/wp\/v2\/comments?post=15291"}],"version-history":[{"count":6,"href":"https:\/\/serveiseducatius.xtec.cat\/vallesoccidental3\/wp-json\/wp\/v2\/posts\/15291\/revisions"}],"predecessor-version":[{"id":15311,"href":"https:\/\/serveiseducatius.xtec.cat\/vallesoccidental3\/wp-json\/wp\/v2\/posts\/15291\/revisions\/15311"}],"wp:featuredmedia":[{"embeddable":true,"href":"https:\/\/serveiseducatius.xtec.cat\/vallesoccidental3\/wp-json\/wp\/v2\/media\/15294"}],"wp:attachment":[{"href":"https:\/\/serveiseducatius.xtec.cat\/vallesoccidental3\/wp-json\/wp\/v2\/media?parent=15291"}],"wp:term":[{"taxonomy":"category","embeddable":true,"href":"https:\/\/serveiseducatius.xtec.cat\/vallesoccidental3\/wp-json\/wp\/v2\/categories?post=15291"},{"taxonomy":"post_tag","embeddable":true,"href":"https:\/\/serveiseducatius.xtec.cat\/vallesoccidental3\/wp-json\/wp\/v2\/tags?post=15291"}],"curies":[{"name":"wp","href":"https:\/\/api.w.org\/{rel}","templated":true}]}}