{"id":15140,"date":"2023-11-23T10:11:20","date_gmt":"2023-11-23T09:11:20","guid":{"rendered":"https:\/\/serveiseducatius.xtec.cat\/vallesoccidental3\/?p=15140"},"modified":"2023-12-04T10:39:14","modified_gmt":"2023-12-04T09:39:14","slug":"investiguem-per-comprendre-aprenentatge-amb-capses-dinvestigacio","status":"publish","type":"post","link":"https:\/\/serveiseducatius.xtec.cat\/vallesoccidental3\/portada\/investiguem-per-comprendre-aprenentatge-amb-capses-dinvestigacio\/","title":{"rendered":"Investiguem per Comprendre: aprenentatge amb capses d\u2019investigaci\u00f3"},"content":{"rendered":"<p><img loading=\"lazy\" decoding=\"async\" class=\"wp-image-15141 aligncenter\" src=\"https:\/\/serveiseducatius.xtec.cat\/vallesoccidental3\/wp-content\/uploads\/usu1147\/2023\/11\/capses.jpg\" alt=\"\" width=\"491\" height=\"368\" srcset=\"https:\/\/serveiseducatius.xtec.cat\/vallesoccidental3\/wp-content\/uploads\/usu1147\/2023\/11\/capses.jpg 720w, https:\/\/serveiseducatius.xtec.cat\/vallesoccidental3\/wp-content\/uploads\/usu1147\/2023\/11\/capses-300x225.jpg 300w, https:\/\/serveiseducatius.xtec.cat\/vallesoccidental3\/wp-content\/uploads\/usu1147\/2023\/11\/capses-200x150.jpg 200w\" sizes=\"auto, (max-width: 491px) 100vw, 491px\" \/>Propostes, caixes, reptes, contextos, situacions&#8230;<\/p>\n<ul>\n<li><em>Quan? <\/em><strong>5 sessions\u00a0<\/strong><strong>de 17:00 h a 19:00 h<br \/>\n<\/strong><strong style=\"font-family: inherit; font-size: 1em;\">(31\/01\/24, 14\/02\/\/24, 28\/02\/24, 13\/03\/24 i 11\/04\/24)<br \/>\n<\/strong><\/li>\n<li><a href=\"https:\/\/aplicacions.gestioeducativa.gencat.cat\/pls\/soloas\/pk_for_mod_ins.p_for_detall_activitat?p_header=Llista%20d%27activitats^pk_for_mod_ins.p_for_cons_activitats?p_crp=403%26p_any=2023-2024%26p_totes=S%26p_inici=21%26p_excloure_crp_rec=T&amp;p_codi=4030241403&amp;p_curs=2023-2024&amp;p_excloure_crp_rec=T\" target=\"_blank\" rel=\"noopener\"><strong>Inscripci\u00f3<\/strong> <\/a><\/li>\n<li><em>On? <\/em><strong>Al Servei Educatiu VOC III<\/strong><\/li>\n<li><em>Amb&#8230; <\/em><strong>Albert D\u00edez Va\u00f1o<\/strong> (ICE UAB)<\/li>\n<\/ul>\n<p>Aquesta activitat de formaci\u00f3 (taller de 15 h) pret\u00e9n introduir els participants en aquest tipus de propostes did\u00e0ctiques que es fonamenten en la promoci\u00f3 de processos complexos d&#8217;indagaci\u00f3 a partir de reptes. Intenten potenciar i aprofitar l&#8217;esperit investigador dels infants per contribuir al seu aprenentatge, concretament al desenvolupament de les seves compet\u00e8ncies d\u2019autonomia, iniciativa personal i aprendre a aprendre.\u00a0Amb propostes d&#8217;indagaci\u00f3 que els alumnes trien lliurement es pret\u00e9n generar situacions que afavoreixin mantenir una actitud davant del m\u00f3n basada en el fet de fer-se preguntes, formular-se hip\u00f2tesis i buscar respostes, que no \u00e9s exclusiva del coneixement cient\u00edfic, per interpretar-lo i intervenir-hi.<\/p>\n<p>\u00c9s una forma de donar continu\u00eftat a les oportunitats que poden oferir-se als ambients d&#8217;aprenentatge, per\u00f2 per alumnes m\u00e9s grans que poden protagonitzar processos d&#8217;indagaci\u00f3 m\u00e9s llargs i complexos.<\/p>\n","protected":false},"excerpt":{"rendered":"<p>Propostes, caixes, reptes, contextos, situacions&#8230; Quan? 5 sessions\u00a0de 17:00 h a 19:00 h (31\/01\/24, 14\/02\/\/24, 28\/02\/24, 13\/03\/24 i 11\/04\/24) Inscripci\u00f3 On? Al Servei Educatiu VOC III Amb&#8230; Albert D\u00edez Va\u00f1o (ICE UAB) Aquesta activitat de formaci\u00f3 (taller de 15 h) pret\u00e9n introduir els participants en aquest tipus de propostes did\u00e0ctiques que es fonamenten en la [&hellip;]<\/p>\n","protected":false},"author":1,"featured_media":0,"comment_status":"closed","ping_status":"closed","sticky":false,"template":"","format":"standard","meta":{"_bbp_topic_count":0,"_bbp_reply_count":0,"_bbp_total_topic_count":0,"_bbp_total_reply_count":0,"_bbp_voice_count":0,"_bbp_anonymous_reply_count":0,"_bbp_topic_count_hidden":0,"_bbp_reply_count_hidden":0,"_bbp_forum_subforum_count":0,"site-sidebar-layout":"default","site-content-layout":"","ast-site-content-layout":"","site-content-style":"default","site-sidebar-style":"default","ast-global-header-display":"","ast-banner-title-visibility":"","ast-main-header-display":"","ast-hfb-above-header-display":"","ast-hfb-below-header-display":"","ast-hfb-mobile-header-display":"","site-post-title":"","ast-breadcrumbs-content":"","ast-featured-img":"","footer-sml-layout":"","theme-transparent-header-meta":"","adv-header-id-meta":"","stick-header-meta":"","header-above-stick-meta":"","header-main-stick-meta":"","header-below-stick-meta":"","astra-migrate-meta-layouts":"default","ast-page-background-enabled":"default","ast-page-background-meta":{"desktop":{"background-color":"var(--ast-global-color-4)","background-image":"","background-repeat":"repeat","background-position":"center center","background-size":"auto","background-attachment":"scroll","background-type":"","background-media":"","overlay-type":"","overlay-color":"","overlay-opacity":"","overlay-gradient":""},"tablet":{"background-color":"","background-image":"","background-repeat":"repeat","background-position":"center center","background-size":"auto","background-attachment":"scroll","background-type":"","background-media":"","overlay-type":"","overlay-color":"","overlay-opacity":"","overlay-gradient":""},"mobile":{"background-color":"","background-image":"","background-repeat":"repeat","background-position":"center center","background-size":"auto","background-attachment":"scroll","background-type":"","background-media":"","overlay-type":"","overlay-color":"","overlay-opacity":"","overlay-gradient":""}},"ast-content-background-meta":{"desktop":{"background-color":"var(--ast-global-color-5)","background-image":"","background-repeat":"repeat","background-position":"center center","background-size":"auto","background-attachment":"scroll","background-type":"","background-media":"","overlay-type":"","overlay-color":"","overlay-opacity":"","overlay-gradient":""},"tablet":{"background-color":"var(--ast-global-color-5)","background-image":"","background-repeat":"repeat","background-position":"center center","background-size":"auto","background-attachment":"scroll","background-type":"","background-media":"","overlay-type":"","overlay-color":"","overlay-opacity":"","overlay-gradient":""},"mobile":{"background-color":"var(--ast-global-color-5)","background-image":"","background-repeat":"repeat","background-position":"center center","background-size":"auto","background-attachment":"scroll","background-type":"","background-media":"","overlay-type":"","overlay-color":"","overlay-opacity":"","overlay-gradient":""}},"footnotes":""},"categories":[1352,29],"tags":[1467],"class_list":["post-15140","post","type-post","status-publish","format-standard","hentry","category-formacio","category-portada","tag-aprenentatge-competencial"],"post_mailing_queue_ids":[],"_links":{"self":[{"href":"https:\/\/serveiseducatius.xtec.cat\/vallesoccidental3\/wp-json\/wp\/v2\/posts\/15140","targetHints":{"allow":["GET"]}}],"collection":[{"href":"https:\/\/serveiseducatius.xtec.cat\/vallesoccidental3\/wp-json\/wp\/v2\/posts"}],"about":[{"href":"https:\/\/serveiseducatius.xtec.cat\/vallesoccidental3\/wp-json\/wp\/v2\/types\/post"}],"author":[{"embeddable":true,"href":"https:\/\/serveiseducatius.xtec.cat\/vallesoccidental3\/wp-json\/wp\/v2\/users\/1"}],"replies":[{"embeddable":true,"href":"https:\/\/serveiseducatius.xtec.cat\/vallesoccidental3\/wp-json\/wp\/v2\/comments?post=15140"}],"version-history":[{"count":6,"href":"https:\/\/serveiseducatius.xtec.cat\/vallesoccidental3\/wp-json\/wp\/v2\/posts\/15140\/revisions"}],"predecessor-version":[{"id":15157,"href":"https:\/\/serveiseducatius.xtec.cat\/vallesoccidental3\/wp-json\/wp\/v2\/posts\/15140\/revisions\/15157"}],"wp:attachment":[{"href":"https:\/\/serveiseducatius.xtec.cat\/vallesoccidental3\/wp-json\/wp\/v2\/media?parent=15140"}],"wp:term":[{"taxonomy":"category","embeddable":true,"href":"https:\/\/serveiseducatius.xtec.cat\/vallesoccidental3\/wp-json\/wp\/v2\/categories?post=15140"},{"taxonomy":"post_tag","embeddable":true,"href":"https:\/\/serveiseducatius.xtec.cat\/vallesoccidental3\/wp-json\/wp\/v2\/tags?post=15140"}],"curies":[{"name":"wp","href":"https:\/\/api.w.org\/{rel}","templated":true}]}}