{"id":14744,"date":"2023-06-20T13:21:48","date_gmt":"2023-06-20T11:21:48","guid":{"rendered":"https:\/\/serveiseducatius.xtec.cat\/vallesoccidental3\/?p=14744"},"modified":"2023-06-20T13:38:52","modified_gmt":"2023-06-20T11:38:52","slug":"la-poesia-a-les-primeres-edats-inici-dun-itinerari","status":"publish","type":"post","link":"https:\/\/serveiseducatius.xtec.cat\/vallesoccidental3\/biblioteca-escolar\/la-poesia-a-les-primeres-edats-inici-dun-itinerari\/","title":{"rendered":"La poesia a les primeres edats. Inici d\u2019un itinerari"},"content":{"rendered":"<p><a href=\"https:\/\/www.rosasensat.org\/producte\/la-poesia-a-les-primeres-edats\/\" target=\"_blank\" rel=\"noopener\"><img loading=\"lazy\" decoding=\"async\" class=\"wp-image-14745 alignleft\" src=\"https:\/\/serveiseducatius.xtec.cat\/vallesoccidental3\/wp-content\/uploads\/usu1147\/2023\/06\/poesia-primres-edats.jpg\" alt=\"\" width=\"148\" height=\"224\" srcset=\"https:\/\/serveiseducatius.xtec.cat\/vallesoccidental3\/wp-content\/uploads\/usu1147\/2023\/06\/poesia-primres-edats.jpg 660w, https:\/\/serveiseducatius.xtec.cat\/vallesoccidental3\/wp-content\/uploads\/usu1147\/2023\/06\/poesia-primres-edats-198x300.jpg 198w\" sizes=\"auto, (max-width: 148px) 100vw, 148px\" \/><\/a>Cristina Correro i N\u00faria Vil\u00e0 han publicat\u00a0<em><a href=\"https:\/\/www.rosasensat.org\/producte\/la-poesia-a-les-primeres-edats\/\" target=\"_blank\" rel=\"noopener\"><strong>La poesia a les primeres edats<\/strong><\/a>. <a href=\"https:\/\/www.rosasensat.org\/producte\/la-poesia-a-les-primeres-edats\/\" target=\"_blank\" rel=\"noopener\"><strong>Inici d\u2019un itinerari<\/strong><\/a><\/em>. Associaci\u00f3 de Mestres Rosa Sensat (2023).<\/p>\n<p>Un llibre molt pr\u00e0ctic per a docents d\u2019infantil i prim\u00e0ria que volen apropar la poesia als m\u00e9s petits tenint-la present al llarg de les dues etapes. L\u2019adquisici\u00f3 de les formes po\u00e8tiques ajudar\u00e0 els infants a crear un p\u00f2sit que els servir\u00e0 per entrar a la poesia d\u2019autor. Tal com Teresa Colomer avan\u00e7a en el pr\u00f2leg, aquesta publicaci\u00f3 vol facilitar la tasca dels mestres.<\/p>\n<p>Les autores han estructurat el llibre en quatre cap\u00edtols. En general, reflexiona sobre la import\u00e0ncia de fer viure la literatura als nens i nenes familiaritzant-los amb el m\u00f3n de les sensacions i de tenir un itinerari.<\/p>\n<ol>\n<li><span style=\"font-size: 12pt;\">El primer cap\u00edtol parla dels beneficis de la poesia en les primeres edats. Remarquen la import\u00e0ncia de la memoritzaci\u00f3 que permetr\u00e0 que els infants adquireixin un llenguatge que els servir\u00e0 per a construccions ling\u00fc\u00edstiques posteriors. Aquests poemes els arribaran a l\u2019o\u00efda a trav\u00e9s del recitat de l\u2019adult, m\u00e9s endavant ho faran gr\u00e0cies a enregistraments que realitzin un cop memoritzats i, en altres moments, a trav\u00e9s de la mirada quan siguin poemes visuals. Aquest cap\u00edtol es tanca amb propostes dinamitzadores.<\/span><\/li>\n<li><span style=\"font-size: 12pt;\">Al segon cap\u00edtol hi recullen experi\u00e8ncies amb la poesia a l\u2019escola Bressol i a cicle inicial de prim\u00e0ria. Hi trobem moixaines, jocs de falda i pictogrames per als m\u00e9s petits i per a primer i segon de prim\u00e0ria veiem propostes amb haikus, poesia visual, endevinalles amb rima, refranys, composicions ideogr\u00e0fiques, etc. El treball des de ben petits i una planificaci\u00f3, que faci que la poesia sigui constant ja a les edats que s\u2019emmarca, permetr\u00e0 presentar propostes de major complexitat.<\/span><\/li>\n<li><span style=\"font-size: 12pt;\">M\u00e9s endavant, al tercer cap\u00edtol, ens presenten un corpus po\u00e8tic amb poesies per escoltar, poesies per mirar i poesies per aprendre i recitar. Les que s\u00f3n per escoltar contenen un codi QR que enlla\u00e7a amb la veu del recitador que, a vegades, \u00e9s la persona que l\u2019ha escrit. Per a aquest apartat han comptat amb la col\u00b7laboraci\u00f3 de diverses mestres i educadores.<\/span><\/li>\n<li><span style=\"font-size: 12pt;\">A l\u2019\u00faltim cap\u00edtol hi trobem la bibliografia i els \u00edndexs amb totes les poesies i antologies i llibres que han utilitzat per fer possible aquesta publicaci\u00f3.<\/span><\/li>\n<\/ol>\n<p>Bona lectura!<\/p>\n","protected":false},"excerpt":{"rendered":"<p>Cristina Correro i N\u00faria Vil\u00e0 han publicat\u00a0La poesia a les primeres edats. Inici d\u2019un itinerari. Associaci\u00f3 de Mestres Rosa Sensat (2023).<\/p>\n<p>Un llibre molt pr\u00e0ctic per a docents d\u2019infantil i prim\u00e0ria que volen apropar la poesia als m\u00e9s petits tenint-la present al llarg de les dues etapes. L\u2019adquisici\u00f3 de les formes po\u00e8tiques ajudar\u00e0 els infants a crear un p\u00f2sit que els servir\u00e0 per entrar a la poesia d\u2019autor. Tal com Teresa Colomer avan\u00e7a en el pr\u00f2leg, aquesta publicaci\u00f3 vol facilitar la tasca dels mestres.<\/p>\n<p>Les autores han estructurat el llibre en quatre cap\u00edtols. En general, reflexiona sobre la import\u00e0ncia de fer viure la literatura als nens i nenes familiaritzant-los amb el m\u00f3n de les sensacions i de tenir un itinerari.<\/p>\n","protected":false},"author":1,"featured_media":14755,"comment_status":"closed","ping_status":"closed","sticky":false,"template":"","format":"standard","meta":{"_bbp_topic_count":0,"_bbp_reply_count":0,"_bbp_total_topic_count":0,"_bbp_total_reply_count":0,"_bbp_voice_count":0,"_bbp_anonymous_reply_count":0,"_bbp_topic_count_hidden":0,"_bbp_reply_count_hidden":0,"_bbp_forum_subforum_count":0,"site-sidebar-layout":"default","site-content-layout":"","ast-site-content-layout":"","site-content-style":"default","site-sidebar-style":"default","ast-global-header-display":"","ast-banner-title-visibility":"","ast-main-header-display":"","ast-hfb-above-header-display":"","ast-hfb-below-header-display":"","ast-hfb-mobile-header-display":"","site-post-title":"","ast-breadcrumbs-content":"","ast-featured-img":"","footer-sml-layout":"","theme-transparent-header-meta":"","adv-header-id-meta":"","stick-header-meta":"","header-above-stick-meta":"","header-main-stick-meta":"","header-below-stick-meta":"","astra-migrate-meta-layouts":"default","ast-page-background-enabled":"default","ast-page-background-meta":{"desktop":{"background-color":"var(--ast-global-color-4)","background-image":"","background-repeat":"repeat","background-position":"center center","background-size":"auto","background-attachment":"scroll","background-type":"","background-media":"","overlay-type":"","overlay-color":"","overlay-opacity":"","overlay-gradient":""},"tablet":{"background-color":"","background-image":"","background-repeat":"repeat","background-position":"center center","background-size":"auto","background-attachment":"scroll","background-type":"","background-media":"","overlay-type":"","overlay-color":"","overlay-opacity":"","overlay-gradient":""},"mobile":{"background-color":"","background-image":"","background-repeat":"repeat","background-position":"center center","background-size":"auto","background-attachment":"scroll","background-type":"","background-media":"","overlay-type":"","overlay-color":"","overlay-opacity":"","overlay-gradient":""}},"ast-content-background-meta":{"desktop":{"background-color":"var(--ast-global-color-5)","background-image":"","background-repeat":"repeat","background-position":"center center","background-size":"auto","background-attachment":"scroll","background-type":"","background-media":"","overlay-type":"","overlay-color":"","overlay-opacity":"","overlay-gradient":""},"tablet":{"background-color":"var(--ast-global-color-5)","background-image":"","background-repeat":"repeat","background-position":"center center","background-size":"auto","background-attachment":"scroll","background-type":"","background-media":"","overlay-type":"","overlay-color":"","overlay-opacity":"","overlay-gradient":""},"mobile":{"background-color":"var(--ast-global-color-5)","background-image":"","background-repeat":"repeat","background-position":"center center","background-size":"auto","background-attachment":"scroll","background-type":"","background-media":"","overlay-type":"","overlay-color":"","overlay-opacity":"","overlay-gradient":""}},"footnotes":""},"categories":[1362,81],"tags":[],"class_list":["post-14744","post","type-post","status-publish","format-standard","has-post-thumbnail","hentry","category-2022-23_biblioteques","category-biblioteca-escolar"],"post_mailing_queue_ids":[],"_links":{"self":[{"href":"https:\/\/serveiseducatius.xtec.cat\/vallesoccidental3\/wp-json\/wp\/v2\/posts\/14744","targetHints":{"allow":["GET"]}}],"collection":[{"href":"https:\/\/serveiseducatius.xtec.cat\/vallesoccidental3\/wp-json\/wp\/v2\/posts"}],"about":[{"href":"https:\/\/serveiseducatius.xtec.cat\/vallesoccidental3\/wp-json\/wp\/v2\/types\/post"}],"author":[{"embeddable":true,"href":"https:\/\/serveiseducatius.xtec.cat\/vallesoccidental3\/wp-json\/wp\/v2\/users\/1"}],"replies":[{"embeddable":true,"href":"https:\/\/serveiseducatius.xtec.cat\/vallesoccidental3\/wp-json\/wp\/v2\/comments?post=14744"}],"version-history":[{"count":4,"href":"https:\/\/serveiseducatius.xtec.cat\/vallesoccidental3\/wp-json\/wp\/v2\/posts\/14744\/revisions"}],"predecessor-version":[{"id":14754,"href":"https:\/\/serveiseducatius.xtec.cat\/vallesoccidental3\/wp-json\/wp\/v2\/posts\/14744\/revisions\/14754"}],"wp:featuredmedia":[{"embeddable":true,"href":"https:\/\/serveiseducatius.xtec.cat\/vallesoccidental3\/wp-json\/wp\/v2\/media\/14755"}],"wp:attachment":[{"href":"https:\/\/serveiseducatius.xtec.cat\/vallesoccidental3\/wp-json\/wp\/v2\/media?parent=14744"}],"wp:term":[{"taxonomy":"category","embeddable":true,"href":"https:\/\/serveiseducatius.xtec.cat\/vallesoccidental3\/wp-json\/wp\/v2\/categories?post=14744"},{"taxonomy":"post_tag","embeddable":true,"href":"https:\/\/serveiseducatius.xtec.cat\/vallesoccidental3\/wp-json\/wp\/v2\/tags?post=14744"}],"curies":[{"name":"wp","href":"https:\/\/api.w.org\/{rel}","templated":true}]}}