{"id":14654,"date":"2023-06-08T09:37:38","date_gmt":"2023-06-08T07:37:38","guid":{"rendered":"https:\/\/serveiseducatius.xtec.cat\/vallesoccidental3\/?p=14654"},"modified":"2023-06-16T10:32:38","modified_gmt":"2023-06-16T08:32:38","slug":"lexperiencia-compatida-de-la-literatura-estrategies-i-materials-per-treballar-la-a-leso-i-btx","status":"publish","type":"post","link":"https:\/\/serveiseducatius.xtec.cat\/vallesoccidental3\/biblioteca-escolar\/lexperiencia-compatida-de-la-literatura-estrategies-i-materials-per-treballar-la-a-leso-i-btx\/","title":{"rendered":"L\u2019experi\u00e8ncia compatida de la literatura. Estrat\u00e8gies i materials per treballar-la a l\u2019ESO i BTX"},"content":{"rendered":"<p><a href=\"https:\/\/drive.google.com\/file\/d\/1b2c1eRCqdHsaxIwMoN-Bfab5Cgpl6xjh\/view\" target=\"_blank\" rel=\"noopener\"><img loading=\"lazy\" decoding=\"async\" class=\"aligncenter\" src=\"https:\/\/projectes.xtec.cat\/educacio-literaria\/wp-content\/uploads\/usu2578\/2023\/06\/CP4.jpg\" width=\"264\" height=\"384\" \/><\/a><\/p>\n<p>El proper 10 de juliol el\u00a0<a href=\"https:\/\/collectiuperequart.wordpress.com\/\">Col\u00b7lectiu Pere Quart<\/a>\u00a0organitza la jornada\u00a0<strong>L\u2019experi\u00e8ncia compatida de la literatura. Estrat\u00e8gies i materials per treballar-la a l\u2019ESO i Batxillerat\u00a0<em>(literatura juvenil, perspectiva de g\u00e8nere, creaci\u00f3 liter\u00e0ria, lectura a l\u2019aula, biblioteques<\/em>\u2026<em>).\u00a0<\/em><\/strong><\/p>\n<p>Aquesta formaci\u00f3, que est\u00e0 adre\u00e7ada a professorat de secund\u00e0ria i batxillerat, \u00e9s un espai formatiu i de debat presencial per a professors de literatura catalana, amb la voluntat d\u2019oferir eines, recursos i reflexions relacionades amb l\u2019ensenyament de la literatura als centres educatius, aix\u00ed com fomentar l\u2019intercanvi d\u2019experi\u00e8ncies personals que permetin enriquir les pr\u00e0ctiques concretes de l\u2019aula. La jornada, que es far\u00e0 a l\u2019Institut Escola Industrial de Sabadell, t\u00e9 un reconeixement de 10 h de formaci\u00f3 pel Departament d\u2019Educaci\u00f3. El preu \u00e9s de 25 \u20ac.<\/p>\n<p>Consulteu\u00a0<a href=\"https:\/\/drive.google.com\/file\/d\/1b2c1eRCqdHsaxIwMoN-Bfab5Cgpl6xjh\/view?usp=sharing\">aqu\u00ed<\/a>\u00a0el programa detallat.<\/p>\n<p><a href=\"https:\/\/docs.google.com\/forms\/d\/e\/1FAIpQLSfCurKLyy3qahTph3Rjrm_MzwrHsvbq32Eoddh04ysQUqorWw\/viewform\">Enlla\u00e7 a la inscripci\u00f3<\/a><\/p>\n","protected":false},"excerpt":{"rendered":"<p>El proper 10 de juliol el\u00a0Col\u00b7lectiu Pere Quart\u00a0organitza la jornada\u00a0L\u2019experi\u00e8ncia compatida de la literatura. Estrat\u00e8gies i materials per treballar-la a l\u2019ESO i Batxillerat\u00a0(literatura juvenil, perspectiva de g\u00e8nere, creaci\u00f3 liter\u00e0ria, lectura a l\u2019aula, biblioteques\u2026).\u00a0 Aquesta formaci\u00f3, que est\u00e0 adre\u00e7ada a professorat de secund\u00e0ria i batxillerat, \u00e9s un espai formatiu i de debat presencial per a professors [&hellip;]<\/p>\n","protected":false},"author":1,"featured_media":0,"comment_status":"closed","ping_status":"closed","sticky":false,"template":"","format":"standard","meta":{"_bbp_topic_count":0,"_bbp_reply_count":0,"_bbp_total_topic_count":0,"_bbp_total_reply_count":0,"_bbp_voice_count":0,"_bbp_anonymous_reply_count":0,"_bbp_topic_count_hidden":0,"_bbp_reply_count_hidden":0,"_bbp_forum_subforum_count":0,"site-sidebar-layout":"default","site-content-layout":"","ast-site-content-layout":"","site-content-style":"default","site-sidebar-style":"default","ast-global-header-display":"","ast-banner-title-visibility":"","ast-main-header-display":"","ast-hfb-above-header-display":"","ast-hfb-below-header-display":"","ast-hfb-mobile-header-display":"","site-post-title":"","ast-breadcrumbs-content":"","ast-featured-img":"","footer-sml-layout":"","theme-transparent-header-meta":"","adv-header-id-meta":"","stick-header-meta":"","header-above-stick-meta":"","header-main-stick-meta":"","header-below-stick-meta":"","astra-migrate-meta-layouts":"default","ast-page-background-enabled":"default","ast-page-background-meta":{"desktop":{"background-color":"var(--ast-global-color-4)","background-image":"","background-repeat":"repeat","background-position":"center center","background-size":"auto","background-attachment":"scroll","background-type":"","background-media":"","overlay-type":"","overlay-color":"","overlay-opacity":"","overlay-gradient":""},"tablet":{"background-color":"","background-image":"","background-repeat":"repeat","background-position":"center center","background-size":"auto","background-attachment":"scroll","background-type":"","background-media":"","overlay-type":"","overlay-color":"","overlay-opacity":"","overlay-gradient":""},"mobile":{"background-color":"","background-image":"","background-repeat":"repeat","background-position":"center center","background-size":"auto","background-attachment":"scroll","background-type":"","background-media":"","overlay-type":"","overlay-color":"","overlay-opacity":"","overlay-gradient":""}},"ast-content-background-meta":{"desktop":{"background-color":"var(--ast-global-color-5)","background-image":"","background-repeat":"repeat","background-position":"center center","background-size":"auto","background-attachment":"scroll","background-type":"","background-media":"","overlay-type":"","overlay-color":"","overlay-opacity":"","overlay-gradient":""},"tablet":{"background-color":"var(--ast-global-color-5)","background-image":"","background-repeat":"repeat","background-position":"center center","background-size":"auto","background-attachment":"scroll","background-type":"","background-media":"","overlay-type":"","overlay-color":"","overlay-opacity":"","overlay-gradient":""},"mobile":{"background-color":"var(--ast-global-color-5)","background-image":"","background-repeat":"repeat","background-position":"center center","background-size":"auto","background-attachment":"scroll","background-type":"","background-media":"","overlay-type":"","overlay-color":"","overlay-opacity":"","overlay-gradient":""}},"footnotes":""},"categories":[1362,1370,81],"tags":[1470,220],"class_list":["post-14654","post","type-post","status-publish","format-standard","hentry","category-2022-23_biblioteques","category-2022-23_biblioteques_sessio_8","category-biblioteca-escolar","tag-educacio-literaria","tag-fomentar-la-lectura"],"post_mailing_queue_ids":[],"_links":{"self":[{"href":"https:\/\/serveiseducatius.xtec.cat\/vallesoccidental3\/wp-json\/wp\/v2\/posts\/14654","targetHints":{"allow":["GET"]}}],"collection":[{"href":"https:\/\/serveiseducatius.xtec.cat\/vallesoccidental3\/wp-json\/wp\/v2\/posts"}],"about":[{"href":"https:\/\/serveiseducatius.xtec.cat\/vallesoccidental3\/wp-json\/wp\/v2\/types\/post"}],"author":[{"embeddable":true,"href":"https:\/\/serveiseducatius.xtec.cat\/vallesoccidental3\/wp-json\/wp\/v2\/users\/1"}],"replies":[{"embeddable":true,"href":"https:\/\/serveiseducatius.xtec.cat\/vallesoccidental3\/wp-json\/wp\/v2\/comments?post=14654"}],"version-history":[{"count":2,"href":"https:\/\/serveiseducatius.xtec.cat\/vallesoccidental3\/wp-json\/wp\/v2\/posts\/14654\/revisions"}],"predecessor-version":[{"id":14656,"href":"https:\/\/serveiseducatius.xtec.cat\/vallesoccidental3\/wp-json\/wp\/v2\/posts\/14654\/revisions\/14656"}],"wp:attachment":[{"href":"https:\/\/serveiseducatius.xtec.cat\/vallesoccidental3\/wp-json\/wp\/v2\/media?parent=14654"}],"wp:term":[{"taxonomy":"category","embeddable":true,"href":"https:\/\/serveiseducatius.xtec.cat\/vallesoccidental3\/wp-json\/wp\/v2\/categories?post=14654"},{"taxonomy":"post_tag","embeddable":true,"href":"https:\/\/serveiseducatius.xtec.cat\/vallesoccidental3\/wp-json\/wp\/v2\/tags?post=14654"}],"curies":[{"name":"wp","href":"https:\/\/api.w.org\/{rel}","templated":true}]}}