{"id":14650,"date":"2023-06-07T12:12:57","date_gmt":"2023-06-07T10:12:57","guid":{"rendered":"https:\/\/serveiseducatius.xtec.cat\/vallesoccidental3\/?p=14650"},"modified":"2023-06-16T10:32:38","modified_gmt":"2023-06-16T08:32:38","slug":"escoles-destiu-2023-propostes-de-les-formacions-relacionades-amb-la-lectura-i-les-biblioteques-escolars","status":"publish","type":"post","link":"https:\/\/serveiseducatius.xtec.cat\/vallesoccidental3\/biblioteca-escolar\/2022-23_biblioteques\/escoles-destiu-2023-propostes-de-les-formacions-relacionades-amb-la-lectura-i-les-biblioteques-escolars\/","title":{"rendered":"Escoles d&#8217;estiu 2023: formacions relacionades amb la lectura i les biblioteques escolars"},"content":{"rendered":"<ul>\n<li><span style=\"font-size: 10pt;\"><b>ESCOLA D&#8217;ESTIU ROSA SENSAT<br \/>\n<\/b><a href=\"https:\/\/www.rosasensat.org\/programa-formatiu-de-la-58a-escola-destiu-entrada\/\" target=\"_blank\" rel=\"noopener\">Escola d&#8217;Estiu Rosa Sensat.<\/a><\/span><br \/>\n<span style=\"font-size: 10pt;\">Entre d&#8217;altres propostes podeu trobar aquestes destinades a la\u00a0<a href=\"https:\/\/www.rosasensat.org\/wp-content\/uploads\/2023\/04\/Cataleg-Formacions-Literatura.pdf\">literatura.<\/a><\/span><\/li>\n<li><span style=\"font-size: 10pt;\"><b>ESCOLA D&#8217;ESTIU BLANQUERNA<\/b><\/span><br \/>\n<span style=\"font-size: 10pt;\"><a href=\"https:\/\/www.blanquerna.edu\/ca\/escola-destiu-mestres\" target=\"_blank\" rel=\"noopener\">Escola d&#8217;Estiu Blanquerna<\/a><\/span><br \/>\n<span style=\"font-size: 10pt;\">Dins de les propostes trobem una formaci\u00f3 que imparteix l&#8217;Anna Juan Cantavella sobre\u00a0<a href=\"https:\/\/www.blanquerna.edu\/ca\/enfilant-el-caminet-introduccio-leducacio-literaria-primaria-obres-criteris-de-tria-i-practiques\" target=\"_blank\" rel=\"noopener\">introducci\u00f3 a l&#8217;educaci\u00f3 liter\u00e0ria<\/a>.<\/span><\/li>\n<li><span style=\"font-size: 10pt;\"><b>ESCOLA D&#8217;ESTIU BAIX PENED\u00c8S-GARRAF<br \/>\n<\/b><a href=\"http:\/\/mrpbaixpenedes.blogspot.com\/2023\/05\/presentem-la-44a-edicio-de-lescola.html\" target=\"_blank\" rel=\"noopener\">Escola d&#8217;Estiu Baix Pened\u00e8s-Garraf.<\/a><\/span><br \/>\n<span style=\"font-size: 10pt;\">A Saifores trobareu a Institut de la Inf\u00e0ncia fent el seu taller de Minimons i literatura.<\/span><\/li>\n<li><span style=\"font-size: 10pt;\"><b>ESCOLA D&#8217;ESTIU ABADIA DE MONTSERRAT<br \/>\n<\/b><a href=\"https:\/\/escolapostgrau.uvic.cat\/ca\/cursos-i-jornades\/educacio-i-societat\/tretzena-escola-destiu-de-literatura-infantil-i-juvenil\" target=\"_blank\" rel=\"noopener\">Estiu Abadia de Montserrat<\/a>.<\/span><br \/>\n<span style=\"font-size: 10pt;\">La tretzena edici\u00f3 de l&#8217;escola d&#8217;estiu desitnada a la LIJ.<\/span><br \/>\n<span style=\"font-size: 10pt;\">Aquest any: Literatures del m\u00f3n en el nostre entorn.<\/span><\/li>\n<li><span style=\"font-size: 10pt;\"><b>ESCOLA D&#8217;ESTIU VALL\u00c8S OCCIDENTAL<br \/>\n<\/b><a href=\"https:\/\/amgali.cat\/escola-estiu-2022-3\/\" target=\"_blank\" rel=\"noopener\">Escola d&#8217;Estiu Vall\u00e8s Occidental.<\/a><\/span><br \/>\n<span style=\"font-size: 10pt;\">Tamb\u00e9 trobareu a Institut de la Inf\u00e0ncia amb Minimons i literatura.<\/span><\/li>\n<li><span style=\"font-size: 10pt;\"><b>ESCOLA D&#8217;ESTIU DE l&#8217;ALT EMPORD\u00c0<br \/>\n<\/b><a href=\"https:\/\/sites.google.com\/site\/epmrpae\/\" target=\"_blank\" rel=\"noopener\">Escola d&#8217;Estiu de l&#8217;Alt Empord\u00e0.<\/a><\/span><br \/>\n<span style=\"font-size: 10pt;\">Taller sobre formaci\u00f3 lectora a c\u00e0rrec de Neus Real.<\/span><\/li>\n<li><span style=\"font-size: 10pt;\"><b style=\"font-family: inherit;\">ESCOLA D&#8217;ESTIU ICE UAB<br \/>\n<\/b><a style=\"font-family: inherit;\" href=\"https:\/\/www.uab.cat\/ca\/ice\/cursos-juliol-2023\" target=\"_blank\" rel=\"noopener\">Escola d&#8217;Estiu ICE UAB.<\/a><span style=\"font-family: inherit;\"><br \/>\n<\/span>Taller de Ficci\u00f3 digital a la biblioteca de centre i aula, impartit per Lucas Ramada.<\/span><\/li>\n<li><span style=\"font-size: 10pt;\"><b>ESCOLA D&#8217;ESTIU ALT CAMP<br \/>\n<\/b><a style=\"font-family: inherit;\" href=\"https:\/\/sites.google.com\/view\/3aescoladestiudelmeac\/benvinguda\" target=\"_blank\" rel=\"noopener\">Escola d&#8217;Estiu MEAC.<\/a><span style=\"font-family: inherit;\"><br \/>\n<\/span>Entre les propostes trobem una destinada a Bruno Murani i una altra a apropar la literatura als infants.<\/span><\/li>\n<\/ul>\n","protected":false},"excerpt":{"rendered":"<p>ESCOLA D&#8217;ESTIU ROSA SENSAT Escola d&#8217;Estiu Rosa Sensat. Entre d&#8217;altres propostes podeu trobar aquestes destinades a la\u00a0literatura. ESCOLA D&#8217;ESTIU BLANQUERNA Escola d&#8217;Estiu Blanquerna Dins de les propostes trobem una formaci\u00f3 que imparteix l&#8217;Anna Juan Cantavella sobre\u00a0introducci\u00f3 a l&#8217;educaci\u00f3 liter\u00e0ria. ESCOLA D&#8217;ESTIU BAIX PENED\u00c8S-GARRAF Escola d&#8217;Estiu Baix Pened\u00e8s-Garraf. A Saifores trobareu a Institut de la Inf\u00e0ncia [&hellip;]<\/p>\n","protected":false},"author":1,"featured_media":0,"comment_status":"closed","ping_status":"closed","sticky":false,"template":"","format":"standard","meta":{"_bbp_topic_count":0,"_bbp_reply_count":0,"_bbp_total_topic_count":0,"_bbp_total_reply_count":0,"_bbp_voice_count":0,"_bbp_anonymous_reply_count":0,"_bbp_topic_count_hidden":0,"_bbp_reply_count_hidden":0,"_bbp_forum_subforum_count":0,"site-sidebar-layout":"default","site-content-layout":"","ast-site-content-layout":"","site-content-style":"default","site-sidebar-style":"default","ast-global-header-display":"","ast-banner-title-visibility":"","ast-main-header-display":"","ast-hfb-above-header-display":"","ast-hfb-below-header-display":"","ast-hfb-mobile-header-display":"","site-post-title":"","ast-breadcrumbs-content":"","ast-featured-img":"","footer-sml-layout":"","theme-transparent-header-meta":"","adv-header-id-meta":"","stick-header-meta":"","header-above-stick-meta":"","header-main-stick-meta":"","header-below-stick-meta":"","astra-migrate-meta-layouts":"default","ast-page-background-enabled":"default","ast-page-background-meta":{"desktop":{"background-color":"var(--ast-global-color-4)","background-image":"","background-repeat":"repeat","background-position":"center center","background-size":"auto","background-attachment":"scroll","background-type":"","background-media":"","overlay-type":"","overlay-color":"","overlay-opacity":"","overlay-gradient":""},"tablet":{"background-color":"","background-image":"","background-repeat":"repeat","background-position":"center center","background-size":"auto","background-attachment":"scroll","background-type":"","background-media":"","overlay-type":"","overlay-color":"","overlay-opacity":"","overlay-gradient":""},"mobile":{"background-color":"","background-image":"","background-repeat":"repeat","background-position":"center center","background-size":"auto","background-attachment":"scroll","background-type":"","background-media":"","overlay-type":"","overlay-color":"","overlay-opacity":"","overlay-gradient":""}},"ast-content-background-meta":{"desktop":{"background-color":"var(--ast-global-color-5)","background-image":"","background-repeat":"repeat","background-position":"center center","background-size":"auto","background-attachment":"scroll","background-type":"","background-media":"","overlay-type":"","overlay-color":"","overlay-opacity":"","overlay-gradient":""},"tablet":{"background-color":"var(--ast-global-color-5)","background-image":"","background-repeat":"repeat","background-position":"center center","background-size":"auto","background-attachment":"scroll","background-type":"","background-media":"","overlay-type":"","overlay-color":"","overlay-opacity":"","overlay-gradient":""},"mobile":{"background-color":"var(--ast-global-color-5)","background-image":"","background-repeat":"repeat","background-position":"center center","background-size":"auto","background-attachment":"scroll","background-type":"","background-media":"","overlay-type":"","overlay-color":"","overlay-opacity":"","overlay-gradient":""}},"footnotes":""},"categories":[1362,1370],"tags":[1469],"class_list":["post-14650","post","type-post","status-publish","format-standard","hentry","category-2022-23_biblioteques","category-2022-23_biblioteques_sessio_8","tag-escoles-destiu"],"post_mailing_queue_ids":[],"_links":{"self":[{"href":"https:\/\/serveiseducatius.xtec.cat\/vallesoccidental3\/wp-json\/wp\/v2\/posts\/14650","targetHints":{"allow":["GET"]}}],"collection":[{"href":"https:\/\/serveiseducatius.xtec.cat\/vallesoccidental3\/wp-json\/wp\/v2\/posts"}],"about":[{"href":"https:\/\/serveiseducatius.xtec.cat\/vallesoccidental3\/wp-json\/wp\/v2\/types\/post"}],"author":[{"embeddable":true,"href":"https:\/\/serveiseducatius.xtec.cat\/vallesoccidental3\/wp-json\/wp\/v2\/users\/1"}],"replies":[{"embeddable":true,"href":"https:\/\/serveiseducatius.xtec.cat\/vallesoccidental3\/wp-json\/wp\/v2\/comments?post=14650"}],"version-history":[{"count":3,"href":"https:\/\/serveiseducatius.xtec.cat\/vallesoccidental3\/wp-json\/wp\/v2\/posts\/14650\/revisions"}],"predecessor-version":[{"id":14653,"href":"https:\/\/serveiseducatius.xtec.cat\/vallesoccidental3\/wp-json\/wp\/v2\/posts\/14650\/revisions\/14653"}],"wp:attachment":[{"href":"https:\/\/serveiseducatius.xtec.cat\/vallesoccidental3\/wp-json\/wp\/v2\/media?parent=14650"}],"wp:term":[{"taxonomy":"category","embeddable":true,"href":"https:\/\/serveiseducatius.xtec.cat\/vallesoccidental3\/wp-json\/wp\/v2\/categories?post=14650"},{"taxonomy":"post_tag","embeddable":true,"href":"https:\/\/serveiseducatius.xtec.cat\/vallesoccidental3\/wp-json\/wp\/v2\/tags?post=14650"}],"curies":[{"name":"wp","href":"https:\/\/api.w.org\/{rel}","templated":true}]}}