{"id":14620,"date":"2023-05-30T17:57:12","date_gmt":"2023-05-30T15:57:12","guid":{"rendered":"https:\/\/serveiseducatius.xtec.cat\/vallesoccidental3\/?p=14620"},"modified":"2023-06-16T10:32:39","modified_gmt":"2023-06-16T08:32:39","slug":"llegir-te-premi","status":"publish","type":"post","link":"https:\/\/serveiseducatius.xtec.cat\/vallesoccidental3\/portada\/llegir-te-premi\/","title":{"rendered":"Llegir t\u00e9 premi"},"content":{"rendered":"<p><a href=\"https:\/\/llegirtepremi.cat\/\" target=\"_blank\" rel=\"noopener\"><img loading=\"lazy\" decoding=\"async\" class=\"aligncenter\" src=\"https:\/\/biblioteques.gencat.cat\/web\/.content\/tematic\/el-servei-de-biblioteques\/linies-dactivitat\/promocio-lectura\/projectes\/concursos-premis\/Llegirtepremi\/2023\/cartell_llpremi_web.jpg_382929241.jpg\" width=\"234\" height=\"331\" \/><\/a><\/p>\n<p><strong>El Departament de Cultura convoca la 8a edici\u00f3 de \u201c<a href=\"https:\/\/llegirtepremi.cat\/\" target=\"_blank\" rel=\"noopener\">Llegir t\u00e9 Premi<\/a>\u201d per fomentar la lectura entre els infants i joves durant l\u2019estiu<\/strong><\/p>\n<ul>\n<li>Fins a 1.500 infants i joves podran participar en la vuitena edici\u00f3<\/li>\n<li>El per\u00edode d\u2019inscripci\u00f3 ser\u00e0 del dia 26 de maig de 2023 fins que s\u2019esgotin les places disponibles.<\/li>\n<li>L\u2019inici de \u201cLlegir t\u00e9 premi\u201d ser\u00e0 el dia 26 de juny i finalitzar\u00e0 el dia 27 d\u2019agost de 2023, ambdues dates incloses.<\/li>\n<\/ul>\n<p>\u201cLlegir t\u00e9 premi\u201d \u00e9s una iniciativa de la Direcci\u00f3 General de Promoci\u00f3 Cultural i Biblioteques del Departament de Cultura de la Generalitat de Catalunya en col\u00b7laboraci\u00f3 amb la plataforma digital Legiland. T\u00e9 per objectiu promoure la lectura, compartir-la, millorar la comprensi\u00f3 lectora i apropar els serveis de les biblioteques entre els infants i joves durant les vacances d\u2019estiu.<\/p>\n<p>Poden participar fins a 1.500 infants i joves que tinguin el carnet de qualsevol biblioteca p\u00fablica de Catalunya. S\u2019organitza en dues categories individuals, de 8 a 11 anys i de 12 a 16 anys i una tercera categoria per a equips.<\/p>\n<p>Els participants podran seleccionar les lectures entre 1.000 t\u00edtols en catal\u00e0, castell\u00e0, angl\u00e8s i t\u00edtols de lectura f\u00e0cil. La selecci\u00f3 de les obres permet oferir un seguit de propostes de lectura adequades a l\u2019edat i interessos, des de llibres cl\u00e0ssics fins a les darreres novetats de la literatura juvenil. Els t\u00edtols seleccionats es troben disponibles f\u00edsicament a les biblioteques p\u00fabliques de Catalunya i tamb\u00e9 a la\u00a0<a href=\"https:\/\/biblioteca.ebiblio.cat\/\">Biblioteca Digital.<\/a><\/p>\n<p>Els participants responen una s\u00e8rie de preguntes sobre el que han llegit. Amb els encerts, aconsegueixen punts que els permeten pujar de nivell, desbloquejar peces de l\u2019avatar, guanyar medalles digitals i pujar en les classificacions per optar a m\u00e9s premis. Des de les biblioteques fan el seguiment virtual de l\u2019activitat lectora dels seus usuaris i poden fer recomanacions i animar-los a mesura que llegeixen i progressen en el joc.<\/p>\n<p>L\u2019 organitzaci\u00f3 enviar\u00e0 a les seves biblioteques de refer\u00e8ncia els premis f\u00edsics: rellotges intel\u00b7ligents, punts de llibre i lots de llibres infantils i juvenils perqu\u00e8 els usuaris puguin anar a recollir-los.<\/p>\n","protected":false},"excerpt":{"rendered":"<p>El Departament de Cultura convoca la 8a edici\u00f3 de \u201cLlegir t\u00e9 Premi\u201d per fomentar la lectura entre els infants i joves durant l\u2019estiu Fins a 1.500 infants i joves podran participar en la vuitena edici\u00f3 El per\u00edode d\u2019inscripci\u00f3 ser\u00e0 del dia 26 de maig de 2023 fins que s\u2019esgotin les places disponibles. L\u2019inici de \u201cLlegir [&hellip;]<\/p>\n","protected":false},"author":1,"featured_media":0,"comment_status":"closed","ping_status":"closed","sticky":false,"template":"","format":"standard","meta":{"_bbp_topic_count":0,"_bbp_reply_count":0,"_bbp_total_topic_count":0,"_bbp_total_reply_count":0,"_bbp_voice_count":0,"_bbp_anonymous_reply_count":0,"_bbp_topic_count_hidden":0,"_bbp_reply_count_hidden":0,"_bbp_forum_subforum_count":0,"site-sidebar-layout":"default","site-content-layout":"","ast-site-content-layout":"","site-content-style":"default","site-sidebar-style":"default","ast-global-header-display":"","ast-banner-title-visibility":"","ast-main-header-display":"","ast-hfb-above-header-display":"","ast-hfb-below-header-display":"","ast-hfb-mobile-header-display":"","site-post-title":"","ast-breadcrumbs-content":"","ast-featured-img":"","footer-sml-layout":"","theme-transparent-header-meta":"","adv-header-id-meta":"","stick-header-meta":"","header-above-stick-meta":"","header-main-stick-meta":"","header-below-stick-meta":"","astra-migrate-meta-layouts":"default","ast-page-background-enabled":"default","ast-page-background-meta":{"desktop":{"background-color":"var(--ast-global-color-4)","background-image":"","background-repeat":"repeat","background-position":"center center","background-size":"auto","background-attachment":"scroll","background-type":"","background-media":"","overlay-type":"","overlay-color":"","overlay-opacity":"","overlay-gradient":""},"tablet":{"background-color":"","background-image":"","background-repeat":"repeat","background-position":"center center","background-size":"auto","background-attachment":"scroll","background-type":"","background-media":"","overlay-type":"","overlay-color":"","overlay-opacity":"","overlay-gradient":""},"mobile":{"background-color":"","background-image":"","background-repeat":"repeat","background-position":"center center","background-size":"auto","background-attachment":"scroll","background-type":"","background-media":"","overlay-type":"","overlay-color":"","overlay-opacity":"","overlay-gradient":""}},"ast-content-background-meta":{"desktop":{"background-color":"var(--ast-global-color-5)","background-image":"","background-repeat":"repeat","background-position":"center center","background-size":"auto","background-attachment":"scroll","background-type":"","background-media":"","overlay-type":"","overlay-color":"","overlay-opacity":"","overlay-gradient":""},"tablet":{"background-color":"var(--ast-global-color-5)","background-image":"","background-repeat":"repeat","background-position":"center center","background-size":"auto","background-attachment":"scroll","background-type":"","background-media":"","overlay-type":"","overlay-color":"","overlay-opacity":"","overlay-gradient":""},"mobile":{"background-color":"var(--ast-global-color-5)","background-image":"","background-repeat":"repeat","background-position":"center center","background-size":"auto","background-attachment":"scroll","background-type":"","background-media":"","overlay-type":"","overlay-color":"","overlay-opacity":"","overlay-gradient":""}},"footnotes":""},"categories":[1362,1370,29,81],"tags":[993],"class_list":["post-14620","post","type-post","status-publish","format-standard","hentry","category-2022-23_biblioteques","category-2022-23_biblioteques_sessio_8","category-portada","category-biblioteca-escolar","tag-gust-per-la-lectura"],"post_mailing_queue_ids":[],"_links":{"self":[{"href":"https:\/\/serveiseducatius.xtec.cat\/vallesoccidental3\/wp-json\/wp\/v2\/posts\/14620","targetHints":{"allow":["GET"]}}],"collection":[{"href":"https:\/\/serveiseducatius.xtec.cat\/vallesoccidental3\/wp-json\/wp\/v2\/posts"}],"about":[{"href":"https:\/\/serveiseducatius.xtec.cat\/vallesoccidental3\/wp-json\/wp\/v2\/types\/post"}],"author":[{"embeddable":true,"href":"https:\/\/serveiseducatius.xtec.cat\/vallesoccidental3\/wp-json\/wp\/v2\/users\/1"}],"replies":[{"embeddable":true,"href":"https:\/\/serveiseducatius.xtec.cat\/vallesoccidental3\/wp-json\/wp\/v2\/comments?post=14620"}],"version-history":[{"count":2,"href":"https:\/\/serveiseducatius.xtec.cat\/vallesoccidental3\/wp-json\/wp\/v2\/posts\/14620\/revisions"}],"predecessor-version":[{"id":14622,"href":"https:\/\/serveiseducatius.xtec.cat\/vallesoccidental3\/wp-json\/wp\/v2\/posts\/14620\/revisions\/14622"}],"wp:attachment":[{"href":"https:\/\/serveiseducatius.xtec.cat\/vallesoccidental3\/wp-json\/wp\/v2\/media?parent=14620"}],"wp:term":[{"taxonomy":"category","embeddable":true,"href":"https:\/\/serveiseducatius.xtec.cat\/vallesoccidental3\/wp-json\/wp\/v2\/categories?post=14620"},{"taxonomy":"post_tag","embeddable":true,"href":"https:\/\/serveiseducatius.xtec.cat\/vallesoccidental3\/wp-json\/wp\/v2\/tags?post=14620"}],"curies":[{"name":"wp","href":"https:\/\/api.w.org\/{rel}","templated":true}]}}