{"id":14579,"date":"2023-05-16T16:48:54","date_gmt":"2023-05-16T14:48:54","guid":{"rendered":"https:\/\/serveiseducatius.xtec.cat\/vallesoccidental3\/?p=14579"},"modified":"2023-06-16T10:31:49","modified_gmt":"2023-06-16T08:31:49","slug":"guanyem-un-estiu-lector-2","status":"publish","type":"post","link":"https:\/\/serveiseducatius.xtec.cat\/vallesoccidental3\/portada\/guanyem-un-estiu-lector-2\/","title":{"rendered":"Guanyem un estiu lector"},"content":{"rendered":"<p><a href=\"https:\/\/lecxit.cat\/guanyem-un-estiu-lector\/\" target=\"_blank\" rel=\"noopener\"><img loading=\"lazy\" decoding=\"async\" class=\"wp-image-14577 aligncenter\" src=\"https:\/\/serveiseducatius.xtec.cat\/vallesoccidental3\/wp-content\/uploads\/usu1147\/2023\/05\/guanyem-estiu-lector-300x126.jpg\" alt=\"\" width=\"621\" height=\"261\" srcset=\"https:\/\/serveiseducatius.xtec.cat\/vallesoccidental3\/wp-content\/uploads\/usu1147\/2023\/05\/guanyem-estiu-lector-300x126.jpg 300w, https:\/\/serveiseducatius.xtec.cat\/vallesoccidental3\/wp-content\/uploads\/usu1147\/2023\/05\/guanyem-estiu-lector-1024x429.jpg 1024w, https:\/\/serveiseducatius.xtec.cat\/vallesoccidental3\/wp-content\/uploads\/usu1147\/2023\/05\/guanyem-estiu-lector-768x322.jpg 768w, https:\/\/serveiseducatius.xtec.cat\/vallesoccidental3\/wp-content\/uploads\/usu1147\/2023\/05\/guanyem-estiu-lector-1536x644.jpg 1536w, https:\/\/serveiseducatius.xtec.cat\/vallesoccidental3\/wp-content\/uploads\/usu1147\/2023\/05\/guanyem-estiu-lector-2048x858.jpg 2048w\" sizes=\"auto, (max-width: 621px) 100vw, 621px\" \/><\/a><\/p>\n<p><a href=\"https:\/\/lecxit.cat\/guanyem-un-estiu-lector\/\" target=\"_blank\" rel=\"noopener\"><em><strong>Guanyem un estiu lector<\/strong><\/em><\/a>\u00a0\u00e9s una <strong>campanya<\/strong> promoguda des del\u00a0<a href=\"http:\/\/www.lecxit.cat\/\" target=\"_blank\" rel=\"noopener\"><strong>Programa LECXIT<\/strong><\/a>\u00a0de la\u00a0<a href=\"https:\/\/fundaciobofill.cat\/\">Fundaci\u00f3 Bofill<\/a>\u00a0<strong>per incentivar la lectura en temps de vacances, dirigida a infants de 3er, 4rt i 5\u00e8 de prim\u00e0ria.<\/strong><\/p>\n<p><strong>Com participar-hi?<\/strong><\/p>\n<ul>\n<li>Si ets una\u00a0escola de prim\u00e0ria, pots demanar i repartir Kits Lector pels teus infants de 3r, 4t i 5\u00e8 de prim\u00e0ria.<\/li>\n<li>Si ets una\u00a0biblioteca municipal, una llibreria o entitat social,\u00a0pots demanar i repartir Kits Lectors als teus infants de 3r, 4t i 5\u00e8 de prim\u00e0ria, pots ser punt de distribuci\u00f3 de Kits Lectors per altres infants que vinguin a demanar-lo individualment i pots\u00a0<a href=\"https:\/\/forms.gle\/r2EAQL4YQKJt674o8\">informar-nos de les activitats d\u2019estiu lectores obertes i gratu\u00eftes que facis<\/a>\u00a0perqu\u00e8 les publiquem en el \u201cCalendari d\u2019activitats\u201d de la web.<\/li>\n<li>Si ets una fam\u00edlia individual, pots acostar-te, a partir de l&#8217;1 de juny,\u00a0 a un punt de distribuci\u00f3 i demanar un Kit Lector per al teu fill o filla. A Rub\u00ed, a la <a href=\"https:\/\/www.rubi.cat\/ca\/temes\/cultura\/equipaments\/biblioteca-mestre-marti-tauler\" target=\"_blank\" rel=\"noopener\"><strong>Biblioteca M. M. Mart\u00ed Tauler<\/strong><\/a>.<\/li>\n<\/ul>\n","protected":false},"excerpt":{"rendered":"<p>Guanyem un estiu lector\u00a0\u00e9s una campanya promoguda des del\u00a0Programa LECXIT\u00a0de la\u00a0Fundaci\u00f3 Bofill\u00a0per incentivar la lectura en temps de vacances, dirigida a infants de 3er, 4rt i 5\u00e8 de prim\u00e0ria. Com participar-hi? Si ets una\u00a0escola de prim\u00e0ria, pots demanar i repartir Kits Lector pels teus infants de 3r, 4t i 5\u00e8 de prim\u00e0ria. Si ets una\u00a0biblioteca [&hellip;]<\/p>\n","protected":false},"author":1,"featured_media":0,"comment_status":"open","ping_status":"closed","sticky":false,"template":"","format":"standard","meta":{"_bbp_topic_count":0,"_bbp_reply_count":0,"_bbp_total_topic_count":0,"_bbp_total_reply_count":0,"_bbp_voice_count":0,"_bbp_anonymous_reply_count":0,"_bbp_topic_count_hidden":0,"_bbp_reply_count_hidden":0,"_bbp_forum_subforum_count":0,"site-sidebar-layout":"default","site-content-layout":"","ast-site-content-layout":"","site-content-style":"default","site-sidebar-style":"default","ast-global-header-display":"","ast-banner-title-visibility":"","ast-main-header-display":"","ast-hfb-above-header-display":"","ast-hfb-below-header-display":"","ast-hfb-mobile-header-display":"","site-post-title":"","ast-breadcrumbs-content":"","ast-featured-img":"","footer-sml-layout":"","theme-transparent-header-meta":"","adv-header-id-meta":"","stick-header-meta":"","header-above-stick-meta":"","header-main-stick-meta":"","header-below-stick-meta":"","astra-migrate-meta-layouts":"default","ast-page-background-enabled":"default","ast-page-background-meta":{"desktop":{"background-color":"var(--ast-global-color-4)","background-image":"","background-repeat":"repeat","background-position":"center center","background-size":"auto","background-attachment":"scroll","background-type":"","background-media":"","overlay-type":"","overlay-color":"","overlay-opacity":"","overlay-gradient":""},"tablet":{"background-color":"","background-image":"","background-repeat":"repeat","background-position":"center center","background-size":"auto","background-attachment":"scroll","background-type":"","background-media":"","overlay-type":"","overlay-color":"","overlay-opacity":"","overlay-gradient":""},"mobile":{"background-color":"","background-image":"","background-repeat":"repeat","background-position":"center center","background-size":"auto","background-attachment":"scroll","background-type":"","background-media":"","overlay-type":"","overlay-color":"","overlay-opacity":"","overlay-gradient":""}},"ast-content-background-meta":{"desktop":{"background-color":"var(--ast-global-color-5)","background-image":"","background-repeat":"repeat","background-position":"center center","background-size":"auto","background-attachment":"scroll","background-type":"","background-media":"","overlay-type":"","overlay-color":"","overlay-opacity":"","overlay-gradient":""},"tablet":{"background-color":"var(--ast-global-color-5)","background-image":"","background-repeat":"repeat","background-position":"center center","background-size":"auto","background-attachment":"scroll","background-type":"","background-media":"","overlay-type":"","overlay-color":"","overlay-opacity":"","overlay-gradient":""},"mobile":{"background-color":"var(--ast-global-color-5)","background-image":"","background-repeat":"repeat","background-position":"center center","background-size":"auto","background-attachment":"scroll","background-type":"","background-media":"","overlay-type":"","overlay-color":"","overlay-opacity":"","overlay-gradient":""}},"footnotes":""},"categories":[1362,1368,29,81],"tags":[993],"class_list":["post-14579","post","type-post","status-publish","format-standard","hentry","category-2022-23_biblioteques","category-2022-23_biblioteques_sessio_7","category-portada","category-biblioteca-escolar","tag-gust-per-la-lectura"],"post_mailing_queue_ids":[],"_links":{"self":[{"href":"https:\/\/serveiseducatius.xtec.cat\/vallesoccidental3\/wp-json\/wp\/v2\/posts\/14579","targetHints":{"allow":["GET"]}}],"collection":[{"href":"https:\/\/serveiseducatius.xtec.cat\/vallesoccidental3\/wp-json\/wp\/v2\/posts"}],"about":[{"href":"https:\/\/serveiseducatius.xtec.cat\/vallesoccidental3\/wp-json\/wp\/v2\/types\/post"}],"author":[{"embeddable":true,"href":"https:\/\/serveiseducatius.xtec.cat\/vallesoccidental3\/wp-json\/wp\/v2\/users\/1"}],"replies":[{"embeddable":true,"href":"https:\/\/serveiseducatius.xtec.cat\/vallesoccidental3\/wp-json\/wp\/v2\/comments?post=14579"}],"version-history":[{"count":3,"href":"https:\/\/serveiseducatius.xtec.cat\/vallesoccidental3\/wp-json\/wp\/v2\/posts\/14579\/revisions"}],"predecessor-version":[{"id":14582,"href":"https:\/\/serveiseducatius.xtec.cat\/vallesoccidental3\/wp-json\/wp\/v2\/posts\/14579\/revisions\/14582"}],"wp:attachment":[{"href":"https:\/\/serveiseducatius.xtec.cat\/vallesoccidental3\/wp-json\/wp\/v2\/media?parent=14579"}],"wp:term":[{"taxonomy":"category","embeddable":true,"href":"https:\/\/serveiseducatius.xtec.cat\/vallesoccidental3\/wp-json\/wp\/v2\/categories?post=14579"},{"taxonomy":"post_tag","embeddable":true,"href":"https:\/\/serveiseducatius.xtec.cat\/vallesoccidental3\/wp-json\/wp\/v2\/tags?post=14579"}],"curies":[{"name":"wp","href":"https:\/\/api.w.org\/{rel}","templated":true}]}}