{"id":1452,"date":"2013-02-15T10:41:05","date_gmt":"2013-02-15T09:41:05","guid":{"rendered":"http:\/\/serveiseducatius.xtec.cat\/vallesoccidental3\/general\/com-treballar-els-albums-ilustrats\/"},"modified":"2013-02-15T10:41:05","modified_gmt":"2013-02-15T09:41:05","slug":"com-treballar-els-albums-ilustrats","status":"publish","type":"post","link":"https:\/\/serveiseducatius.xtec.cat\/vallesoccidental3\/general\/com-treballar-els-albums-ilustrats\/","title":{"rendered":"Com treballar els \u00e0lbums il\u00b7lustrats"},"content":{"rendered":"<p><a target=\"_blank\" href=\"http:\/\/aplitic.xtec.cat\/pls\/soloas\/pk_for_mod_ins.p_for_detall_activitat?p_header=Llista%20d%27activitats^pk_for_mod_ins.p_for_cons_activitats?p_crp=405%26p_any=2012-2013%26p_inici=1%26p_excloure_crp_rec=F&amp;p_codi=4050191405&amp;p_curs=2012-2013&amp;p_excloure_crp_rec=F\"><img decoding=\"async\" <img decoding=\"async\" src=\"http:\/\/serveiseducatius.xtec.cat\/vallesoccidental3\/wp-content\/uploads\/usu1147\/2016\/06\/albums.jpg\" \/><\/a><\/p>\n<div align=\"center\"><strong>Com treballar els \u00e0lbums il\u00b7lustrats<\/strong><\/div>\n<p>Peter Trifonas va definir l\u00e2??\u00e0lbum il\u00b7lustrat com una forma art\u00edstica oberta i flu\u00efda, a la<br \/>qual s\u00e2??incorporen signes i codis l\u00e8xics i visuals en una interacci\u00f3 incessant entre<br \/>paraula, imatge i lector.<br \/>Ens ofereix usos ben diversos ja que \u00e9s un model de s\u00edntesi on es combinen i es<br \/>transformen significativament els diferents llenguatges (oral, textual i visual) que<br \/>ajuden a l\u00e2??aprenentatge de la llengua i de la literatura.<br \/>\u00c3?s per aquesta ra\u00f3 que, en considerar-la una bona eina de treball a l\u00e2??aula, oferim<br \/>dues sessions formatives on s\u00e2??explicaran les seves possibilitats did\u00e0ctiques.<br \/><strong>Sessi\u00f3 1. Dimecres 13 de mar\u00e7<\/strong><br \/>La sessi\u00f3 constar\u00e0 d\u00e2??una part d\u00e2??introducci\u00f3 te\u00f2rica i una altra de taller amb una<br \/>proposta did\u00e0ctica.<br \/>A c\u00e0rrec de Anna Maria Margallo, professora del Departament de did\u00e0ctica de la<br \/>llengua i la literatura de la UAB.<br \/><strong>Sessi\u00f3 2. Dimecres 10 d\u00e2??abril<\/strong><br \/>Presentaci\u00f3 d\u00e2??experi\u00e8ncies de centres de prim\u00e0ria i de secund\u00e0ria i de les maletes<br \/>pedag\u00f2giques disponibles als Serveis Educatius de Sant Cugat, Sabadell i<br \/>Cerdanyola.<br \/>Adre\u00e7at al professorat de prim\u00e0ria i secund\u00e0ria<br \/>Horari: de les 17 a 19h<br \/>Lloc: Centre de Recursos Pedag\u00f2gics (C\/ Escoles 5-7. Cerdanyola)<br \/>Places: 35<br \/>Durada: 5 hores<br \/><strong><a target=\"_blank\" href=\"http:\/\/aplitic.xtec.cat\/pls\/soloas\/pk_for_mod_ins.p_for_detall_activitat?p_header=Llista%20d%27activitats^pk_for_mod_ins.p_for_cons_activitats?p_crp=405%26p_any=2012-2013%26p_inici=1%26p_excloure_crp_rec=F&amp;p_codi=4050191405&amp;p_curs=2012-2013&amp;p_excloure_crp_rec=F\">Inscripcions<\/a>: del 25 de febrer a l\u00e2??11 de mar\u00e7<\/strong><br \/>Organitza:<br \/>Coordinaci\u00f3 LIC del Vall\u00e8s Occidental i Servei Educatiu de Cerdanyola.<\/p>\n","protected":false},"excerpt":{"rendered":"","protected":false},"author":1,"featured_media":0,"comment_status":"open","ping_status":"open","sticky":false,"template":"","format":"standard","meta":{"_bbp_topic_count":0,"_bbp_reply_count":0,"_bbp_total_topic_count":0,"_bbp_total_reply_count":0,"_bbp_voice_count":0,"_bbp_anonymous_reply_count":0,"_bbp_topic_count_hidden":0,"_bbp_reply_count_hidden":0,"_bbp_forum_subforum_count":0,"site-sidebar-layout":"default","site-content-layout":"","ast-site-content-layout":"","site-content-style":"default","site-sidebar-style":"default","ast-global-header-display":"","ast-banner-title-visibility":"","ast-main-header-display":"","ast-hfb-above-header-display":"","ast-hfb-below-header-display":"","ast-hfb-mobile-header-display":"","site-post-title":"","ast-breadcrumbs-content":"","ast-featured-img":"","footer-sml-layout":"","theme-transparent-header-meta":"","adv-header-id-meta":"","stick-header-meta":"","header-above-stick-meta":"","header-main-stick-meta":"","header-below-stick-meta":"","astra-migrate-meta-layouts":"default","ast-page-background-enabled":"default","ast-page-background-meta":{"desktop":{"background-color":"var(--ast-global-color-4)","background-image":"","background-repeat":"repeat","background-position":"center center","background-size":"auto","background-attachment":"scroll","background-type":"","background-media":"","overlay-type":"","overlay-color":"","overlay-opacity":"","overlay-gradient":""},"tablet":{"background-color":"","background-image":"","background-repeat":"repeat","background-position":"center center","background-size":"auto","background-attachment":"scroll","background-type":"","background-media":"","overlay-type":"","overlay-color":"","overlay-opacity":"","overlay-gradient":""},"mobile":{"background-color":"","background-image":"","background-repeat":"repeat","background-position":"center center","background-size":"auto","background-attachment":"scroll","background-type":"","background-media":"","overlay-type":"","overlay-color":"","overlay-opacity":"","overlay-gradient":""}},"ast-content-background-meta":{"desktop":{"background-color":"var(--ast-global-color-5)","background-image":"","background-repeat":"repeat","background-position":"center center","background-size":"auto","background-attachment":"scroll","background-type":"","background-media":"","overlay-type":"","overlay-color":"","overlay-opacity":"","overlay-gradient":""},"tablet":{"background-color":"var(--ast-global-color-5)","background-image":"","background-repeat":"repeat","background-position":"center center","background-size":"auto","background-attachment":"scroll","background-type":"","background-media":"","overlay-type":"","overlay-color":"","overlay-opacity":"","overlay-gradient":""},"mobile":{"background-color":"var(--ast-global-color-5)","background-image":"","background-repeat":"repeat","background-position":"center center","background-size":"auto","background-attachment":"scroll","background-type":"","background-media":"","overlay-type":"","overlay-color":"","overlay-opacity":"","overlay-gradient":""}},"footnotes":""},"categories":[1],"tags":[153,156],"class_list":["post-1452","post","type-post","status-publish","format-standard","hentry","category-general","tag-intraweb","tag-noticies"],"post_mailing_queue_ids":[],"_links":{"self":[{"href":"https:\/\/serveiseducatius.xtec.cat\/vallesoccidental3\/wp-json\/wp\/v2\/posts\/1452","targetHints":{"allow":["GET"]}}],"collection":[{"href":"https:\/\/serveiseducatius.xtec.cat\/vallesoccidental3\/wp-json\/wp\/v2\/posts"}],"about":[{"href":"https:\/\/serveiseducatius.xtec.cat\/vallesoccidental3\/wp-json\/wp\/v2\/types\/post"}],"author":[{"embeddable":true,"href":"https:\/\/serveiseducatius.xtec.cat\/vallesoccidental3\/wp-json\/wp\/v2\/users\/1"}],"replies":[{"embeddable":true,"href":"https:\/\/serveiseducatius.xtec.cat\/vallesoccidental3\/wp-json\/wp\/v2\/comments?post=1452"}],"version-history":[{"count":0,"href":"https:\/\/serveiseducatius.xtec.cat\/vallesoccidental3\/wp-json\/wp\/v2\/posts\/1452\/revisions"}],"wp:attachment":[{"href":"https:\/\/serveiseducatius.xtec.cat\/vallesoccidental3\/wp-json\/wp\/v2\/media?parent=1452"}],"wp:term":[{"taxonomy":"category","embeddable":true,"href":"https:\/\/serveiseducatius.xtec.cat\/vallesoccidental3\/wp-json\/wp\/v2\/categories?post=1452"},{"taxonomy":"post_tag","embeddable":true,"href":"https:\/\/serveiseducatius.xtec.cat\/vallesoccidental3\/wp-json\/wp\/v2\/tags?post=1452"}],"curies":[{"name":"wp","href":"https:\/\/api.w.org\/{rel}","templated":true}]}}