{"id":14412,"date":"2023-04-11T17:59:56","date_gmt":"2023-04-11T15:59:56","guid":{"rendered":"https:\/\/serveiseducatius.xtec.cat\/vallesoccidental3\/?p=14412"},"modified":"2023-04-11T18:13:05","modified_gmt":"2023-04-11T16:13:05","slug":"jornada-docent-dia-de-la-terra-28-04-2023","status":"publish","type":"post","link":"https:\/\/serveiseducatius.xtec.cat\/vallesoccidental3\/general\/jornada-docent-dia-de-la-terra-28-04-2023\/","title":{"rendered":"Jornada docent Dia de la Terra (28\/04\/2023)"},"content":{"rendered":"<p dir=\"ltr\"><strong><img loading=\"lazy\" decoding=\"async\" class=\" wp-image-14417 alignleft\" src=\"https:\/\/serveiseducatius.xtec.cat\/vallesoccidental3\/wp-content\/uploads\/usu1147\/2023\/04\/dia-terra-trans.png\" alt=\"\" width=\"131\" height=\"147\" \/>Jornada docent del Dia de la Terra<\/strong>, organitzada per l&#8217;Ajuntament de Rub\u00ed el <strong>divendres, 28 d&#8217;abril al Castell de Rub\u00ed<\/strong>.<\/p>\n<p dir=\"ltr\">Cada centre docent de Rub\u00ed t\u00e9 reservades unes places.<\/p>\n<p dir=\"ltr\">12.30 h\u00a0 Recepci\u00f3 i registre d&#8217;assist\u00e8ncia<\/p>\n<p dir=\"ltr\">12.45 h \u00a0<strong><em>\u201cCom educar persones que estimin la Terra?<\/em><\/strong>\u201d confer\u00e8ncia a c\u00e0rrec d\u2019<a href=\"https:\/\/heikefreire.com\/\" target=\"_blank\" rel=\"noopener\"><strong>Heike Freire<\/strong><\/a><\/p>\n<p><em>Des de fa d\u00e8cades, milers d\u2019estudis confirmen la necessitat vital del contacte amb la Natura tant per a un desenvolupament infantil ple i saludable, com per formar persones respectuoses i compromeses amb la Terra. Tothom hi est\u00e0 d&#8217;acord. Per\u00f2 el m\u00e9s dif\u00edcil, sens dubte, \u00e9s passar a l&#8217;acci\u00f3; trobar les motivacions profundes per transformar els projectes, els espais i les pr\u00e0ctiques educatives i desenvolupar noves capacitats docents.<\/em><\/p>\n<p dir=\"ltr\">L&#8217;objectiu d&#8217;aquesta confer\u00e8ncia \u00e9s que les educadores coneguem els beneficis del contacte amb la natura, trobem les raons per al canvi, i ens entusiasmem amb una missi\u00f3 primordial per a la inf\u00e0ncia d&#8217;avui.<\/p>\n<p dir=\"ltr\">14.00 h\u00a0 Cloenda i exposici\u00f3 de recursos educatius per treballar l&#8217;educaci\u00f3 ambiental amb un petit refrigeri.<\/p>\n<p dir=\"ltr\">La <strong>data l\u00edmit per la inscripci\u00f3 a la jornada \u00e9s el 21 d&#8217;abril<\/strong> a trav\u00e9s del formulari <strong><a href=\"https:\/\/docs.google.com\/forms\/d\/e\/1FAIpQLSd2M2zGIJtuGQJ0wzn5gpNp2LqtSg3kU4YyAnN266_UGxrEcQ\/viewform\" target=\"_blank\" rel=\"noopener\" data-saferedirecturl=\"https:\/\/www.google.com\/url?q=https:\/\/docs.google.com\/forms\/d\/e\/1FAIpQLSd2M2zGIJtuGQJ0wzn5gpNp2LqtSg3kU4YyAnN266_UGxrEcQ\/viewform&amp;source=gmail&amp;ust=1681299300250000&amp;usg=AOvVaw3VVQ8j744zGJoLDjYKIW0d\">Sol\u00b7licitud d\u2019assist\u00e8ncia a la jornada docent del Dia de la Terra<\/a><\/strong>.<\/p>\n<p dir=\"ltr\">L\u2019<strong>activitat est\u00e0 reconeguda com a formaci\u00f3 permanent<\/strong> i certificada pel Departament d&#8217;Educaci\u00f3. Si \u00e9s del vostre inter\u00e8s, tamb\u00e9 cal fer la <strong><a href=\"https:\/\/aplicacions.gestioeducativa.gencat.cat\/pls\/soloas\/pk_for_mod_ins.p_for_detall_activitat?p_header=Llista%20d%27activitats%5Epk_for_mod_ins.p_for_cons_activitats?p_crp=403%26p_any=2022-2023%26p_totes=S%26p_inici=21%26p_excloure_crp_rec=T&amp;p_codi=4030271403&amp;p_curs=2022-2023&amp;p_excloure_crp_rec=T\" target=\"_blank\" rel=\"noopener\" data-saferedirecturl=\"https:\/\/www.google.com\/url?q=https:\/\/aplicacions.gestioeducativa.gencat.cat\/pls\/soloas\/pk_for_mod_ins.p_for_detall_activitat?p_header%3DLlista%2520d%2527activitats%255Epk_for_mod_ins.p_for_cons_activitats?p_crp%3D403%2526p_any%3D2022-2023%2526p_totes%3DS%2526p_inici%3D21%2526p_excloure_crp_rec%3DT%26p_codi%3D4030271403%26p_curs%3D2022-2023%26p_excloure_crp_rec%3DT&amp;source=gmail&amp;ust=1681299300250000&amp;usg=AOvVaw1w1Pcbw4fwYqs9uzk0XDjY\">inscripci\u00f3 per obtenir la certificaci\u00f3<\/a><\/strong> a trav\u00e9s de l&#8217;aplicaci\u00f3 del Departament d&#8217;Educaci\u00f3.<\/p>\n","protected":false},"excerpt":{"rendered":"<p>Jornada docent del Dia de la Terra, organitzada per l&#8217;Ajuntament de Rub\u00ed el divendres, 28 d&#8217;abril al Castell de Rub\u00ed. Cada centre docent de Rub\u00ed t\u00e9 reservades unes places. 12.30 h\u00a0 Recepci\u00f3 i registre d&#8217;assist\u00e8ncia 12.45 h \u00a0\u201cCom educar persones que estimin la Terra?\u201d confer\u00e8ncia a c\u00e0rrec d\u2019Heike Freire Des de fa d\u00e8cades, milers d\u2019estudis [&hellip;]<\/p>\n","protected":false},"author":1,"featured_media":0,"comment_status":"closed","ping_status":"closed","sticky":false,"template":"","format":"standard","meta":{"_bbp_topic_count":0,"_bbp_reply_count":0,"_bbp_total_topic_count":0,"_bbp_total_reply_count":0,"_bbp_voice_count":0,"_bbp_anonymous_reply_count":0,"_bbp_topic_count_hidden":0,"_bbp_reply_count_hidden":0,"_bbp_forum_subforum_count":0,"site-sidebar-layout":"default","site-content-layout":"","ast-site-content-layout":"","site-content-style":"default","site-sidebar-style":"default","ast-global-header-display":"","ast-banner-title-visibility":"","ast-main-header-display":"","ast-hfb-above-header-display":"","ast-hfb-below-header-display":"","ast-hfb-mobile-header-display":"","site-post-title":"","ast-breadcrumbs-content":"","ast-featured-img":"","footer-sml-layout":"","theme-transparent-header-meta":"","adv-header-id-meta":"","stick-header-meta":"","header-above-stick-meta":"","header-main-stick-meta":"","header-below-stick-meta":"","astra-migrate-meta-layouts":"default","ast-page-background-enabled":"default","ast-page-background-meta":{"desktop":{"background-color":"var(--ast-global-color-4)","background-image":"","background-repeat":"repeat","background-position":"center center","background-size":"auto","background-attachment":"scroll","background-type":"","background-media":"","overlay-type":"","overlay-color":"","overlay-opacity":"","overlay-gradient":""},"tablet":{"background-color":"","background-image":"","background-repeat":"repeat","background-position":"center center","background-size":"auto","background-attachment":"scroll","background-type":"","background-media":"","overlay-type":"","overlay-color":"","overlay-opacity":"","overlay-gradient":""},"mobile":{"background-color":"","background-image":"","background-repeat":"repeat","background-position":"center center","background-size":"auto","background-attachment":"scroll","background-type":"","background-media":"","overlay-type":"","overlay-color":"","overlay-opacity":"","overlay-gradient":""}},"ast-content-background-meta":{"desktop":{"background-color":"var(--ast-global-color-5)","background-image":"","background-repeat":"repeat","background-position":"center center","background-size":"auto","background-attachment":"scroll","background-type":"","background-media":"","overlay-type":"","overlay-color":"","overlay-opacity":"","overlay-gradient":""},"tablet":{"background-color":"var(--ast-global-color-5)","background-image":"","background-repeat":"repeat","background-position":"center center","background-size":"auto","background-attachment":"scroll","background-type":"","background-media":"","overlay-type":"","overlay-color":"","overlay-opacity":"","overlay-gradient":""},"mobile":{"background-color":"var(--ast-global-color-5)","background-image":"","background-repeat":"repeat","background-position":"center center","background-size":"auto","background-attachment":"scroll","background-type":"","background-media":"","overlay-type":"","overlay-color":"","overlay-opacity":"","overlay-gradient":""}},"footnotes":""},"categories":[1,29,160,1371],"tags":[1168],"class_list":["post-14412","post","type-post","status-publish","format-standard","hentry","category-general","category-portada","category-escoles_verdes","category-seminari-sostenibilitat-22-23","tag-dia-de-la-terra"],"post_mailing_queue_ids":[],"_links":{"self":[{"href":"https:\/\/serveiseducatius.xtec.cat\/vallesoccidental3\/wp-json\/wp\/v2\/posts\/14412","targetHints":{"allow":["GET"]}}],"collection":[{"href":"https:\/\/serveiseducatius.xtec.cat\/vallesoccidental3\/wp-json\/wp\/v2\/posts"}],"about":[{"href":"https:\/\/serveiseducatius.xtec.cat\/vallesoccidental3\/wp-json\/wp\/v2\/types\/post"}],"author":[{"embeddable":true,"href":"https:\/\/serveiseducatius.xtec.cat\/vallesoccidental3\/wp-json\/wp\/v2\/users\/1"}],"replies":[{"embeddable":true,"href":"https:\/\/serveiseducatius.xtec.cat\/vallesoccidental3\/wp-json\/wp\/v2\/comments?post=14412"}],"version-history":[{"count":3,"href":"https:\/\/serveiseducatius.xtec.cat\/vallesoccidental3\/wp-json\/wp\/v2\/posts\/14412\/revisions"}],"predecessor-version":[{"id":14419,"href":"https:\/\/serveiseducatius.xtec.cat\/vallesoccidental3\/wp-json\/wp\/v2\/posts\/14412\/revisions\/14419"}],"wp:attachment":[{"href":"https:\/\/serveiseducatius.xtec.cat\/vallesoccidental3\/wp-json\/wp\/v2\/media?parent=14412"}],"wp:term":[{"taxonomy":"category","embeddable":true,"href":"https:\/\/serveiseducatius.xtec.cat\/vallesoccidental3\/wp-json\/wp\/v2\/categories?post=14412"},{"taxonomy":"post_tag","embeddable":true,"href":"https:\/\/serveiseducatius.xtec.cat\/vallesoccidental3\/wp-json\/wp\/v2\/tags?post=14412"}],"curies":[{"name":"wp","href":"https:\/\/api.w.org\/{rel}","templated":true}]}}