{"id":14391,"date":"2023-03-30T17:09:37","date_gmt":"2023-03-30T15:09:37","guid":{"rendered":"https:\/\/serveiseducatius.xtec.cat\/vallesoccidental3\/?p=14391"},"modified":"2024-09-20T13:45:43","modified_gmt":"2024-09-20T11:45:43","slug":"per-que-no-llegeixen-els-nostres-fills","status":"publish","type":"post","link":"https:\/\/serveiseducatius.xtec.cat\/vallesoccidental3\/biblioteca-escolar\/per-que-no-llegeixen-els-nostres-fills\/","title":{"rendered":"Lectures que fan lectors"},"content":{"rendered":"<p style=\"text-align: center;\"><span style=\"font-size: 10pt;\"><img loading=\"lazy\" decoding=\"async\" class=\" wp-image-16488 aligncenter\" src=\"https:\/\/serveiseducatius.xtec.cat\/vallesoccidental3\/wp-content\/uploads\/usu1147\/2023\/03\/lectures-3-1024x768-1.jpeg\" alt=\"\" width=\"380\" height=\"285\" srcset=\"https:\/\/serveiseducatius.xtec.cat\/vallesoccidental3\/wp-content\/uploads\/usu1147\/2023\/03\/lectures-3-1024x768-1.jpeg 1024w, https:\/\/serveiseducatius.xtec.cat\/vallesoccidental3\/wp-content\/uploads\/usu1147\/2023\/03\/lectures-3-1024x768-1-300x225.jpeg 300w, https:\/\/serveiseducatius.xtec.cat\/vallesoccidental3\/wp-content\/uploads\/usu1147\/2023\/03\/lectures-3-1024x768-1-768x576.jpeg 768w, https:\/\/serveiseducatius.xtec.cat\/vallesoccidental3\/wp-content\/uploads\/usu1147\/2023\/03\/lectures-3-1024x768-1-200x150.jpeg 200w\" sizes=\"auto, (max-width: 380px) 100vw, 380px\" \/>Joan Portell i Cristina Correro. Foto: Eumo Editorial<\/span><\/p>\n<p>Llegiu la interessant <a href=\"https:\/\/www.nuvol.com\/llibres\/assaig\/per-que-no-llegeixen-els-nostres-fills-310264\" target=\"_blank\" rel=\"noopener\"><strong>entrevista<\/strong><\/a> a <strong>Cristina Correro<\/strong> i <span style=\"font-family: inherit; font-size: 1em;\"><strong>Joan Portell<\/strong>, autors de <a href=\"https:\/\/lafinestralectora.cat\/lectures-que-fan-lectors\/\" target=\"_blank\" rel=\"noopener\"><strong><em>Lectures que fan lectors<\/em><\/strong><\/a>\u00a0(Eumo Editorial), un llibre que <\/span> que permet explorar el territori LIJ i que detalla les caracter\u00edstiques de la literatura. Els autors recullen un llistat de noms i de t\u00edtols cl\u00e0ssics i contemporanis que acompanyaran l\u2019infant i adolescent a cr\u00e9ixer com a lectors i lectores. Orienten a l\u2019hora de com triar les lectures tenint en compte els elements m\u00e9s rellevants, cercant la qualitat. Al final de l\u2019obra trobem un apartat dedicat al pla de lectura del centre amb exemples d\u2019itinerari lector i els \u00e0mbits d\u2019intervenci\u00f3 de la persona mediadora.<\/p>\n<p>Elaborat amb rigor acad\u00e8mic, per\u00f2 allunyat de la ret\u00f2rica, pot ser una bona guia per a docents i per a totes aquelles persones que vulguin ser mediadores i mediadors de lectors.<\/p>\n<p style=\"text-align: center;\"><a href=\"https:\/\/lafinestralectora.cat\/lectures-que-fan-lectors\/\" target=\"_blank\" rel=\"noopener\"><img loading=\"lazy\" decoding=\"async\" class=\"wp-image-14393 aligncenter\" src=\"https:\/\/serveiseducatius.xtec.cat\/vallesoccidental3\/wp-content\/uploads\/usu1147\/2023\/03\/lectures-que-fan-lectors.png\" alt=\"\" width=\"202\" height=\"307\" srcset=\"https:\/\/serveiseducatius.xtec.cat\/vallesoccidental3\/wp-content\/uploads\/usu1147\/2023\/03\/lectures-que-fan-lectors.png 282w, https:\/\/serveiseducatius.xtec.cat\/vallesoccidental3\/wp-content\/uploads\/usu1147\/2023\/03\/lectures-que-fan-lectors-197x300.png 197w\" sizes=\"auto, (max-width: 202px) 100vw, 202px\" \/><\/a><span style=\"font-size: 10pt;\"><a href=\"https:\/\/lafinestralectora.cat\/wp-content\/PDFS\/eumoeditorial\/tasts\/Eumo_Lectures_que_fan_lectors_web.pdf\" target=\"_blank\" rel=\"noopener\">Llegiu-ne un fragment<\/a><\/span><\/p>\n","protected":false},"excerpt":{"rendered":"<p>Joan Portell i Cristina Correro. Foto: Eumo Editorial Llegiu la interessant entrevista a Cristina Correro i Joan Portell, autors de Lectures que fan lectors\u00a0(Eumo Editorial), un llibre que que permet explorar el territori LIJ i que detalla les caracter\u00edstiques de la literatura. Els autors recullen un llistat de noms i de t\u00edtols cl\u00e0ssics i contemporanis [&hellip;]<\/p>\n","protected":false},"author":1,"featured_media":0,"comment_status":"closed","ping_status":"closed","sticky":false,"template":"","format":"standard","meta":{"_bbp_topic_count":0,"_bbp_reply_count":0,"_bbp_total_topic_count":0,"_bbp_total_reply_count":0,"_bbp_voice_count":0,"_bbp_anonymous_reply_count":0,"_bbp_topic_count_hidden":0,"_bbp_reply_count_hidden":0,"_bbp_forum_subforum_count":0,"site-sidebar-layout":"default","site-content-layout":"","ast-site-content-layout":"","site-content-style":"default","site-sidebar-style":"default","ast-global-header-display":"","ast-banner-title-visibility":"","ast-main-header-display":"","ast-hfb-above-header-display":"","ast-hfb-below-header-display":"","ast-hfb-mobile-header-display":"","site-post-title":"","ast-breadcrumbs-content":"","ast-featured-img":"","footer-sml-layout":"","theme-transparent-header-meta":"","adv-header-id-meta":"","stick-header-meta":"","header-above-stick-meta":"","header-main-stick-meta":"","header-below-stick-meta":"","astra-migrate-meta-layouts":"default","ast-page-background-enabled":"default","ast-page-background-meta":{"desktop":{"background-color":"var(--ast-global-color-4)","background-image":"","background-repeat":"repeat","background-position":"center center","background-size":"auto","background-attachment":"scroll","background-type":"","background-media":"","overlay-type":"","overlay-color":"","overlay-opacity":"","overlay-gradient":""},"tablet":{"background-color":"","background-image":"","background-repeat":"repeat","background-position":"center center","background-size":"auto","background-attachment":"scroll","background-type":"","background-media":"","overlay-type":"","overlay-color":"","overlay-opacity":"","overlay-gradient":""},"mobile":{"background-color":"","background-image":"","background-repeat":"repeat","background-position":"center center","background-size":"auto","background-attachment":"scroll","background-type":"","background-media":"","overlay-type":"","overlay-color":"","overlay-opacity":"","overlay-gradient":""}},"ast-content-background-meta":{"desktop":{"background-color":"var(--ast-global-color-5)","background-image":"","background-repeat":"repeat","background-position":"center center","background-size":"auto","background-attachment":"scroll","background-type":"","background-media":"","overlay-type":"","overlay-color":"","overlay-opacity":"","overlay-gradient":""},"tablet":{"background-color":"var(--ast-global-color-5)","background-image":"","background-repeat":"repeat","background-position":"center center","background-size":"auto","background-attachment":"scroll","background-type":"","background-media":"","overlay-type":"","overlay-color":"","overlay-opacity":"","overlay-gradient":""},"mobile":{"background-color":"var(--ast-global-color-5)","background-image":"","background-repeat":"repeat","background-position":"center center","background-size":"auto","background-attachment":"scroll","background-type":"","background-media":"","overlay-type":"","overlay-color":"","overlay-opacity":"","overlay-gradient":""}},"footnotes":""},"categories":[1362,1367,81],"tags":[147,1456],"class_list":["post-14391","post","type-post","status-publish","format-standard","hentry","category-2022-23_biblioteques","category-2022-23_biblioteques_sessio_6","category-biblioteca-escolar","tag-el-gust-per-la-lectura","tag-itineraris-lectors"],"post_mailing_queue_ids":[],"_links":{"self":[{"href":"https:\/\/serveiseducatius.xtec.cat\/vallesoccidental3\/wp-json\/wp\/v2\/posts\/14391","targetHints":{"allow":["GET"]}}],"collection":[{"href":"https:\/\/serveiseducatius.xtec.cat\/vallesoccidental3\/wp-json\/wp\/v2\/posts"}],"about":[{"href":"https:\/\/serveiseducatius.xtec.cat\/vallesoccidental3\/wp-json\/wp\/v2\/types\/post"}],"author":[{"embeddable":true,"href":"https:\/\/serveiseducatius.xtec.cat\/vallesoccidental3\/wp-json\/wp\/v2\/users\/1"}],"replies":[{"embeddable":true,"href":"https:\/\/serveiseducatius.xtec.cat\/vallesoccidental3\/wp-json\/wp\/v2\/comments?post=14391"}],"version-history":[{"count":4,"href":"https:\/\/serveiseducatius.xtec.cat\/vallesoccidental3\/wp-json\/wp\/v2\/posts\/14391\/revisions"}],"predecessor-version":[{"id":16489,"href":"https:\/\/serveiseducatius.xtec.cat\/vallesoccidental3\/wp-json\/wp\/v2\/posts\/14391\/revisions\/16489"}],"wp:attachment":[{"href":"https:\/\/serveiseducatius.xtec.cat\/vallesoccidental3\/wp-json\/wp\/v2\/media?parent=14391"}],"wp:term":[{"taxonomy":"category","embeddable":true,"href":"https:\/\/serveiseducatius.xtec.cat\/vallesoccidental3\/wp-json\/wp\/v2\/categories?post=14391"},{"taxonomy":"post_tag","embeddable":true,"href":"https:\/\/serveiseducatius.xtec.cat\/vallesoccidental3\/wp-json\/wp\/v2\/tags?post=14391"}],"curies":[{"name":"wp","href":"https:\/\/api.w.org\/{rel}","templated":true}]}}