{"id":14234,"date":"2023-03-20T16:43:16","date_gmt":"2023-03-20T15:43:16","guid":{"rendered":"https:\/\/serveiseducatius.xtec.cat\/vallesoccidental3\/?p=14234"},"modified":"2023-06-21T12:46:30","modified_gmt":"2023-06-21T10:46:30","slug":"motxilles-escolars-subvencions-i-ajuts","status":"publish","type":"post","link":"https:\/\/serveiseducatius.xtec.cat\/vallesoccidental3\/seminari-secretaria\/motxilles-escolars-subvencions-i-ajuts\/","title":{"rendered":"Motxilles escolars 2022-2023 (subvencions i ajuts)"},"content":{"rendered":"<p id=\"h20\"><span style=\"font-size: 10pt;\"><strong>Descripci\u00f3<br \/>\n<\/strong>El\u00a0<a title=\"Ves al DOGC\" href=\"https:\/\/dogc.gencat.cat\/ca\/document-del-dogc\/?documentId=893678\" target=\"_blank\" rel=\"noopener\">\u200bDecret\u00a011\/2021<\/a>, de 16 de febrer, de la programaci\u00f3 de l&#8217;oferta educativa i del procediment d&#8217;admissi\u00f3 en els centres del Servei d&#8217;Educaci\u00f3 de Catalunya, preveu que, per a l&#8217;escolaritzaci\u00f3 equilibrada d&#8217;alumnat, el Departament d&#8217;Educaci\u00f3\u00a0<strong>garanteix els ajuts a l&#8217;alumnat amb necessitats educatives espec\u00edfiques\u00a0<\/strong>assignat als centres, en funci\u00f3 de les seves caracter\u00edstiques socioecon\u00f2miques. El mateix Decret relaciona aquesta tipologia d&#8217;alumnat amb les circumst\u00e0ncies personals i familiars que poden afectar negativament les condicions d&#8217;educabilitat dels alumnes, especialment la situaci\u00f3 de pobresa o el risc de patir-la.\u00a0La mem\u00f2ria econ\u00f2mica que acompanya el\u00a0<a title=\"Ves al DOGC\" href=\"https:\/\/dogc.gencat.cat\/ca\/document-del-dogc\/?documentId=893678\" target=\"_blank\" rel=\"noopener\">\u200bDecret\u00a011\/2021<\/a> adopta, com a refer\u00e8ncia per al c\u00e0lcul dels ajuts per a l&#8217;alumnat amb necessitats educatives espec\u00edfiques per raons socioecon\u00f2miques, l&#8217;informe sobre el cost de la pla\u00e7a escolar, elaborat en el marc del Pacte contra la segregaci\u00f3 escolar a Catalunya.\u00a0Segons aquest estudi,<strong> caldria un finan\u00e7ament addicional per alumnat amb necessitats educatives espec\u00edfiques de tipus socioecon\u00f2mic de 641,1 \u20ac en el cas dels centres p\u00fablics<\/strong>.<\/span><\/p>\n<p id=\"h21\"><span style=\"font-size: 10pt;\"><strong>\u200bObjecte i beneficiaris<br \/>\n<\/strong>Assignaci\u00f3 de recursos econ\u00f2mics als centres per garantir la igualtat d&#8217;oportunitats de l&#8217;alumnat\u00a0amb necessitats socioecon\u00f2miques desafavorides i d&#8217;escolaritzaci\u00f3 en centres p\u00fablics.\u00a0Els beneficiaris son les escoles i els instituts de la Generalitat, i els centres de titularitat dels ens locals que tenen matriculat per al curs 2022-2023 alumnes NESE B.<\/span><\/p>\n<p id=\"h23\"><span style=\"font-size: 10pt;\"><strong>Despeses justificables i no justificables<br \/>\n<\/strong>Els imports que els centres rebran en relaci\u00f3 a le\u200bs motxilles dels alumnes d\u2019I3 i 1r d\u2019ESO, en el cas dels centres p\u00fablics van destinats a:<\/span><br \/>\n<span style=\"font-size: 10pt;\">&#8211; Tot el que inclogui material did\u00e0ctic i fungible necessari per a l\u2019escolaritat de l\u2019alumne, incloent-hi llic\u00e8ncies digitals (o similar).<\/span><br \/>\n<span style=\"font-size: 10pt;\"><span style=\"font-family: inherit;\">&#8211; Bata i\/o uniforme (inclou roba esportiva del centre educatiu).<br \/>\n<\/span><span style=\"font-family: inherit;\">&#8211; Sortides<br \/>\n<\/span><span style=\"font-family: inherit;\">&#8211; Col\u00f2nies<\/span><\/span><\/p>\n<p id=\"h24\"><span style=\"font-size: 10pt;\"><strong>Comptabilitzaci\u00f3 de l&#8217;ingr\u00e9s i de les despeses a Esfer@<span class=\"atwho-query\"><br \/>\n<\/span><\/strong>Els centres han d&#8217;incorporar al pressupost les quantitats lliurades i gestionar-les. \u200bL&#8217;ingr\u00e9s i les despeses s&#8217;han d&#8217;etiquetar i comptabilitzar mitjan\u00e7ant la creaci\u00f3 de subpartides de les partides corresponents, per a la seva tra\u00e7abilitat. \u200b<\/span><\/p>\n<p><span style=\"font-size: 10pt;\">\u200b\u200b<strong class=\"ms-rteStyle-Accent1\">Ingr\u00e9s<br \/>\n<\/strong>El centre educatiu modifica el seu pressupost general i crea una subpartida d&#8217;ingressos i un codi finalista que ajudar\u00e0 a la gesti\u00f3:<\/span><\/p>\n<p><span style=\"font-size: 10pt;\"><strong>I\/410000902.\u00a0Del Departament d&#8217;Educaci\u00f3 per a altres actuacions<\/strong><\/span><\/p>\n<ul>\n<li><span style=\"font-size: 10pt;\">I\/410000902.XX Suport a l&#8217;alumnat amb necessitats espec\u00edfiques de suport educatiu (on XX \u00e9s un n\u00famero entre 00 i 99 que el centre ha de posar quan dona d&#8217;alta la subpartida a Esfera i que no hagi creat anteriorment).<\/span><br \/>\n<span style=\"font-size: 10pt;\">Codi finalista:\u00a0<strong>MOTXILLESESCOLARS<\/strong><\/span><\/li>\n<\/ul>\n<p><span style=\"font-size: 10pt;\"><strong class=\"ms-rteStyle-Accent1\">\u200bDespesa<br \/>\n<\/strong>El centre educatiu modifica el seu pressupost general i crea dues subpartides de despeses i un codi finalista que ajudar\u00e0 a la gesti\u00f3:<\/span><\/p>\n<ul>\n<li><span style=\"font-size: 10pt;\"><strong>\u200bPer als llibres de text, llic\u00e8ncies digitals, material did\u00e0ctic, eines de suport inform\u00e0tic, bata, uniformes i roba esportiva del centre educatiu:<\/strong><\/span>\n<ul>\n<li><span style=\"font-size: 10pt;\"><strong style=\"font-family: inherit;\">D\/220000100\/4210<\/strong><span style=\"font-family: inherit;\">. <strong>Material d&#8217;oficina i did\u00e0ctic no inventariable<\/strong><\/span><\/span>\n<ul>\n<li><span style=\"font-size: 10pt;\">D\/220000100\/4210.XX Suport a l&#8217;alumnat amb NESE \u2013 material escolar (on XX \u00e9s un n\u00famero entre 00 i 99 que el centre ha de posar quan dona d&#8217;alta la subpartida a Esfera i que no hagi creat anteriorment).<\/span><br \/>\n<span style=\"font-size: 10pt;\">Codi finalista: MOTXILLESESCOLARS<\/span><\/li>\n<\/ul>\n<\/li>\n<\/ul>\n<\/li>\n<\/ul>\n<ul>\n<li><span style=\"font-size: 10pt;\"><strong>Per a les activitats complement\u00e0ries, sortides i col\u00f2nies<\/strong><\/span>\n<ul>\n<li><span style=\"font-size: 10pt;\"><strong style=\"font-family: inherit;\">D\/227008901\/4210<\/strong><span style=\"font-family: inherit;\">.\u00a0<\/span><strong style=\"font-family: inherit;\">Altres despeses de sortides<\/strong><\/span>\n<ul>\n<li><span style=\"font-size: 10pt;\">D\/227008901\/4210.XX Suport a l&#8217;alumnat amb NESE \u2013 activitats, sortides i col\u00f2nies<\/span><br \/>\n<span style=\"font-size: 10pt;\">Codi finalista: MOTXILLESESCOLARS <span style=\"font-family: inherit;\">(on XX \u00e9s un n\u00famero entre 00 i 99 que el centre ha de posar quan dona d&#8217;alta la subpartida a Esfera i que no hagi creat anteriorment).<\/span><\/span><\/li>\n<\/ul>\n<\/li>\n<\/ul>\n<\/li>\n<\/ul>\n<p><span style=\"font-size: 10pt;\">\u200bEls romanents s&#8217;han de destinar a la mateixa finalitat.<\/span><\/p>\n<p><span style=\"font-size: 10pt;\"><a href=\"https:\/\/espai.educacio.gencat.cat\/Centres\/Ajuts-subvencions\/Motxilles-Escolars\/Documents\/20230313-Preguntes-Motxilles-escolars.pdf\">Preguntes m\u00e9s freq\u00fcents sobre la gesti\u00f3 de les motxilles escolars<\/a><\/span><\/p>\n","protected":false},"excerpt":{"rendered":"<p>\u200b\u200b\u200b\u200b\u200b\u200bDescripci\u00f3<br \/>\n\u200bObjecte i beneficiaris<br \/>\nPer\u00edode d&#8217;execuci\u00f3<br \/>\nDespeses justificables i no justificables<br \/>\nComptabilitzaci\u00f3 de l&#8217;ingr\u00e9s i de les despeses a Esfer@<br \/>\nPreguntes m\u00e9s freq\u00fcents<\/p>\n","protected":false},"author":1,"featured_media":0,"comment_status":"closed","ping_status":"closed","sticky":false,"template":"","format":"standard","meta":{"_bbp_topic_count":0,"_bbp_reply_count":0,"_bbp_total_topic_count":0,"_bbp_total_reply_count":0,"_bbp_voice_count":0,"_bbp_anonymous_reply_count":0,"_bbp_topic_count_hidden":0,"_bbp_reply_count_hidden":0,"_bbp_forum_subforum_count":0,"site-sidebar-layout":"default","site-content-layout":"","ast-site-content-layout":"","site-content-style":"default","site-sidebar-style":"default","ast-global-header-display":"","ast-banner-title-visibility":"","ast-main-header-display":"","ast-hfb-above-header-display":"","ast-hfb-below-header-display":"","ast-hfb-mobile-header-display":"","site-post-title":"","ast-breadcrumbs-content":"","ast-featured-img":"","footer-sml-layout":"","theme-transparent-header-meta":"","adv-header-id-meta":"","stick-header-meta":"","header-above-stick-meta":"","header-main-stick-meta":"","header-below-stick-meta":"","astra-migrate-meta-layouts":"default","ast-page-background-enabled":"default","ast-page-background-meta":{"desktop":{"background-color":"var(--ast-global-color-4)","background-image":"","background-repeat":"repeat","background-position":"center center","background-size":"auto","background-attachment":"scroll","background-type":"","background-media":"","overlay-type":"","overlay-color":"","overlay-opacity":"","overlay-gradient":""},"tablet":{"background-color":"","background-image":"","background-repeat":"repeat","background-position":"center center","background-size":"auto","background-attachment":"scroll","background-type":"","background-media":"","overlay-type":"","overlay-color":"","overlay-opacity":"","overlay-gradient":""},"mobile":{"background-color":"","background-image":"","background-repeat":"repeat","background-position":"center center","background-size":"auto","background-attachment":"scroll","background-type":"","background-media":"","overlay-type":"","overlay-color":"","overlay-opacity":"","overlay-gradient":""}},"ast-content-background-meta":{"desktop":{"background-color":"var(--ast-global-color-5)","background-image":"","background-repeat":"repeat","background-position":"center center","background-size":"auto","background-attachment":"scroll","background-type":"","background-media":"","overlay-type":"","overlay-color":"","overlay-opacity":"","overlay-gradient":""},"tablet":{"background-color":"var(--ast-global-color-5)","background-image":"","background-repeat":"repeat","background-position":"center center","background-size":"auto","background-attachment":"scroll","background-type":"","background-media":"","overlay-type":"","overlay-color":"","overlay-opacity":"","overlay-gradient":""},"mobile":{"background-color":"var(--ast-global-color-5)","background-image":"","background-repeat":"repeat","background-position":"center center","background-size":"auto","background-attachment":"scroll","background-type":"","background-media":"","overlay-type":"","overlay-color":"","overlay-opacity":"","overlay-gradient":""}},"footnotes":""},"categories":[1393,1396,881],"tags":[882],"class_list":["post-14234","post","type-post","status-publish","format-standard","hentry","category-sem-sec-22-23-s1","category-sem-sec-22-23-s4-21-03-2023","category-seminari-secretaria","tag-gestio-economica"],"post_mailing_queue_ids":[],"_links":{"self":[{"href":"https:\/\/serveiseducatius.xtec.cat\/vallesoccidental3\/wp-json\/wp\/v2\/posts\/14234","targetHints":{"allow":["GET"]}}],"collection":[{"href":"https:\/\/serveiseducatius.xtec.cat\/vallesoccidental3\/wp-json\/wp\/v2\/posts"}],"about":[{"href":"https:\/\/serveiseducatius.xtec.cat\/vallesoccidental3\/wp-json\/wp\/v2\/types\/post"}],"author":[{"embeddable":true,"href":"https:\/\/serveiseducatius.xtec.cat\/vallesoccidental3\/wp-json\/wp\/v2\/users\/1"}],"replies":[{"embeddable":true,"href":"https:\/\/serveiseducatius.xtec.cat\/vallesoccidental3\/wp-json\/wp\/v2\/comments?post=14234"}],"version-history":[{"count":4,"href":"https:\/\/serveiseducatius.xtec.cat\/vallesoccidental3\/wp-json\/wp\/v2\/posts\/14234\/revisions"}],"predecessor-version":[{"id":14241,"href":"https:\/\/serveiseducatius.xtec.cat\/vallesoccidental3\/wp-json\/wp\/v2\/posts\/14234\/revisions\/14241"}],"wp:attachment":[{"href":"https:\/\/serveiseducatius.xtec.cat\/vallesoccidental3\/wp-json\/wp\/v2\/media?parent=14234"}],"wp:term":[{"taxonomy":"category","embeddable":true,"href":"https:\/\/serveiseducatius.xtec.cat\/vallesoccidental3\/wp-json\/wp\/v2\/categories?post=14234"},{"taxonomy":"post_tag","embeddable":true,"href":"https:\/\/serveiseducatius.xtec.cat\/vallesoccidental3\/wp-json\/wp\/v2\/tags?post=14234"}],"curies":[{"name":"wp","href":"https:\/\/api.w.org\/{rel}","templated":true}]}}