{"id":14164,"date":"2023-03-06T10:11:29","date_gmt":"2023-03-06T09:11:29","guid":{"rendered":"https:\/\/serveiseducatius.xtec.cat\/vallesoccidental3\/?p=14164"},"modified":"2023-03-06T10:14:06","modified_gmt":"2023-03-06T09:14:06","slug":"trobada-escoles-bressol-15-04-23","status":"publish","type":"post","link":"https:\/\/serveiseducatius.xtec.cat\/vallesoccidental3\/dinamitzacio\/escoles_verdes\/trobada-escoles-bressol-15-04-23\/","title":{"rendered":"Trobada Escoles Bressol (15\/04\/23)"},"content":{"rendered":"<p><img loading=\"lazy\" decoding=\"async\" class=\"wp-image-14165 aligncenter\" src=\"https:\/\/serveiseducatius.xtec.cat\/vallesoccidental3\/wp-content\/uploads\/usu1147\/2023\/03\/unnamed.jpg\" alt=\"\" width=\"641\" height=\"197\" srcset=\"https:\/\/serveiseducatius.xtec.cat\/vallesoccidental3\/wp-content\/uploads\/usu1147\/2023\/03\/unnamed.jpg 1277w, https:\/\/serveiseducatius.xtec.cat\/vallesoccidental3\/wp-content\/uploads\/usu1147\/2023\/03\/unnamed-300x92.jpg 300w, https:\/\/serveiseducatius.xtec.cat\/vallesoccidental3\/wp-content\/uploads\/usu1147\/2023\/03\/unnamed-1024x314.jpg 1024w, https:\/\/serveiseducatius.xtec.cat\/vallesoccidental3\/wp-content\/uploads\/usu1147\/2023\/03\/unnamed-768x236.jpg 768w\" sizes=\"auto, (max-width: 641px) 100vw, 641px\" \/><\/p>\n<p>L&#8217;etapa 0-3 \u00e9s un moment de coneixement d&#8217;un mateix i de l&#8217;entorn, una etapa molt important per a desenvolupar l&#8217;estima, la curiositat, la cura i la connexi\u00f3 amb la natura, capacitats fonamentals per a esdevenir persones capaces de construir un m\u00f3n m\u00e9s just, saludable i sostenible. \u00c9s per aix\u00f2 que aquest any la tem\u00e0tica de la trobada \u00e9s <strong><em>Connectem amb la natura<\/em><\/strong>, amb aquests continguts:<\/p>\n<ul>\n<li style=\"list-style-type: none;\">\n<ul>\n<li>La connexi\u00f3 amb la natura a l\u2019etapa 0-3<\/li>\n<li>El foment de la biodiversitat a l\u2019escola bressol<\/li>\n<li>Reflexi\u00f3 sobre els espais de l\u2019escola bressol<\/li>\n<li>Observaci\u00f3 i experimentaci\u00f3 a l\u2019etapa 0-3<\/li>\n<li>Intercanvi d\u2019experi\u00e8ncies<\/li>\n<\/ul>\n<\/li>\n<\/ul>\n<p>A la primer part del mat\u00ed gaudirem de 3 ponents:<\/p>\n<ul>\n<li>La\u00a0<strong>Dra. Mariona Espinet<\/strong>\u00a0<strong>(Univesitat Aut\u00f2noma de Barcelona)<\/strong>\u00a0ens parlar\u00e0 de la descoberta de la natura a l&#8217;etapa 0-3 i la promoci\u00f3 de la biodiversitat a l&#8217;escola bressol<\/li>\n<li>L&#8217;<strong>Anna Navarro i la Remei Serrano de l&#8217;escola bressol La Mainada de Santa Perp\u00e0tua de la Mogoda<\/strong>\u00a0parlaran de &#8220;unir i descobrir espais&#8221;<\/li>\n<li>L<strong>&#8216;Erica Saraiba i la M\u00aa Pilar Blanco de l&#8217;escola bressol El Turonet de Cerdanyola del Vall\u00e8s<\/strong>\u00a0ens explicaran la seva experi\u00e8ncia amb l&#8217;activitat educativa &#8220;Passegem per la riera&#8221;<\/li>\n<li>Despr\u00e9s de les pon\u00e8ncies hi haur\u00e0 un espai de\u00a0<strong>di\u00e0leg<\/strong>\u00a0on podreu parlar amb les ponents<\/li>\n<\/ul>\n<p>Despr\u00e9s de l&#8217;esmorzar\u00a0es realitzar\u00e0 un\u00a0<strong>intercanvi d\u2019experi\u00e8ncies<\/strong>\u00a0entre les persones assistents, un\u00a0<strong>taller<\/strong>\u00a0i la\u00a0<strong>formulaci\u00f3 d\u2019un repte<\/strong>\u00a0per al treball en els centres o en xarxa.<\/p>\n<p><strong>Els Objectius s\u00f3n:<\/strong><\/p>\n<ul>\n<li>Oferir formaci\u00f3 respecte a la connexi\u00f3 amb l natura i el treball que es pot fer a l\u2019escola bressol<\/li>\n<li>Con\u00e8ixer experi\u00e8ncies d\u2019altres escoles<\/li>\n<li>Agafar idees i millorar les accions de l\u2019escola bressol en conson\u00e0ncia als objectius del Programa Escoles Verdes<\/li>\n<li>Crear una xarxa i sin\u00e8rgies entre les escoles bressol verdes d\u2019arreu de Catalunya<\/li>\n<\/ul>\n<p>La trobada tindr\u00e0 lloc el <strong>dissabte 15 d&#8217;abril en horari de de 9 a 14 h<\/strong> a <strong>Centre Esplai<\/strong> (<a href=\"https:\/\/www.google.es\/maps\/place\/Carrer+del+Riu+Anoia,+44,+08820+El+Prat+de+Llobregat,+Barcelona\/@41.3152917,2.0832833,741a,35y,208.72h\/data=!3m1!1e3!4m6!3m5!1s0x12a49e93c7491ad3:0x4af6e6ce47d7bc52!8m2!3d41.315681!4d2.0823903!16s%2Fg%2F11fd4cw0b1\" target=\"_blank\" rel=\"noopener\">Carrer Riu Anoia 44, el Prat de Llobregat<\/a>).<\/p>\n<p>Les persones assistents tindreu la possibilitat de fer una visita gruiada a l&#8217;exposici\u00f3 Menja, Actua, Impacta que es troba en el mateix lloc de la Trobada\u00a0Hi haur\u00e0 una visita guiada de 14 a 14:45 h on us explicaran l&#8217;exposici\u00f3 i els tallers que s&#8217;ofereixen per a l&#8217;etapa 0-3 per a p\u00fablic familiar els caps de setmana. Si voleu fer aquesta visita ho haureu d&#8217;indicar durant la inscripci\u00f3.<\/p>\n<p><a href=\"https:\/\/forms.gle\/a9pwV3e9gFn9TqbV9\" target=\"_blank\" rel=\"noopener\"><strong>Inscripci\u00f3<\/strong><\/a><\/p>\n","protected":false},"excerpt":{"rendered":"<p>L&#8217;etapa 0-3 \u00e9s un moment de coneixement d&#8217;un mateix i de l&#8217;entorn, una etapa molt important per a desenvolupar l&#8217;estima, la curiositat, la cura i la connexi\u00f3 amb la natura, capacitats fonamentals per a esdevenir persones capaces de construir un m\u00f3n m\u00e9s just, saludable i sostenible. \u00c9s per aix\u00f2 que aquest any la tem\u00e0tica de [&hellip;]<\/p>\n","protected":false},"author":1,"featured_media":0,"comment_status":"open","ping_status":"closed","sticky":false,"template":"","format":"standard","meta":{"_bbp_topic_count":0,"_bbp_reply_count":0,"_bbp_total_topic_count":0,"_bbp_total_reply_count":0,"_bbp_voice_count":0,"_bbp_anonymous_reply_count":0,"_bbp_topic_count_hidden":0,"_bbp_reply_count_hidden":0,"_bbp_forum_subforum_count":0,"site-sidebar-layout":"default","site-content-layout":"","ast-site-content-layout":"","site-content-style":"default","site-sidebar-style":"default","ast-global-header-display":"","ast-banner-title-visibility":"","ast-main-header-display":"","ast-hfb-above-header-display":"","ast-hfb-below-header-display":"","ast-hfb-mobile-header-display":"","site-post-title":"","ast-breadcrumbs-content":"","ast-featured-img":"","footer-sml-layout":"","theme-transparent-header-meta":"","adv-header-id-meta":"","stick-header-meta":"","header-above-stick-meta":"","header-main-stick-meta":"","header-below-stick-meta":"","astra-migrate-meta-layouts":"default","ast-page-background-enabled":"default","ast-page-background-meta":{"desktop":{"background-color":"var(--ast-global-color-4)","background-image":"","background-repeat":"repeat","background-position":"center center","background-size":"auto","background-attachment":"scroll","background-type":"","background-media":"","overlay-type":"","overlay-color":"","overlay-opacity":"","overlay-gradient":""},"tablet":{"background-color":"","background-image":"","background-repeat":"repeat","background-position":"center center","background-size":"auto","background-attachment":"scroll","background-type":"","background-media":"","overlay-type":"","overlay-color":"","overlay-opacity":"","overlay-gradient":""},"mobile":{"background-color":"","background-image":"","background-repeat":"repeat","background-position":"center center","background-size":"auto","background-attachment":"scroll","background-type":"","background-media":"","overlay-type":"","overlay-color":"","overlay-opacity":"","overlay-gradient":""}},"ast-content-background-meta":{"desktop":{"background-color":"var(--ast-global-color-5)","background-image":"","background-repeat":"repeat","background-position":"center center","background-size":"auto","background-attachment":"scroll","background-type":"","background-media":"","overlay-type":"","overlay-color":"","overlay-opacity":"","overlay-gradient":""},"tablet":{"background-color":"var(--ast-global-color-5)","background-image":"","background-repeat":"repeat","background-position":"center center","background-size":"auto","background-attachment":"scroll","background-type":"","background-media":"","overlay-type":"","overlay-color":"","overlay-opacity":"","overlay-gradient":""},"mobile":{"background-color":"var(--ast-global-color-5)","background-image":"","background-repeat":"repeat","background-position":"center center","background-size":"auto","background-attachment":"scroll","background-type":"","background-media":"","overlay-type":"","overlay-color":"","overlay-opacity":"","overlay-gradient":""}},"footnotes":""},"categories":[160,1371],"tags":[536],"class_list":["post-14164","post","type-post","status-publish","format-standard","hentry","category-escoles_verdes","category-seminari-sostenibilitat-22-23","tag-escola-bressol"],"post_mailing_queue_ids":[],"_links":{"self":[{"href":"https:\/\/serveiseducatius.xtec.cat\/vallesoccidental3\/wp-json\/wp\/v2\/posts\/14164","targetHints":{"allow":["GET"]}}],"collection":[{"href":"https:\/\/serveiseducatius.xtec.cat\/vallesoccidental3\/wp-json\/wp\/v2\/posts"}],"about":[{"href":"https:\/\/serveiseducatius.xtec.cat\/vallesoccidental3\/wp-json\/wp\/v2\/types\/post"}],"author":[{"embeddable":true,"href":"https:\/\/serveiseducatius.xtec.cat\/vallesoccidental3\/wp-json\/wp\/v2\/users\/1"}],"replies":[{"embeddable":true,"href":"https:\/\/serveiseducatius.xtec.cat\/vallesoccidental3\/wp-json\/wp\/v2\/comments?post=14164"}],"version-history":[{"count":2,"href":"https:\/\/serveiseducatius.xtec.cat\/vallesoccidental3\/wp-json\/wp\/v2\/posts\/14164\/revisions"}],"predecessor-version":[{"id":14167,"href":"https:\/\/serveiseducatius.xtec.cat\/vallesoccidental3\/wp-json\/wp\/v2\/posts\/14164\/revisions\/14167"}],"wp:attachment":[{"href":"https:\/\/serveiseducatius.xtec.cat\/vallesoccidental3\/wp-json\/wp\/v2\/media?parent=14164"}],"wp:term":[{"taxonomy":"category","embeddable":true,"href":"https:\/\/serveiseducatius.xtec.cat\/vallesoccidental3\/wp-json\/wp\/v2\/categories?post=14164"},{"taxonomy":"post_tag","embeddable":true,"href":"https:\/\/serveiseducatius.xtec.cat\/vallesoccidental3\/wp-json\/wp\/v2\/tags?post=14164"}],"curies":[{"name":"wp","href":"https:\/\/api.w.org\/{rel}","templated":true}]}}