{"id":1399,"date":"2012-09-21T09:45:22","date_gmt":"2012-09-21T08:45:22","guid":{"rendered":"http:\/\/serveiseducatius.xtec.cat\/vallesoccidental3\/general\/acte-inaugural-curs-escolar-2012-2013\/"},"modified":"2012-09-21T09:45:22","modified_gmt":"2012-09-21T08:45:22","slug":"acte-inaugural-curs-escolar-2012-2013","status":"publish","type":"post","link":"https:\/\/serveiseducatius.xtec.cat\/vallesoccidental3\/general\/acte-inaugural-curs-escolar-2012-2013\/","title":{"rendered":"Enlla\u00e7os a materials dels 50 anys de la Rierada"},"content":{"rendered":"<\/p>\n<p><span style=\"color: #000080; font-family: Arial; font-size: 15px; \"><img decoding=\"async\" <img decoding=\"async\" src=\"http:\/\/serveiseducatius.xtec.cat\/vallesoccidental3\/wp-content\/uploads\/usu1147\/2016\/06\/Rierada.jpg\" \/><\/span><\/p>\n<\/p>\n<p style=\"color: #0003ff; \"><font size=\"3\" face=\"arial,helvetica,sans-serif\"><a href=\"http:\/\/sites.google.com\/site\/rieradaderubi50anys\/home\" target=\"_blank\">Rierada de Rub\u00ed 50 anys<\/a> . Web elaborada pel Grup de Treball, <strong>50 anys de la rierada<\/strong>, amb recursos i eines que ens ajudaran a tractar el fet de la <strong>Rierada del 25 de setembre<\/strong><br \/>\ndel 1962 amb els alumnes de prim\u00e0ria i secund\u00e0ria.<\/font><\/p>\n<p style=\"color: #0003ff; \"><font size=\"3\" face=\"arial,helvetica,sans-serif\"><span style=\"background-color: #ffffdf; \">M\u00e9s enlla\u00e7os a <strong>Not\u00edcia completa<\/strong> o b\u00e9 a la p\u00e0gina, <\/span><strong><span style=\"background-color: #ffffdf; \">50 d<\/span>e la Rierada<\/strong> que trobareu en el bloc de l&#8217;esquerra a&nbsp;<strong>Temes d&#8217;inter\u00e8s<\/strong>.&nbsp;<\/font><\/p>\n<p style=\"color: #0003ff; \"><font size=\"3\" face=\"arial,helvetica,sans-serif\"><a href=\"http:\/\/www.rubitv.cat\/especial\/13\/50-anys-rierada\" target=\"_blank\">Secci\u00f3 especial<\/a> de Rubitv.cat sobre la rierada de 1962. Aqu\u00ed hi trobareu, entre d&#8217;altres continguts, les entrevistes que hem realitzat a diversos testimonis del tr\u00e0gic succ\u00e9s, que durant els \u00faltims mesos us estem oferint en col\u00b7laboraci\u00f3 amb l&#8217;Ajuntament de Rub\u00ed.<\/font><\/p>\n<p style=\"color: #0003ff; \"><font size=\"3\" face=\"arial,helvetica,sans-serif\"><a href=\"http:\/\/lanittragica.wordpress.com\/\" target=\"_blank\">La nit tr\u00e0gica<\/a>, per iniciativa dels museus municipals de Cerdanyola del Vall\u00e8s, Montcada i Reixac, Ripollet, Rub\u00ed, Terrassa i Sabadell<\/font><\/p>\n<p style=\"color: #0003ff; \"><font size=\"3\" face=\"arial,helvetica,sans-serif\">Monogr\u00e0fic sobre les <a href=\"http:\/\/www.rubi.cat\/rierada\/\" target=\"_blank\">riuades del 62 de l&#8217;Ajuntament de Rub\u00ed<\/a> amb molt material gr\u00e0fic i audiovisual<\/font><\/p>\n<p style=\"color: #0003ff; \"><font size=\"3\" face=\"arial,helvetica,sans-serif\">Documental a TV3: <a href=\"http:\/\/www.tv3.cat\/videos\/3401130\/Aiguats-62-la-castastrofe-mes-gran\" target=\"_blank\">Aiguats 62: la cast\u00e0strofe m\u00e9s gran<\/a>, programa &quot;30 minuts&quot; amb motiu del 25\u00e8. aniversari<\/font><\/p>\n<p style=\"color: #0003ff; \"><font size=\"3\" face=\"arial,helvetica,sans-serif\">Documental a TV3: <a href=\"http:\/\/www.tv3.cat\/videos\/4253750\" target=\"_blank\">La mem\u00f2ria del fang<\/a>, especial informatiu amb motiu del 40\u00e8 aniversari<\/font><\/p>\n<p style=\"color: #0003ff; \"><font size=\"3\" face=\"arial,helvetica,sans-serif\">Recull de documentals de TVE-Catalunya:&nbsp; <a href=\"http:\/\/www.rtve.es\/television\/20120719\/50-anys-tragedia-les-inundacions-valles\/548451.shtml\" target=\"_blank\">50 anys de la trag\u00e8dia: les inundacions al Vall\u00e8s<\/a><\/font><\/p>\n<p><span style=\"color: #0003ff; \"><\/span> <\/p>\n<p style=\"color: #0003ff; \"><font size=\"3\" face=\"arial,helvetica,sans-serif\">Imatges del &quot;<a href=\"http:\/\/www.rubi.cat\/rierada\/?page_id=25\" target=\"_blank\">NO-DO<\/a>&quot; de l&#8217;any 1962 sobre les inundacions al Vall\u00e8s<\/font><\/p>\n<p style=\"color: #0003ff; \"><font size=\"3\" face=\"arial,helvetica,sans-serif\" style=\"color: #0003ff; \"><span class=\"st\"><u><strong><em><em><\/em><\/em><\/strong><\/u><a href=\"http:\/\/www.rubi.cat\/ajrubi\/apartats\/index.php?apartat=83\" target=\"_blank\">La ciutat de Rub\u00ed<\/a>, revista municipal, en l&#8217;edici\u00f3 de setembre&#8217;12 obre els actes de commemoraci\u00f3 de la rierada<\/span> <\/font><\/p>\n<p><span style=\"color: #0003ff; \"><\/span> <\/p>\n<p><font size=\"3\" face=\"arial,helvetica,sans-serif\" style=\"color: #0003ff; \"><a target=\"_blank\" href=\"https:\/\/www.box.com\/embed\/47b2at92as8oh27.swf\">Enlla\u00e7 a la inauguraci\u00f3 d&#8217;inici de curs 2012-2013<\/a>, amb la pon\u00e8ncia, de Francesc Mauri, 50 anys dels aiguats al Vall\u00e8s.<\/font><\/p>\n","protected":false},"excerpt":{"rendered":"","protected":false},"author":1,"featured_media":0,"comment_status":"open","ping_status":"open","sticky":false,"template":"","format":"standard","meta":{"_bbp_topic_count":0,"_bbp_reply_count":0,"_bbp_total_topic_count":0,"_bbp_total_reply_count":0,"_bbp_voice_count":0,"_bbp_anonymous_reply_count":0,"_bbp_topic_count_hidden":0,"_bbp_reply_count_hidden":0,"_bbp_forum_subforum_count":0,"site-sidebar-layout":"default","site-content-layout":"","ast-site-content-layout":"","site-content-style":"default","site-sidebar-style":"default","ast-global-header-display":"","ast-banner-title-visibility":"","ast-main-header-display":"","ast-hfb-above-header-display":"","ast-hfb-below-header-display":"","ast-hfb-mobile-header-display":"","site-post-title":"","ast-breadcrumbs-content":"","ast-featured-img":"","footer-sml-layout":"","theme-transparent-header-meta":"","adv-header-id-meta":"","stick-header-meta":"","header-above-stick-meta":"","header-main-stick-meta":"","header-below-stick-meta":"","astra-migrate-meta-layouts":"default","ast-page-background-enabled":"default","ast-page-background-meta":{"desktop":{"background-color":"var(--ast-global-color-4)","background-image":"","background-repeat":"repeat","background-position":"center center","background-size":"auto","background-attachment":"scroll","background-type":"","background-media":"","overlay-type":"","overlay-color":"","overlay-opacity":"","overlay-gradient":""},"tablet":{"background-color":"","background-image":"","background-repeat":"repeat","background-position":"center center","background-size":"auto","background-attachment":"scroll","background-type":"","background-media":"","overlay-type":"","overlay-color":"","overlay-opacity":"","overlay-gradient":""},"mobile":{"background-color":"","background-image":"","background-repeat":"repeat","background-position":"center center","background-size":"auto","background-attachment":"scroll","background-type":"","background-media":"","overlay-type":"","overlay-color":"","overlay-opacity":"","overlay-gradient":""}},"ast-content-background-meta":{"desktop":{"background-color":"var(--ast-global-color-5)","background-image":"","background-repeat":"repeat","background-position":"center center","background-size":"auto","background-attachment":"scroll","background-type":"","background-media":"","overlay-type":"","overlay-color":"","overlay-opacity":"","overlay-gradient":""},"tablet":{"background-color":"var(--ast-global-color-5)","background-image":"","background-repeat":"repeat","background-position":"center center","background-size":"auto","background-attachment":"scroll","background-type":"","background-media":"","overlay-type":"","overlay-color":"","overlay-opacity":"","overlay-gradient":""},"mobile":{"background-color":"var(--ast-global-color-5)","background-image":"","background-repeat":"repeat","background-position":"center center","background-size":"auto","background-attachment":"scroll","background-type":"","background-media":"","overlay-type":"","overlay-color":"","overlay-opacity":"","overlay-gradient":""}},"footnotes":""},"categories":[1],"tags":[153,156],"class_list":["post-1399","post","type-post","status-publish","format-standard","hentry","category-general","tag-intraweb","tag-noticies"],"post_mailing_queue_ids":[],"_links":{"self":[{"href":"https:\/\/serveiseducatius.xtec.cat\/vallesoccidental3\/wp-json\/wp\/v2\/posts\/1399","targetHints":{"allow":["GET"]}}],"collection":[{"href":"https:\/\/serveiseducatius.xtec.cat\/vallesoccidental3\/wp-json\/wp\/v2\/posts"}],"about":[{"href":"https:\/\/serveiseducatius.xtec.cat\/vallesoccidental3\/wp-json\/wp\/v2\/types\/post"}],"author":[{"embeddable":true,"href":"https:\/\/serveiseducatius.xtec.cat\/vallesoccidental3\/wp-json\/wp\/v2\/users\/1"}],"replies":[{"embeddable":true,"href":"https:\/\/serveiseducatius.xtec.cat\/vallesoccidental3\/wp-json\/wp\/v2\/comments?post=1399"}],"version-history":[{"count":0,"href":"https:\/\/serveiseducatius.xtec.cat\/vallesoccidental3\/wp-json\/wp\/v2\/posts\/1399\/revisions"}],"wp:attachment":[{"href":"https:\/\/serveiseducatius.xtec.cat\/vallesoccidental3\/wp-json\/wp\/v2\/media?parent=1399"}],"wp:term":[{"taxonomy":"category","embeddable":true,"href":"https:\/\/serveiseducatius.xtec.cat\/vallesoccidental3\/wp-json\/wp\/v2\/categories?post=1399"},{"taxonomy":"post_tag","embeddable":true,"href":"https:\/\/serveiseducatius.xtec.cat\/vallesoccidental3\/wp-json\/wp\/v2\/tags?post=1399"}],"curies":[{"name":"wp","href":"https:\/\/api.w.org\/{rel}","templated":true}]}}