{"id":13816,"date":"2023-02-02T10:30:17","date_gmt":"2023-02-02T09:30:17","guid":{"rendered":"https:\/\/serveiseducatius.xtec.cat\/vallesoccidental3\/?p=13816"},"modified":"2023-02-02T10:49:53","modified_gmt":"2023-02-02T09:49:53","slug":"internet-segura","status":"publish","type":"post","link":"https:\/\/serveiseducatius.xtec.cat\/vallesoccidental3\/portada\/internet-segura\/","title":{"rendered":"Dia de la Internet Segura"},"content":{"rendered":"<p><a href=\"https:\/\/internetsegura.cat\/\" target=\"_blank\" rel=\"noopener\"><img loading=\"lazy\" decoding=\"async\" class=\"size-large alignnone\" src=\"https:\/\/internetsegura.cat\/wp-content\/uploads\/2018\/10\/LogoIS_OK_StickySombra.png\" width=\"56\" height=\"56\" \/><\/a>El <strong>7 de febrer<\/strong> se celebra arreu del m\u00f3n, a gaireb\u00e9 200 pa\u00efsos, el <a href=\"https:\/\/internetsegura.cat\/definicio-projecte\/dia-internet-segura\/?doing_wp_cron=1675330319.0945920944213867187500\" target=\"_blank\" rel=\"noopener\"><strong>Dia de la Internet Segura<\/strong><\/a>. Aquesta data posa \u00e8mfasi en una necessitat b\u00e0sica i primordial: construir, entre totes i entre tots, una Internet millor, m\u00e9s segura, m\u00e9s \u00e8tica, m\u00e9s respectuosa, m\u00e9s saludable. Els centres educatius, com a difusors de coneixement entre les noves generacions, tenen un paper indiscutible. Tenen la capacitat de formar, de generar nous ciutadans i noves ciutadanes amb unes capacitats digitals b\u00e0siques.\u00a0Unes capacitats que no s\u2019entenen sense un element indispensable: la seguretat.<br \/>\n<strong><em>\u2018Conquereix Internet i apr\u00e8n a protegir-te!\u2019<\/em><\/strong> \u00e9s el lema que, des del Programa Internet Segura, s\u2019ha triat per celebrar, un any m\u00e9s, aquesta efem\u00e8ride, que el 2023 arriba a la vintena edici\u00f3. Pensant en la comunitat docent de prim\u00e0ria i de secund\u00e0ria, es proposen una s\u00e8rie d\u2019activitats i d\u2019accions per refor\u00e7ar la seguretat en l\u2019\u00fas diari de la tecnologia entre els nens i les nenes.<\/p>\n<ul>\n<li style=\"list-style-type: none;\">\n<ul>\n<li><strong>Activitats interactives per a prim\u00e0ria<\/strong>. Exercicis pr\u00e0ctics per aprendre a crear, de manera f\u00e0cil i senzilla, una contrasenya robusta i segura; per saber destriar, de manera activa, imatges reals i imatges falses; per con\u00e8ixer quins s\u00f3n els l\u00edmits a l\u2019hora de donar dades personals en formularis en l\u00ednia, i per no caure en enganys publicitaris falsos.<\/li>\n<li><a href=\"https:\/\/internetsegura.cat\/cibertrucs\/\" target=\"_blank\" rel=\"noopener\"><strong>Cibertrucs per a secund\u00e0ria<\/strong><\/a>. C\u00e0psules de capacitaci\u00f3, amb propostes de treball a l\u2019aula, per descobrir trucs de ciberseguretat, amb un esperit molt pr\u00e0ctic i d\u2019aplicaci\u00f3 en el dia a dia. Des de com blocar el m\u00f2bil amb seguretat fins a descobrir si alg\u00fa s\u2019ha colat al Gmail o com esborrar el contingut d\u2019un tel\u00e8fon robat o perdut en remot.<\/li>\n<li><a href=\"https:\/\/internetsegura.cat\/families\/relats-ciberseguretat\/\" target=\"_blank\" rel=\"noopener\"><strong>Relats de ciberseguretat<\/strong><\/a>. Contes per a nens i nenes d\u2019entre 7 a 11 anys que plantegen situacions reals o potencialment reals en qu\u00e8 la ciberseguretat t\u00e9 un paper fonamental. Aquest 2023 s\u2019estrena el relat \u2018<em>Nico i Clea, influencers<\/em>\u2019, que posa sobre la taula la q\u00fcesti\u00f3 dels referents de les xarxes socials i l\u2019anhel d\u2019assemblar-s\u2019hi.<\/li>\n<li><strong>Kahoot amb el programa <em>Popap<\/em>\u00a0de Catalunya R\u00e0dio<\/strong>. Sota el paraigua del Dia de la Internet Segura 2023, el programa \u2018<a href=\"https:\/\/www.ccma.cat\/catradio\/popap\/\" target=\"_blank\" rel=\"noopener\"><strong><em>Popap<\/em><\/strong><\/a>\u2019 de Catalunya R\u00e0dio, presentat per la Mariola Dinar\u00e8s, dedicar\u00e0 un espai a la ciberseguretat en forma de q\u00fcestionari. Des del Programa Internet Segura es fa una crida perqu\u00e8 els centres educatius de Catalunya es connectin a partir de les <strong>13:00 hores del dimecres, 8 de febrer<\/strong>, per participar-hi.<\/li>\n<\/ul>\n<\/li>\n<\/ul>\n<p>Totes aquestes activitats, i molts m\u00e9s recursos, les trobareu al web de la <a href=\"https:\/\/internetsegura.cat\/\" target=\"_blank\" rel=\"noopener\"><strong>Internet Segura<\/strong><\/a>, des d&#8217;on <span style=\"font-family: inherit; font-size: 1em;\">animen als centres educatius a participar i a fer-los arribar les vostres activitats per treballar la ciberseguretat.<\/span><\/p>\n<ul>\n<li style=\"list-style-type: none;\">\n<ul>\n<li>Correu electr\u00f2nic: internetsegura@ciberseguretat.cat<\/li>\n<li>Xarxes socials: <img loading=\"lazy\" decoding=\"async\" class=\"alignnone\" src=\"https:\/\/www.freepnglogos.com\/uploads\/twitter-logo-png\/twitter-logo-vector-png-clipart-1.png\" width=\"28\" height=\"28\" \/> @internetambseny\u00a0 <img loading=\"lazy\" decoding=\"async\" class=\"alignnone \" style=\"font-family: inherit; font-size: 1em;\" src=\"https:\/\/encrypted-tbn0.gstatic.com\/images?q=tbn:ANd9GcRAhz_guqMM2Qw4o1xXewuQJVegOEblEHZH1x3MVAaYImer6mU&amp;s\" width=\"24\" height=\"24\" \/><span style=\"font-family: inherit; font-size: 1em;\"> @internetsegura.cat<br \/>\n<\/span><img loading=\"lazy\" decoding=\"async\" class=\"alignnone \" style=\"font-family: inherit; font-size: 1em;\" src=\"https:\/\/www.freepnglogos.com\/uploads\/download-instagram-png-logo-20.png\" width=\"27\" height=\"27\" \/><span style=\"font-family: inherit; font-size: 1em;\">@internetambseny <\/span><img loading=\"lazy\" decoding=\"async\" class=\"alignnone \" style=\"font-family: inherit; font-size: 1em;\" src=\"https:\/\/www.freepnglogos.com\/uploads\/youtube-logo-png-images-0.png\" width=\"36\" height=\"27\" \/> <span style=\"font-family: inherit; font-size: 1em;\">@internetposahi<\/span><\/li>\n<li><strong style=\"font-family: inherit; font-size: 1em;\">Hashtags:<\/strong> <em style=\"font-family: inherit; font-size: 1em;\">#SaferInternetDay, #SID2023, #ConquereixInternet<\/em><\/li>\n<\/ul>\n<\/li>\n<\/ul>\n","protected":false},"excerpt":{"rendered":"<p>El 7 de febrer se celebra arreu del m\u00f3n, a gaireb\u00e9 200 pa\u00efsos, el Dia de la Internet Segura. Aquesta data posa \u00e8mfasi en una necessitat b\u00e0sica i primordial: construir, entre totes i entre tots, una Internet millor, m\u00e9s segura, m\u00e9s \u00e8tica, m\u00e9s respectuosa, m\u00e9s saludable. Els centres educatius, com a difusors de coneixement entre [&hellip;]<\/p>\n","protected":false},"author":1,"featured_media":0,"comment_status":"closed","ping_status":"closed","sticky":false,"template":"","format":"standard","meta":{"_bbp_topic_count":0,"_bbp_reply_count":0,"_bbp_total_topic_count":0,"_bbp_total_reply_count":0,"_bbp_voice_count":0,"_bbp_anonymous_reply_count":0,"_bbp_topic_count_hidden":0,"_bbp_reply_count_hidden":0,"_bbp_forum_subforum_count":0,"site-sidebar-layout":"default","site-content-layout":"","ast-site-content-layout":"","site-content-style":"default","site-sidebar-style":"default","ast-global-header-display":"","ast-banner-title-visibility":"","ast-main-header-display":"","ast-hfb-above-header-display":"","ast-hfb-below-header-display":"","ast-hfb-mobile-header-display":"","site-post-title":"","ast-breadcrumbs-content":"","ast-featured-img":"","footer-sml-layout":"","theme-transparent-header-meta":"","adv-header-id-meta":"","stick-header-meta":"","header-above-stick-meta":"","header-main-stick-meta":"","header-below-stick-meta":"","astra-migrate-meta-layouts":"default","ast-page-background-enabled":"default","ast-page-background-meta":{"desktop":{"background-color":"var(--ast-global-color-4)","background-image":"","background-repeat":"repeat","background-position":"center center","background-size":"auto","background-attachment":"scroll","background-type":"","background-media":"","overlay-type":"","overlay-color":"","overlay-opacity":"","overlay-gradient":""},"tablet":{"background-color":"","background-image":"","background-repeat":"repeat","background-position":"center center","background-size":"auto","background-attachment":"scroll","background-type":"","background-media":"","overlay-type":"","overlay-color":"","overlay-opacity":"","overlay-gradient":""},"mobile":{"background-color":"","background-image":"","background-repeat":"repeat","background-position":"center center","background-size":"auto","background-attachment":"scroll","background-type":"","background-media":"","overlay-type":"","overlay-color":"","overlay-opacity":"","overlay-gradient":""}},"ast-content-background-meta":{"desktop":{"background-color":"var(--ast-global-color-5)","background-image":"","background-repeat":"repeat","background-position":"center center","background-size":"auto","background-attachment":"scroll","background-type":"","background-media":"","overlay-type":"","overlay-color":"","overlay-opacity":"","overlay-gradient":""},"tablet":{"background-color":"var(--ast-global-color-5)","background-image":"","background-repeat":"repeat","background-position":"center center","background-size":"auto","background-attachment":"scroll","background-type":"","background-media":"","overlay-type":"","overlay-color":"","overlay-opacity":"","overlay-gradient":""},"mobile":{"background-color":"var(--ast-global-color-5)","background-image":"","background-repeat":"repeat","background-position":"center center","background-size":"auto","background-attachment":"scroll","background-type":"","background-media":"","overlay-type":"","overlay-color":"","overlay-opacity":"","overlay-gradient":""}},"footnotes":""},"categories":[1082,29,956],"tags":[963],"class_list":["post-13816","post","type-post","status-publish","format-standard","hentry","category-pensament-critic","category-portada","category-us-responsable-dinternet","tag-internet-segura"],"post_mailing_queue_ids":[],"_links":{"self":[{"href":"https:\/\/serveiseducatius.xtec.cat\/vallesoccidental3\/wp-json\/wp\/v2\/posts\/13816","targetHints":{"allow":["GET"]}}],"collection":[{"href":"https:\/\/serveiseducatius.xtec.cat\/vallesoccidental3\/wp-json\/wp\/v2\/posts"}],"about":[{"href":"https:\/\/serveiseducatius.xtec.cat\/vallesoccidental3\/wp-json\/wp\/v2\/types\/post"}],"author":[{"embeddable":true,"href":"https:\/\/serveiseducatius.xtec.cat\/vallesoccidental3\/wp-json\/wp\/v2\/users\/1"}],"replies":[{"embeddable":true,"href":"https:\/\/serveiseducatius.xtec.cat\/vallesoccidental3\/wp-json\/wp\/v2\/comments?post=13816"}],"version-history":[{"count":4,"href":"https:\/\/serveiseducatius.xtec.cat\/vallesoccidental3\/wp-json\/wp\/v2\/posts\/13816\/revisions"}],"predecessor-version":[{"id":13823,"href":"https:\/\/serveiseducatius.xtec.cat\/vallesoccidental3\/wp-json\/wp\/v2\/posts\/13816\/revisions\/13823"}],"wp:attachment":[{"href":"https:\/\/serveiseducatius.xtec.cat\/vallesoccidental3\/wp-json\/wp\/v2\/media?parent=13816"}],"wp:term":[{"taxonomy":"category","embeddable":true,"href":"https:\/\/serveiseducatius.xtec.cat\/vallesoccidental3\/wp-json\/wp\/v2\/categories?post=13816"},{"taxonomy":"post_tag","embeddable":true,"href":"https:\/\/serveiseducatius.xtec.cat\/vallesoccidental3\/wp-json\/wp\/v2\/tags?post=13816"}],"curies":[{"name":"wp","href":"https:\/\/api.w.org\/{rel}","templated":true}]}}