{"id":13674,"date":"2023-01-09T13:41:28","date_gmt":"2023-01-09T12:41:28","guid":{"rendered":"https:\/\/serveiseducatius.xtec.cat\/vallesoccidental3\/?p=13674"},"modified":"2023-01-09T13:48:32","modified_gmt":"2023-01-09T12:48:32","slug":"3-noves-guies-i-experiencies-daula-deducacio-per-la-pau-i-la-justicia-global-des-del-pensament-critic","status":"publish","type":"post","link":"https:\/\/serveiseducatius.xtec.cat\/vallesoccidental3\/recursos\/3-noves-guies-i-experiencies-daula-deducacio-per-la-pau-i-la-justicia-global-des-del-pensament-critic\/","title":{"rendered":"3 noves guies i experi\u00e8ncies d&#8217;aula d&#8217;educaci\u00f3 per la pau i la just\u00edcia global des del pensament cr\u00edtic"},"content":{"rendered":"<p>L&#8217;Escola de Cultura de Pau de la UAB presenta <b>3 noves guies did\u00e0ctiques<\/b>, recollides en la col\u00b7lecci\u00f3 Experi\u00e8ncies de pensament cr\u00edtic. S&#8217;expliquen <b>tres experi\u00e8ncies d&#8217;educaci\u00f3 per la pau i la just\u00edcia global des del pensament cr\u00edtic a l&#8217;aula\u00a0<\/b>realitzades el curs 2021-2022 i sistematitzades que poden servir d&#8217;inspiraci\u00f3 per desenvolupar projectes similars a les nostres aules.<\/p>\n<p><a href=\"https:\/\/escolapau.uab.cat\/wp-content\/uploads\/2022\/12\/GUIA_Camvi_01.pdf\" target=\"_blank\" rel=\"noopener\"><img loading=\"lazy\" decoding=\"async\" class=\"wp-image-13675 alignnone\" src=\"https:\/\/serveiseducatius.xtec.cat\/vallesoccidental3\/wp-content\/uploads\/usu1147\/2023\/01\/CONFLICTES-ARMATS-I-ECOFEMINISME.png\" alt=\"\" width=\"142\" height=\"200\" srcset=\"https:\/\/serveiseducatius.xtec.cat\/vallesoccidental3\/wp-content\/uploads\/usu1147\/2023\/01\/CONFLICTES-ARMATS-I-ECOFEMINISME.png 585w, https:\/\/serveiseducatius.xtec.cat\/vallesoccidental3\/wp-content\/uploads\/usu1147\/2023\/01\/CONFLICTES-ARMATS-I-ECOFEMINISME-213x300.png 213w\" sizes=\"auto, (max-width: 142px) 100vw, 142px\" \/><\/a> \u00a0<a href=\"https:\/\/escolapau.uab.cat\/wp-content\/uploads\/2022\/12\/GUIA_Camvi_02.pdf\" target=\"_blank\" rel=\"noopener\"><img loading=\"lazy\" decoding=\"async\" class=\"alignnone wp-image-13676\" src=\"https:\/\/serveiseducatius.xtec.cat\/vallesoccidental3\/wp-content\/uploads\/usu1147\/2023\/01\/LA-GRAN-GUERRA.png\" alt=\"\" width=\"142\" height=\"200\" \/><\/a>\u00a0 <a href=\"https:\/\/escolapau.uab.cat\/wp-content\/uploads\/2022\/12\/GUIA_Camvi_03.pdf\" target=\"_blank\" rel=\"noopener\"><img loading=\"lazy\" decoding=\"async\" class=\"alignnone wp-image-13677\" src=\"https:\/\/serveiseducatius.xtec.cat\/vallesoccidental3\/wp-content\/uploads\/usu1147\/2023\/01\/PROJECTE-REFUGI.png\" alt=\"\" width=\"142\" height=\"200\" srcset=\"https:\/\/serveiseducatius.xtec.cat\/vallesoccidental3\/wp-content\/uploads\/usu1147\/2023\/01\/PROJECTE-REFUGI.png 584w, https:\/\/serveiseducatius.xtec.cat\/vallesoccidental3\/wp-content\/uploads\/usu1147\/2023\/01\/PROJECTE-REFUGI-212x300.png 212w\" sizes=\"auto, (max-width: 142px) 100vw, 142px\" \/><\/a><\/p>\n<ol>\n<li><a title=\"https:\/\/escolapau.uab.cat\/wp-content\/uploads\/2022\/12\/GUIA_Camvi_01.pdf\" href=\"https:\/\/escolapau.uab.cat\/wp-content\/uploads\/2022\/12\/GUIA_Camvi_01.pdf\" target=\"_blank\" rel=\"noopener\" data-saferedirecturl=\"https:\/\/www.google.com\/url?q=https:\/\/escolapau.uab.cat\/wp-content\/uploads\/2022\/12\/GUIA_Camvi_01.pdf&amp;source=gmail&amp;ust=1673349293440000&amp;usg=AOvVaw02F8Y_omCID06C_LHY_HsU\">Conflictes armats i ecofeminisme. Guia pedag\u00f2gica i experi\u00e8ncia d&#8217;aula. Escola Torres Jonama<\/a>. (6\u00e8 PRI)<\/li>\n<\/ol>\n<ol start=\"2\">\n<li><a title=\"https:\/\/escolapau.uab.cat\/wp-content\/uploads\/2022\/12\/GUIA_Camvi_02.pdf\" href=\"https:\/\/escolapau.uab.cat\/wp-content\/uploads\/2022\/12\/GUIA_Camvi_02.pdf\" target=\"_blank\" rel=\"noopener\" data-saferedirecturl=\"https:\/\/www.google.com\/url?q=https:\/\/escolapau.uab.cat\/wp-content\/uploads\/2022\/12\/GUIA_Camvi_02.pdf&amp;source=gmail&amp;ust=1673349293440000&amp;usg=AOvVaw3nIXW8mD0ZU3LEtd1MzrKE\">La Gran Guerra. Conflictes armats i dimensi\u00f3 de g\u00e8nere en temps de pand\u00e8mia.\u00a0Guia pedag\u00f2gica i experi\u00e8ncia d&#8217;aula.\u00a0\u00a0IES Ca&#8217;n Oriach<\/a>. (4t ESO)<\/li>\n<\/ol>\n<ol start=\"3\">\n<li><a title=\"https:\/\/escolapau.uab.cat\/wp-content\/uploads\/2022\/12\/GUIA_Camvi_03.pdf\" href=\"https:\/\/escolapau.uab.cat\/wp-content\/uploads\/2022\/12\/GUIA_Camvi_03.pdf\" target=\"_blank\" rel=\"noopener\" data-saferedirecturl=\"https:\/\/www.google.com\/url?q=https:\/\/escolapau.uab.cat\/wp-content\/uploads\/2022\/12\/GUIA_Camvi_03.pdf&amp;source=gmail&amp;ust=1673349293440000&amp;usg=AOvVaw0cC0dTHhuoEQoBSJ_Zgzfw\">Projecte Refugi. Conflictes armats, despla\u00e7ament for\u00e7at i pand\u00e8mia<\/a><a title=\"https:\/\/escolapau.uab.cat\/wp-content\/uploads\/2022\/12\/GUIA_Camvi_03.pdf\" href=\"https:\/\/escolapau.uab.cat\/wp-content\/uploads\/2022\/12\/GUIA_Camvi_03.pdf\" target=\"_blank\" rel=\"noopener\" data-saferedirecturl=\"https:\/\/www.google.com\/url?q=https:\/\/escolapau.uab.cat\/wp-content\/uploads\/2022\/12\/GUIA_Camvi_03.pdf&amp;source=gmail&amp;ust=1673349293440000&amp;usg=AOvVaw0cC0dTHhuoEQoBSJ_Zgzfw\">. Guia pedag\u00f2gica i experi\u00e8ncia d&#8217;aula. IE Sant Esteve.<\/a> (2n ESO)<\/li>\n<\/ol>\n","protected":false},"excerpt":{"rendered":"<p>L&#8217;Escola de Cultura de Pau de la UAB presenta 3 noves guies did\u00e0ctiques, recollides en la col\u00b7lecci\u00f3 Experi\u00e8ncies de pensament cr\u00edtic. S&#8217;expliquen tres experi\u00e8ncies d&#8217;educaci\u00f3 per la pau i la just\u00edcia global des del pensament cr\u00edtic a l&#8217;aula\u00a0realitzades el curs 2021-2022 i sistematitzades que poden servir d&#8217;inspiraci\u00f3 per desenvolupar projectes similars a les nostres aules. [&hellip;]<\/p>\n","protected":false},"author":1,"featured_media":0,"comment_status":"closed","ping_status":"closed","sticky":false,"template":"","format":"standard","meta":{"_bbp_topic_count":0,"_bbp_reply_count":0,"_bbp_total_topic_count":0,"_bbp_total_reply_count":0,"_bbp_voice_count":0,"_bbp_anonymous_reply_count":0,"_bbp_topic_count_hidden":0,"_bbp_reply_count_hidden":0,"_bbp_forum_subforum_count":0,"site-sidebar-layout":"default","site-content-layout":"","ast-site-content-layout":"","site-content-style":"default","site-sidebar-style":"default","ast-global-header-display":"","ast-banner-title-visibility":"","ast-main-header-display":"","ast-hfb-above-header-display":"","ast-hfb-below-header-display":"","ast-hfb-mobile-header-display":"","site-post-title":"","ast-breadcrumbs-content":"","ast-featured-img":"","footer-sml-layout":"","theme-transparent-header-meta":"","adv-header-id-meta":"","stick-header-meta":"","header-above-stick-meta":"","header-main-stick-meta":"","header-below-stick-meta":"","astra-migrate-meta-layouts":"default","ast-page-background-enabled":"default","ast-page-background-meta":{"desktop":{"background-color":"var(--ast-global-color-4)","background-image":"","background-repeat":"repeat","background-position":"center center","background-size":"auto","background-attachment":"scroll","background-type":"","background-media":"","overlay-type":"","overlay-color":"","overlay-opacity":"","overlay-gradient":""},"tablet":{"background-color":"","background-image":"","background-repeat":"repeat","background-position":"center center","background-size":"auto","background-attachment":"scroll","background-type":"","background-media":"","overlay-type":"","overlay-color":"","overlay-opacity":"","overlay-gradient":""},"mobile":{"background-color":"","background-image":"","background-repeat":"repeat","background-position":"center center","background-size":"auto","background-attachment":"scroll","background-type":"","background-media":"","overlay-type":"","overlay-color":"","overlay-opacity":"","overlay-gradient":""}},"ast-content-background-meta":{"desktop":{"background-color":"var(--ast-global-color-5)","background-image":"","background-repeat":"repeat","background-position":"center center","background-size":"auto","background-attachment":"scroll","background-type":"","background-media":"","overlay-type":"","overlay-color":"","overlay-opacity":"","overlay-gradient":""},"tablet":{"background-color":"var(--ast-global-color-5)","background-image":"","background-repeat":"repeat","background-position":"center center","background-size":"auto","background-attachment":"scroll","background-type":"","background-media":"","overlay-type":"","overlay-color":"","overlay-opacity":"","overlay-gradient":""},"mobile":{"background-color":"var(--ast-global-color-5)","background-image":"","background-repeat":"repeat","background-position":"center center","background-size":"auto","background-attachment":"scroll","background-type":"","background-media":"","overlay-type":"","overlay-color":"","overlay-opacity":"","overlay-gradient":""}},"footnotes":""},"categories":[1082,76],"tags":[1305,1425,879],"class_list":["post-13674","post","type-post","status-publish","format-standard","hentry","category-pensament-critic","category-recursos","tag-educacio-per-a-la-pau","tag-justicia-global","tag-pensament-critic"],"post_mailing_queue_ids":[],"_links":{"self":[{"href":"https:\/\/serveiseducatius.xtec.cat\/vallesoccidental3\/wp-json\/wp\/v2\/posts\/13674","targetHints":{"allow":["GET"]}}],"collection":[{"href":"https:\/\/serveiseducatius.xtec.cat\/vallesoccidental3\/wp-json\/wp\/v2\/posts"}],"about":[{"href":"https:\/\/serveiseducatius.xtec.cat\/vallesoccidental3\/wp-json\/wp\/v2\/types\/post"}],"author":[{"embeddable":true,"href":"https:\/\/serveiseducatius.xtec.cat\/vallesoccidental3\/wp-json\/wp\/v2\/users\/1"}],"replies":[{"embeddable":true,"href":"https:\/\/serveiseducatius.xtec.cat\/vallesoccidental3\/wp-json\/wp\/v2\/comments?post=13674"}],"version-history":[{"count":3,"href":"https:\/\/serveiseducatius.xtec.cat\/vallesoccidental3\/wp-json\/wp\/v2\/posts\/13674\/revisions"}],"predecessor-version":[{"id":13681,"href":"https:\/\/serveiseducatius.xtec.cat\/vallesoccidental3\/wp-json\/wp\/v2\/posts\/13674\/revisions\/13681"}],"wp:attachment":[{"href":"https:\/\/serveiseducatius.xtec.cat\/vallesoccidental3\/wp-json\/wp\/v2\/media?parent=13674"}],"wp:term":[{"taxonomy":"category","embeddable":true,"href":"https:\/\/serveiseducatius.xtec.cat\/vallesoccidental3\/wp-json\/wp\/v2\/categories?post=13674"},{"taxonomy":"post_tag","embeddable":true,"href":"https:\/\/serveiseducatius.xtec.cat\/vallesoccidental3\/wp-json\/wp\/v2\/tags?post=13674"}],"curies":[{"name":"wp","href":"https:\/\/api.w.org\/{rel}","templated":true}]}}