{"id":13543,"date":"2022-12-15T13:45:02","date_gmt":"2022-12-15T12:45:02","guid":{"rendered":"https:\/\/serveiseducatius.xtec.cat\/vallesoccidental3\/?p=13543"},"modified":"2023-05-17T12:29:43","modified_gmt":"2023-05-17T10:29:43","slug":"experiencies-daprenentatge-amb-sentit-eas","status":"publish","type":"post","link":"https:\/\/serveiseducatius.xtec.cat\/vallesoccidental3\/portada\/experiencies-daprenentatge-amb-sentit-eas\/","title":{"rendered":"Experi\u00e8ncies d&#8217;aprenentatge amb sentit (EAS)"},"content":{"rendered":"<p><a href=\"https:\/\/serveiseducatius.xtec.cat\/cesire\/wp-content\/uploads\/usu2650\/2022\/11\/EAS_Infografia_comprimida-scaled.jpg\" target=\"_blank\" rel=\"noopener\"><img loading=\"lazy\" decoding=\"async\" class=\"alignleft wp-image-13544\" src=\"https:\/\/serveiseducatius.xtec.cat\/vallesoccidental3\/wp-content\/uploads\/usu1147\/2022\/12\/eas1.jpg\" alt=\"\" width=\"210\" height=\"292\" srcset=\"https:\/\/serveiseducatius.xtec.cat\/vallesoccidental3\/wp-content\/uploads\/usu1147\/2022\/12\/eas1.jpg 495w, https:\/\/serveiseducatius.xtec.cat\/vallesoccidental3\/wp-content\/uploads\/usu1147\/2022\/12\/eas1-216x300.jpg 216w\" sizes=\"auto, (max-width: 210px) 100vw, 210px\" \/><\/a>Proposta formativa elaborada des del\u00a0 <strong><a href=\"https:\/\/serveiseducatius.xtec.cat\/cesire\/formacio-per-a-impulsar-laprenentatge-amb-sentit\/\" target=\"_blank\" rel=\"noopener\">CESIRE\u00a0<\/a><\/strong> en el marc del nou curr\u00edculum, amb l\u2019objectiu d\u2019innovar les pr\u00e0ctiques d\u2019aula, a trav\u00e9s de la reflexi\u00f3, el disseny, la implementaci\u00f3 i l\u2019avaluaci\u00f3 d\u2019Experi\u00e8ncies d\u2019Aprenentatge amb Sentit (EAS).<\/p>\n<p>La formaci\u00f3 EAS proposa<span style=\"font-family: inherit; font-size: 1em;\">\u00a0empoderar els equips de docents a trav\u00e9s de la modelitzaci\u00f3 i l\u2019exemplificaci\u00f3 perqu\u00e8 esdevinguin creadors d\u2019<strong>E<\/strong>xperi\u00e8ncies d\u2019<strong>A<\/strong>prenentatge amb <strong>S<\/strong>entit per a tot l\u2019alumnat, facilitar l\u2019apropiaci\u00f3 de metodologies centrades en els aprenents, promoure canvis profunds i sostenibles en les maneres de fer a l\u2019aula i contribuir a la transformaci\u00f3 dels centres educatius mitjan\u00e7ant una <\/span><strong style=\"font-family: inherit; font-size: 1em;\">metodologia reflexiva<\/strong><span style=\"font-family: inherit; font-size: 1em;\">\u00a0sobre el disseny, la implementaci\u00f3 i l\u2019avaluaci\u00f3.<\/span><\/p>\n<p>La proposta consta de dues fases:<\/p>\n<p><a href=\"https:\/\/serveiseducatius.xtec.cat\/baixllobregat5\/wp-content\/uploads\/usu1180\/2022\/12\/eas2.png\"><img loading=\"lazy\" decoding=\"async\" class=\"wp-image-22440 alignnone\" src=\"https:\/\/serveiseducatius.xtec.cat\/baixllobregat5\/wp-content\/uploads\/usu1180\/2022\/12\/eas2.png\" sizes=\"auto, (max-width: 384px) 100vw, 384px\" srcset=\"https:\/\/serveiseducatius.xtec.cat\/baixllobregat5\/wp-content\/uploads\/usu1180\/2022\/12\/eas2.png 1224w, https:\/\/serveiseducatius.xtec.cat\/baixllobregat5\/wp-content\/uploads\/usu1180\/2022\/12\/eas2-300x284.png 300w, https:\/\/serveiseducatius.xtec.cat\/baixllobregat5\/wp-content\/uploads\/usu1180\/2022\/12\/eas2-1024x970.png 1024w, https:\/\/serveiseducatius.xtec.cat\/baixllobregat5\/wp-content\/uploads\/usu1180\/2022\/12\/eas2-768x728.png 768w\" alt=\"cesire\" width=\"364\" height=\"345\" \/><\/a><\/p>\n<p>Podeu veure una animaci\u00f3 de la formaci\u00f3\u00a0<a href=\"https:\/\/drive.google.com\/file\/d\/1o0FZLN7ZYE4rQJgqy1IUMvbqBMPzGU_k\/view?usp=share_link\" data-saferedirecturl=\"https:\/\/www.google.com\/url?q=https:\/\/drive.google.com\/file\/d\/1o0FZLN7ZYE4rQJgqy1IUMvbqBMPzGU_k\/view?usp%3Dshare_link&amp;source=gmail&amp;ust=1670057138118000&amp;usg=AOvVaw2EkCb5Kq4sCDo1WrMktdGy\">aqu\u00ed<\/a>.<\/p>\n<p>Per a m\u00e9s informaci\u00f3, contacteu amb nosaltres a trav\u00e9s del correu electr\u00f2nic: crp-rubi@xtec.cat<\/p>\n","protected":false},"excerpt":{"rendered":"<p>Proposta formativa elaborada des del\u00a0 CESIRE\u00a0 en el marc del nou curr\u00edculum, amb l\u2019objectiu d\u2019innovar les pr\u00e0ctiques d\u2019aula, a trav\u00e9s de la reflexi\u00f3, el disseny, la implementaci\u00f3 i l\u2019avaluaci\u00f3 d\u2019Experi\u00e8ncies d\u2019Aprenentatge amb Sentit (EAS). La formaci\u00f3 EAS proposa\u00a0empoderar els equips de docents a trav\u00e9s de la modelitzaci\u00f3 i l\u2019exemplificaci\u00f3 perqu\u00e8 esdevinguin creadors d\u2019Experi\u00e8ncies d\u2019Aprenentatge amb [&hellip;]<\/p>\n","protected":false},"author":1,"featured_media":0,"comment_status":"closed","ping_status":"closed","sticky":false,"template":"","format":"standard","meta":{"_bbp_topic_count":0,"_bbp_reply_count":0,"_bbp_total_topic_count":0,"_bbp_total_reply_count":0,"_bbp_voice_count":0,"_bbp_anonymous_reply_count":0,"_bbp_topic_count_hidden":0,"_bbp_reply_count_hidden":0,"_bbp_forum_subforum_count":0,"site-sidebar-layout":"default","site-content-layout":"","ast-site-content-layout":"","site-content-style":"default","site-sidebar-style":"default","ast-global-header-display":"","ast-banner-title-visibility":"","ast-main-header-display":"","ast-hfb-above-header-display":"","ast-hfb-below-header-display":"","ast-hfb-mobile-header-display":"","site-post-title":"","ast-breadcrumbs-content":"","ast-featured-img":"","footer-sml-layout":"","theme-transparent-header-meta":"","adv-header-id-meta":"","stick-header-meta":"","header-above-stick-meta":"","header-main-stick-meta":"","header-below-stick-meta":"","astra-migrate-meta-layouts":"default","ast-page-background-enabled":"default","ast-page-background-meta":{"desktop":{"background-color":"var(--ast-global-color-4)","background-image":"","background-repeat":"repeat","background-position":"center center","background-size":"auto","background-attachment":"scroll","background-type":"","background-media":"","overlay-type":"","overlay-color":"","overlay-opacity":"","overlay-gradient":""},"tablet":{"background-color":"","background-image":"","background-repeat":"repeat","background-position":"center center","background-size":"auto","background-attachment":"scroll","background-type":"","background-media":"","overlay-type":"","overlay-color":"","overlay-opacity":"","overlay-gradient":""},"mobile":{"background-color":"","background-image":"","background-repeat":"repeat","background-position":"center center","background-size":"auto","background-attachment":"scroll","background-type":"","background-media":"","overlay-type":"","overlay-color":"","overlay-opacity":"","overlay-gradient":""}},"ast-content-background-meta":{"desktop":{"background-color":"var(--ast-global-color-5)","background-image":"","background-repeat":"repeat","background-position":"center center","background-size":"auto","background-attachment":"scroll","background-type":"","background-media":"","overlay-type":"","overlay-color":"","overlay-opacity":"","overlay-gradient":""},"tablet":{"background-color":"var(--ast-global-color-5)","background-image":"","background-repeat":"repeat","background-position":"center center","background-size":"auto","background-attachment":"scroll","background-type":"","background-media":"","overlay-type":"","overlay-color":"","overlay-opacity":"","overlay-gradient":""},"mobile":{"background-color":"var(--ast-global-color-5)","background-image":"","background-repeat":"repeat","background-position":"center center","background-size":"auto","background-attachment":"scroll","background-type":"","background-media":"","overlay-type":"","overlay-color":"","overlay-opacity":"","overlay-gradient":""}},"footnotes":""},"categories":[1352,29],"tags":[1455],"class_list":["post-13543","post","type-post","status-publish","format-standard","hentry","category-formacio","category-portada","tag-formacio-23-24"],"post_mailing_queue_ids":[],"_links":{"self":[{"href":"https:\/\/serveiseducatius.xtec.cat\/vallesoccidental3\/wp-json\/wp\/v2\/posts\/13543","targetHints":{"allow":["GET"]}}],"collection":[{"href":"https:\/\/serveiseducatius.xtec.cat\/vallesoccidental3\/wp-json\/wp\/v2\/posts"}],"about":[{"href":"https:\/\/serveiseducatius.xtec.cat\/vallesoccidental3\/wp-json\/wp\/v2\/types\/post"}],"author":[{"embeddable":true,"href":"https:\/\/serveiseducatius.xtec.cat\/vallesoccidental3\/wp-json\/wp\/v2\/users\/1"}],"replies":[{"embeddable":true,"href":"https:\/\/serveiseducatius.xtec.cat\/vallesoccidental3\/wp-json\/wp\/v2\/comments?post=13543"}],"version-history":[{"count":4,"href":"https:\/\/serveiseducatius.xtec.cat\/vallesoccidental3\/wp-json\/wp\/v2\/posts\/13543\/revisions"}],"predecessor-version":[{"id":13558,"href":"https:\/\/serveiseducatius.xtec.cat\/vallesoccidental3\/wp-json\/wp\/v2\/posts\/13543\/revisions\/13558"}],"wp:attachment":[{"href":"https:\/\/serveiseducatius.xtec.cat\/vallesoccidental3\/wp-json\/wp\/v2\/media?parent=13543"}],"wp:term":[{"taxonomy":"category","embeddable":true,"href":"https:\/\/serveiseducatius.xtec.cat\/vallesoccidental3\/wp-json\/wp\/v2\/categories?post=13543"},{"taxonomy":"post_tag","embeddable":true,"href":"https:\/\/serveiseducatius.xtec.cat\/vallesoccidental3\/wp-json\/wp\/v2\/tags?post=13543"}],"curies":[{"name":"wp","href":"https:\/\/api.w.org\/{rel}","templated":true}]}}