{"id":13501,"date":"2022-12-21T10:58:19","date_gmt":"2022-12-21T09:58:19","guid":{"rendered":"https:\/\/serveiseducatius.xtec.cat\/vallesoccidental3\/?p=13501"},"modified":"2022-12-21T11:00:40","modified_gmt":"2022-12-21T10:00:40","slug":"coeducat-formacions","status":"publish","type":"post","link":"https:\/\/serveiseducatius.xtec.cat\/vallesoccidental3\/portada\/coeducat-formacions\/","title":{"rendered":"Coeduca&#8217;t (formacions)"},"content":{"rendered":"<p><img loading=\"lazy\" decoding=\"async\" class=\"wp-image-8966 aligncenter\" src=\"https:\/\/serveiseducatius.xtec.cat\/vallesoccidental3\/wp-content\/uploads\/usu1147\/2021\/02\/coeducatp.png\" alt=\"\" width=\"194\" height=\"174\" srcset=\"https:\/\/serveiseducatius.xtec.cat\/vallesoccidental3\/wp-content\/uploads\/usu1147\/2021\/02\/coeducatp.png 508w, https:\/\/serveiseducatius.xtec.cat\/vallesoccidental3\/wp-content\/uploads\/usu1147\/2021\/02\/coeducatp-300x270.png 300w\" sizes=\"auto, (max-width: 194px) 100vw, 194px\" \/>Activitats formatives del programa <strong><em>Coeduca\u2019t<\/em><\/strong>, adre\u00e7ades al professorat d&#8217;Educaci\u00f3 Infantil, Prim\u00e0ria i Secund\u00e0ria<span style=\"font-family: inherit; font-size: 1em;\">, que es realitzaran al llarg del 2n trimestre i 3r trimestre en format telem\u00e0tic <\/span>(tot i que es pot planificar alguna sessi\u00f3 presencial).<\/p>\n<ul>\n<li><strong>Coeduca&#8217;t amb el curr\u00edculum <\/strong>(Codi activitat:\u00a0<a href=\"https:\/\/aplicacions.gestioeducativa.gencat.cat\/pls\/soloas\/pk_for_mod_ins.p_for_cons_activitats?p_any=2022-2023&amp;p_codi=4000120509\" data-saferedirecturl=\"https:\/\/www.google.com\/url?q=https:\/\/aplicacions.gestioeducativa.gencat.cat\/pls\/soloas\/pk_for_mod_ins.p_for_cons_activitats?p_any%3D2022-2023%26p_codi%3D4000120509&amp;source=gmail&amp;ust=1671004174276000&amp;usg=AOvVaw3UmmdiLz64oGC2NhY6spmR\">4000120509)<\/a><br \/>\n<span style=\"font-family: inherit; font-size: 1em;\">En dimecres, del 18 de gener al 15 de mar\u00e7, de 17:30h a 19:30h<\/span><span style=\"font-family: inherit; font-size: 1em;\"><br \/>\n<\/span><a style=\"font-family: inherit; font-size: 1em;\" href=\"https:\/\/aplicacions.gestioeducativa.gencat.cat\/pls\/soloas\/pk_for_mod_ins.p_for_cons_activitats?p_any=2022-2023&amp;p_codi=4000120509\" data-saferedirecturl=\"https:\/\/www.google.com\/url?q=https:\/\/aplicacions.gestioeducativa.gencat.cat\/pls\/soloas\/pk_for_mod_ins.p_for_cons_activitats?p_any%3D2022-2023%26p_codi%3D4000120509&amp;source=gmail&amp;ust=1671004174276000&amp;usg=AOvVaw3UmmdiLz64oGC2NhY6spmR\">Inscripci\u00f3<\/a><span style=\"font-family: inherit; font-size: 1em;\">: 01\/01\/2023 &#8211; 18\/01\/2023<br \/>\n<\/span><\/li>\n<li><strong>Coeduca&#8217;t al centre <\/strong>(Codi activitat:\u00a0<a href=\"https:\/\/aplicacions.gestioeducativa.gencat.cat\/pls\/soloas\/pk_for_mod_ins.p_for_cons_activitats?p_any=2022-2023&amp;p_codi=4000130509\" data-saferedirecturl=\"https:\/\/www.google.com\/url?q=https:\/\/aplicacions.gestioeducativa.gencat.cat\/pls\/soloas\/pk_for_mod_ins.p_for_cons_activitats?p_any%3D2022-2023%26p_codi%3D4000130509&amp;source=gmail&amp;ust=1671004174276000&amp;usg=AOvVaw0hghIc5rDzE0T4j4UTGujA\">4000130509<\/a>)<br \/>\nEn dilluns, del 23 de gener al 27 de mar\u00e7, de 17:30h a 19:30h<br \/>\nRequisit: M\u00ednim una de les persones assistents del centre ha d&#8217;haver fet la formaci\u00f3 \u201cCoeduca\u2019t amb el curr\u00edculum&#8221; o acreditar formaci\u00f3 en coeducaci\u00f3.<br \/>\nL&#8217;equip directiu ha d&#8217;estar informat i donar espais de treball i coordinaci\u00f3.<br \/>\n<a href=\"https:\/\/aplicacions.gestioeducativa.gencat.cat\/pls\/soloas\/pk_for_mod_ins.p_for_cons_activitats?p_any=2022-2023&amp;p_codi=4000130509\" data-saferedirecturl=\"https:\/\/www.google.com\/url?q=https:\/\/aplicacions.gestioeducativa.gencat.cat\/pls\/soloas\/pk_for_mod_ins.p_for_cons_activitats?p_any%3D2022-2023%26p_codi%3D4000130509&amp;source=gmail&amp;ust=1671004174276000&amp;usg=AOvVaw0hghIc5rDzE0T4j4UTGujA\">Inscripci\u00f3<\/a>: 07\/01\/2023 &#8211; 17\/01\/2023<\/li>\n<li><strong>Coeduca&#8217;t al centre <\/strong>(C<strong><span style=\"font-weight: 400;\">odi activitat:\u00a0<\/span><a style=\"color: #2795b6; font-weight: 400;\" href=\"https:\/\/aplicacions.gestioeducativa.gencat.cat\/pls\/soloas\/pk_for_mod_ins.p_for_cons_activitats?p_any=2022-2023&amp;p_codi=4000140509\" data-saferedirecturl=\"https:\/\/www.google.com\/url?q=https:\/\/aplicacions.gestioeducativa.gencat.cat\/pls\/soloas\/pk_for_mod_ins.p_for_cons_activitats?p_any%3D2022-2023%26p_codi%3D4000140509&amp;source=gmail&amp;ust=1671004174276000&amp;usg=AOvVaw3IMdC_3gSKWpMNZiHPH2kD\">4000140509<\/a><\/strong>)<br \/>\nEn dilluns, del 23 de gener al 27 de mar\u00e7, de 17:30h a 19:30h<br \/>\nRequisit: M\u00ednim una de les persones assistents del centre ha d&#8217;haver fet la formaci\u00f3 \u201cCoeduca\u2019t amb el curr\u00edculum&#8221; o acreditar formaci\u00f3 en coeducaci\u00f3.<br \/>\nL&#8217;equip directiu ha d&#8217;estar informat i donar espais de treball i coordinaci\u00f3.<br \/>\n<a href=\"https:\/\/aplicacions.gestioeducativa.gencat.cat\/pls\/soloas\/pk_for_mod_ins.p_for_cons_activitats?p_any=2022-2023&amp;p_codi=4000140509\" data-saferedirecturl=\"https:\/\/www.google.com\/url?q=https:\/\/aplicacions.gestioeducativa.gencat.cat\/pls\/soloas\/pk_for_mod_ins.p_for_cons_activitats?p_any%3D2022-2023%26p_codi%3D4000140509&amp;source=gmail&amp;ust=1671004174276000&amp;usg=AOvVaw3IMdC_3gSKWpMNZiHPH2kD\">Inscripci\u00f3<\/a>: 07\/01\/2023 &#8211; 17\/01\/2023<\/li>\n<li><strong>Coeduca&#8217;t al centre <\/strong>(C<strong><span style=\"font-weight: 400;\">odi activitat:<\/span><a style=\"color: #2795b6; font-weight: 400;\" href=\"https:\/\/aplicacions.gestioeducativa.gencat.cat\/pls\/soloas\/pk_for_mod_ins.p_for_cons_activitats?p_any=2022-2023&amp;p_codi=4000150509\" data-saferedirecturl=\"https:\/\/www.google.com\/url?q=https:\/\/aplicacions.gestioeducativa.gencat.cat\/pls\/soloas\/pk_for_mod_ins.p_for_cons_activitats?p_any%3D2022-2023%26p_codi%3D4000150509&amp;source=gmail&amp;ust=1671004174276000&amp;usg=AOvVaw2I22bP-_FsAUgavdKnPD0H\">4000150509<\/a><\/strong>)<br \/>\nEn dimecres, del 8 de mar\u00e7 al 31 de maig, de 17:30h a 19:30h<br \/>\nRequisit: M\u00ednim una de les persones assistents del centre ha d&#8217;haver fet la formaci\u00f3 \u201cCoeduca\u2019t amb el curr\u00edculum&#8221; o acreditar formaci\u00f3 en coeducaci\u00f3.<br \/>\nL&#8217;equip directiu ha d&#8217;estar informat i donar espais de treball i coordinaci\u00f3.<br \/>\n<a href=\"https:\/\/aplicacions.gestioeducativa.gencat.cat\/pls\/soloas\/pk_for_mod_ins.p_for_cons_activitats?p_any=2022-2023&amp;p_codi=4000150509\" data-saferedirecturl=\"https:\/\/www.google.com\/url?q=https:\/\/aplicacions.gestioeducativa.gencat.cat\/pls\/soloas\/pk_for_mod_ins.p_for_cons_activitats?p_any%3D2022-2023%26p_codi%3D4000150509&amp;source=gmail&amp;ust=1671004174276000&amp;usg=AOvVaw2I22bP-_FsAUgavdKnPD0H\">Inscripci\u00f3<\/a>: 01\/01\/2023 &#8211; 08\/03\/2023<\/li>\n<\/ul>\n","protected":false},"excerpt":{"rendered":"<p>Activitats formatives del programa Coeduca\u2019t, adre\u00e7ades al professorat d&#8217;Educaci\u00f3 Infantil, Prim\u00e0ria i Secund\u00e0ria, que es realitzaran al llarg del 2n trimestre i 3r trimestre en format telem\u00e0tic (tot i que es pot planificar alguna sessi\u00f3 presencial). Coeduca&#8217;t amb el curr\u00edculum (Codi activitat:\u00a04000120509) En dimecres, del 18 de gener al 15 de mar\u00e7, de 17:30h a [&hellip;]<\/p>\n","protected":false},"author":1,"featured_media":0,"comment_status":"open","ping_status":"closed","sticky":false,"template":"","format":"standard","meta":{"_bbp_topic_count":0,"_bbp_reply_count":0,"_bbp_total_topic_count":0,"_bbp_total_reply_count":0,"_bbp_voice_count":0,"_bbp_anonymous_reply_count":0,"_bbp_topic_count_hidden":0,"_bbp_reply_count_hidden":0,"_bbp_forum_subforum_count":0,"site-sidebar-layout":"default","site-content-layout":"","ast-site-content-layout":"","site-content-style":"default","site-sidebar-style":"default","ast-global-header-display":"","ast-banner-title-visibility":"","ast-main-header-display":"","ast-hfb-above-header-display":"","ast-hfb-below-header-display":"","ast-hfb-mobile-header-display":"","site-post-title":"","ast-breadcrumbs-content":"","ast-featured-img":"","footer-sml-layout":"","theme-transparent-header-meta":"","adv-header-id-meta":"","stick-header-meta":"","header-above-stick-meta":"","header-main-stick-meta":"","header-below-stick-meta":"","astra-migrate-meta-layouts":"default","ast-page-background-enabled":"default","ast-page-background-meta":{"desktop":{"background-color":"var(--ast-global-color-4)","background-image":"","background-repeat":"repeat","background-position":"center center","background-size":"auto","background-attachment":"scroll","background-type":"","background-media":"","overlay-type":"","overlay-color":"","overlay-opacity":"","overlay-gradient":""},"tablet":{"background-color":"","background-image":"","background-repeat":"repeat","background-position":"center center","background-size":"auto","background-attachment":"scroll","background-type":"","background-media":"","overlay-type":"","overlay-color":"","overlay-opacity":"","overlay-gradient":""},"mobile":{"background-color":"","background-image":"","background-repeat":"repeat","background-position":"center center","background-size":"auto","background-attachment":"scroll","background-type":"","background-media":"","overlay-type":"","overlay-color":"","overlay-opacity":"","overlay-gradient":""}},"ast-content-background-meta":{"desktop":{"background-color":"var(--ast-global-color-5)","background-image":"","background-repeat":"repeat","background-position":"center center","background-size":"auto","background-attachment":"scroll","background-type":"","background-media":"","overlay-type":"","overlay-color":"","overlay-opacity":"","overlay-gradient":""},"tablet":{"background-color":"var(--ast-global-color-5)","background-image":"","background-repeat":"repeat","background-position":"center center","background-size":"auto","background-attachment":"scroll","background-type":"","background-media":"","overlay-type":"","overlay-color":"","overlay-opacity":"","overlay-gradient":""},"mobile":{"background-color":"var(--ast-global-color-5)","background-image":"","background-repeat":"repeat","background-position":"center center","background-size":"auto","background-attachment":"scroll","background-type":"","background-media":"","overlay-type":"","overlay-color":"","overlay-opacity":"","overlay-gradient":""}},"footnotes":""},"categories":[1352,29],"tags":[],"class_list":["post-13501","post","type-post","status-publish","format-standard","hentry","category-formacio","category-portada"],"post_mailing_queue_ids":[],"_links":{"self":[{"href":"https:\/\/serveiseducatius.xtec.cat\/vallesoccidental3\/wp-json\/wp\/v2\/posts\/13501","targetHints":{"allow":["GET"]}}],"collection":[{"href":"https:\/\/serveiseducatius.xtec.cat\/vallesoccidental3\/wp-json\/wp\/v2\/posts"}],"about":[{"href":"https:\/\/serveiseducatius.xtec.cat\/vallesoccidental3\/wp-json\/wp\/v2\/types\/post"}],"author":[{"embeddable":true,"href":"https:\/\/serveiseducatius.xtec.cat\/vallesoccidental3\/wp-json\/wp\/v2\/users\/1"}],"replies":[{"embeddable":true,"href":"https:\/\/serveiseducatius.xtec.cat\/vallesoccidental3\/wp-json\/wp\/v2\/comments?post=13501"}],"version-history":[{"count":3,"href":"https:\/\/serveiseducatius.xtec.cat\/vallesoccidental3\/wp-json\/wp\/v2\/posts\/13501\/revisions"}],"predecessor-version":[{"id":13659,"href":"https:\/\/serveiseducatius.xtec.cat\/vallesoccidental3\/wp-json\/wp\/v2\/posts\/13501\/revisions\/13659"}],"wp:attachment":[{"href":"https:\/\/serveiseducatius.xtec.cat\/vallesoccidental3\/wp-json\/wp\/v2\/media?parent=13501"}],"wp:term":[{"taxonomy":"category","embeddable":true,"href":"https:\/\/serveiseducatius.xtec.cat\/vallesoccidental3\/wp-json\/wp\/v2\/categories?post=13501"},{"taxonomy":"post_tag","embeddable":true,"href":"https:\/\/serveiseducatius.xtec.cat\/vallesoccidental3\/wp-json\/wp\/v2\/tags?post=13501"}],"curies":[{"name":"wp","href":"https:\/\/api.w.org\/{rel}","templated":true}]}}