{"id":13491,"date":"2022-12-13T11:33:41","date_gmt":"2022-12-13T10:33:41","guid":{"rendered":"https:\/\/serveiseducatius.xtec.cat\/vallesoccidental3\/?p=13491"},"modified":"2023-07-07T09:41:15","modified_gmt":"2023-07-07T07:41:15","slug":"guia-trastorn-especific-del-llenguatge-tel-tdl-orientacions-per-a-docents","status":"publish","type":"post","link":"https:\/\/serveiseducatius.xtec.cat\/vallesoccidental3\/portada\/guia-trastorn-especific-del-llenguatge-tel-tdl-orientacions-per-a-docents\/","title":{"rendered":"Guia Trastorn espec\u00edfic del llenguatge TEL\/TDL. Orientacions per a docents"},"content":{"rendered":"<p><a href=\"https:\/\/projectes.xtec.cat\/educacioinclusiva\/wp-content\/uploads\/usu2065\/2022\/12\/Trastorn-Especific-del-llenguatge-TEL_TDL-1-2.pdf\" target=\"_blank\" rel=\"noopener\"><img loading=\"lazy\" decoding=\"async\" class=\" aligncenter\" src=\"https:\/\/projectes.xtec.cat\/educacioinclusiva\/wp-content\/uploads\/usu2065\/2022\/12\/GUIA-TEL-212x300.png\" width=\"155\" height=\"219\" \/><\/a>S&#8217;acaba de publicar la guia <a href=\"https:\/\/projectes.xtec.cat\/educacioinclusiva\/wp-content\/uploads\/usu2065\/2022\/12\/Trastorn-Especific-del-llenguatge-TEL_TDL-1-2.pdf\" target=\"_blank\" rel=\"noopener\"><em><strong>Trastorn espec\u00edfic del llenguatge TEL\/TDL<\/strong><\/em><\/a> (desembre 2022).\u00a0Elaborada per les logopedes del CREDA Jordi Perell\u00f3, <strong>Asun Garrido<\/strong> i <strong>Montse Alonso<\/strong>, pret\u00e9n oferir eines i recursos que puguin ajudar als equips docents a la planificaci\u00f3 i organitzaci\u00f3 de la millor resposta educativa per tal d\u2019afavorir l\u2019evoluci\u00f3 de l&#8217;alumnat amb aquest trastorn.<\/p>\n<p>Aquest material ser\u00e0 de molta utilitat per entendre qu\u00e8 passa als infants o els joves amb TEL\/TDL, quins s\u00f3n els seus problemes, per planificar els ajuts que faran cr\u00e9ixer el seu desig d\u2019aprendre i els seus coneixements i, tamb\u00e9, per organitzar l\u2019equip hum\u00e0 que li donar\u00e0 suport: companys, fam\u00edlia i equip docent.<\/p>\n","protected":false},"excerpt":{"rendered":"<p>S&#8217;acaba de publicar la guia Trastorn espec\u00edfic del llenguatge TEL\/TDL (desembre 2022).\u00a0Elaborada per les logopedes del CREDA Jordi Perell\u00f3, Asun Garrido i Montse Alonso, pret\u00e9n oferir eines i recursos que puguin ajudar als equips docents a la planificaci\u00f3 i organitzaci\u00f3 de la millor resposta educativa per tal d\u2019afavorir l\u2019evoluci\u00f3 de l&#8217;alumnat amb aquest trastorn. Aquest [&hellip;]<\/p>\n","protected":false},"author":1,"featured_media":0,"comment_status":"closed","ping_status":"closed","sticky":false,"template":"","format":"standard","meta":{"_bbp_topic_count":0,"_bbp_reply_count":0,"_bbp_total_topic_count":0,"_bbp_total_reply_count":0,"_bbp_voice_count":0,"_bbp_anonymous_reply_count":0,"_bbp_topic_count_hidden":0,"_bbp_reply_count_hidden":0,"_bbp_forum_subforum_count":0,"site-sidebar-layout":"default","site-content-layout":"","ast-site-content-layout":"","site-content-style":"default","site-sidebar-style":"default","ast-global-header-display":"","ast-banner-title-visibility":"","ast-main-header-display":"","ast-hfb-above-header-display":"","ast-hfb-below-header-display":"","ast-hfb-mobile-header-display":"","site-post-title":"","ast-breadcrumbs-content":"","ast-featured-img":"","footer-sml-layout":"","theme-transparent-header-meta":"","adv-header-id-meta":"","stick-header-meta":"","header-above-stick-meta":"","header-main-stick-meta":"","header-below-stick-meta":"","astra-migrate-meta-layouts":"default","ast-page-background-enabled":"default","ast-page-background-meta":{"desktop":{"background-color":"var(--ast-global-color-4)","background-image":"","background-repeat":"repeat","background-position":"center center","background-size":"auto","background-attachment":"scroll","background-type":"","background-media":"","overlay-type":"","overlay-color":"","overlay-opacity":"","overlay-gradient":""},"tablet":{"background-color":"","background-image":"","background-repeat":"repeat","background-position":"center center","background-size":"auto","background-attachment":"scroll","background-type":"","background-media":"","overlay-type":"","overlay-color":"","overlay-opacity":"","overlay-gradient":""},"mobile":{"background-color":"","background-image":"","background-repeat":"repeat","background-position":"center center","background-size":"auto","background-attachment":"scroll","background-type":"","background-media":"","overlay-type":"","overlay-color":"","overlay-opacity":"","overlay-gradient":""}},"ast-content-background-meta":{"desktop":{"background-color":"var(--ast-global-color-5)","background-image":"","background-repeat":"repeat","background-position":"center center","background-size":"auto","background-attachment":"scroll","background-type":"","background-media":"","overlay-type":"","overlay-color":"","overlay-opacity":"","overlay-gradient":""},"tablet":{"background-color":"var(--ast-global-color-5)","background-image":"","background-repeat":"repeat","background-position":"center center","background-size":"auto","background-attachment":"scroll","background-type":"","background-media":"","overlay-type":"","overlay-color":"","overlay-opacity":"","overlay-gradient":""},"mobile":{"background-color":"var(--ast-global-color-5)","background-image":"","background-repeat":"repeat","background-position":"center center","background-size":"auto","background-attachment":"scroll","background-type":"","background-media":"","overlay-type":"","overlay-color":"","overlay-opacity":"","overlay-gradient":""}},"footnotes":""},"categories":[1353,29,889,249],"tags":[1421],"class_list":["post-13491","post","type-post","status-publish","format-standard","hentry","category-22-23-sem-inc-eso","category-portada","category-sem-inc-pri","category-sem-inc-eso","tag-trastorn-del-llenguatge"],"post_mailing_queue_ids":[],"_links":{"self":[{"href":"https:\/\/serveiseducatius.xtec.cat\/vallesoccidental3\/wp-json\/wp\/v2\/posts\/13491","targetHints":{"allow":["GET"]}}],"collection":[{"href":"https:\/\/serveiseducatius.xtec.cat\/vallesoccidental3\/wp-json\/wp\/v2\/posts"}],"about":[{"href":"https:\/\/serveiseducatius.xtec.cat\/vallesoccidental3\/wp-json\/wp\/v2\/types\/post"}],"author":[{"embeddable":true,"href":"https:\/\/serveiseducatius.xtec.cat\/vallesoccidental3\/wp-json\/wp\/v2\/users\/1"}],"replies":[{"embeddable":true,"href":"https:\/\/serveiseducatius.xtec.cat\/vallesoccidental3\/wp-json\/wp\/v2\/comments?post=13491"}],"version-history":[{"count":2,"href":"https:\/\/serveiseducatius.xtec.cat\/vallesoccidental3\/wp-json\/wp\/v2\/posts\/13491\/revisions"}],"predecessor-version":[{"id":13493,"href":"https:\/\/serveiseducatius.xtec.cat\/vallesoccidental3\/wp-json\/wp\/v2\/posts\/13491\/revisions\/13493"}],"wp:attachment":[{"href":"https:\/\/serveiseducatius.xtec.cat\/vallesoccidental3\/wp-json\/wp\/v2\/media?parent=13491"}],"wp:term":[{"taxonomy":"category","embeddable":true,"href":"https:\/\/serveiseducatius.xtec.cat\/vallesoccidental3\/wp-json\/wp\/v2\/categories?post=13491"},{"taxonomy":"post_tag","embeddable":true,"href":"https:\/\/serveiseducatius.xtec.cat\/vallesoccidental3\/wp-json\/wp\/v2\/tags?post=13491"}],"curies":[{"name":"wp","href":"https:\/\/api.w.org\/{rel}","templated":true}]}}