{"id":13426,"date":"2022-07-15T12:48:39","date_gmt":"2022-07-15T10:48:39","guid":{"rendered":"https:\/\/serveiseducatius.xtec.cat\/vallesoccidental3\/?p=13426"},"modified":"2022-12-07T13:47:24","modified_gmt":"2022-12-07T12:47:24","slug":"els-centres-finalitzen-les-seves-propostes-de-servei-comunitari-curs-21-22","status":"publish","type":"post","link":"https:\/\/serveiseducatius.xtec.cat\/vallesoccidental3\/comunitat\/servei-comunitari\/els-centres-finalitzen-les-seves-propostes-de-servei-comunitari-curs-21-22\/","title":{"rendered":"Els centres finalitzen les seves propostes de Servei Comunitari. Curs 21-22"},"content":{"rendered":"<p>L&#8217;alumnat de tercer i\/o quart dels centres de secund\u00e0ria de Rub\u00ed i Castellbisbal ha portat a terme diferents accions de Servei Comunitari en el marc de l&#8217;adquisici\u00f3 de la compet\u00e8ncia social i ciutadana. Els projectes desenvolupats s\u00f3n molt diversos i aborden diferents eixos com l&#8217;acompanyament educatiu amb activitats,\u00a0 el suport a les necessitats b\u00e0siques participant en campanyes de recollida d&#8217;aliments, l&#8217;intercanvi generacional amb actuacions a casals d&#8217;avis, projectes orientats al medi ambient, campanyes de donaci\u00f3 de sang&#8230; en els quals participen diferents entitats dels municipis.<\/p>\n<p><img loading=\"lazy\" decoding=\"async\" class=\"size-full wp-image-13427 aligncenter\" src=\"https:\/\/serveiseducatius.xtec.cat\/vallesoccidental3\/wp-content\/uploads\/usu1147\/2022\/12\/Servei-comunitari.jpg\" alt=\"\" width=\"410\" height=\"205\" srcset=\"https:\/\/serveiseducatius.xtec.cat\/vallesoccidental3\/wp-content\/uploads\/usu1147\/2022\/12\/Servei-comunitari.jpg 410w, https:\/\/serveiseducatius.xtec.cat\/vallesoccidental3\/wp-content\/uploads\/usu1147\/2022\/12\/Servei-comunitari-300x150.jpg 300w\" sizes=\"auto, (max-width: 410px) 100vw, 410px\" \/>Gr\u00e0cies a tots i totes per la vostra implicaci\u00f3. Sense la col\u00b7laboraci\u00f3 de tots els agents implicats aquesta proposta no seria possible!<\/p>\n<div><\/div>\n","protected":false},"excerpt":{"rendered":"<p>L&#8217;alumnat de tercer i\/o quart dels centres de secund\u00e0ria de Rub\u00ed i Castellbisbal ha portat a terme diferents accions de Servei Comunitari en el marc de l&#8217;adquisici\u00f3 de la compet\u00e8ncia social i ciutadana. Els projectes desenvolupats s\u00f3n molt diversos i aborden diferents eixos com l&#8217;acompanyament educatiu amb activitats,\u00a0 el suport a les necessitats b\u00e0siques participant [&hellip;]<\/p>\n","protected":false},"author":1,"featured_media":0,"comment_status":"open","ping_status":"closed","sticky":false,"template":"","format":"standard","meta":{"_bbp_topic_count":0,"_bbp_reply_count":0,"_bbp_total_topic_count":0,"_bbp_total_reply_count":0,"_bbp_voice_count":0,"_bbp_anonymous_reply_count":0,"_bbp_topic_count_hidden":0,"_bbp_reply_count_hidden":0,"_bbp_forum_subforum_count":0,"site-sidebar-layout":"default","site-content-layout":"","ast-site-content-layout":"","site-content-style":"default","site-sidebar-style":"default","ast-global-header-display":"","ast-banner-title-visibility":"","ast-main-header-display":"","ast-hfb-above-header-display":"","ast-hfb-below-header-display":"","ast-hfb-mobile-header-display":"","site-post-title":"","ast-breadcrumbs-content":"","ast-featured-img":"","footer-sml-layout":"","theme-transparent-header-meta":"","adv-header-id-meta":"","stick-header-meta":"","header-above-stick-meta":"","header-main-stick-meta":"","header-below-stick-meta":"","astra-migrate-meta-layouts":"default","ast-page-background-enabled":"default","ast-page-background-meta":{"desktop":{"background-color":"var(--ast-global-color-4)","background-image":"","background-repeat":"repeat","background-position":"center center","background-size":"auto","background-attachment":"scroll","background-type":"","background-media":"","overlay-type":"","overlay-color":"","overlay-opacity":"","overlay-gradient":""},"tablet":{"background-color":"","background-image":"","background-repeat":"repeat","background-position":"center center","background-size":"auto","background-attachment":"scroll","background-type":"","background-media":"","overlay-type":"","overlay-color":"","overlay-opacity":"","overlay-gradient":""},"mobile":{"background-color":"","background-image":"","background-repeat":"repeat","background-position":"center center","background-size":"auto","background-attachment":"scroll","background-type":"","background-media":"","overlay-type":"","overlay-color":"","overlay-opacity":"","overlay-gradient":""}},"ast-content-background-meta":{"desktop":{"background-color":"var(--ast-global-color-5)","background-image":"","background-repeat":"repeat","background-position":"center center","background-size":"auto","background-attachment":"scroll","background-type":"","background-media":"","overlay-type":"","overlay-color":"","overlay-opacity":"","overlay-gradient":""},"tablet":{"background-color":"var(--ast-global-color-5)","background-image":"","background-repeat":"repeat","background-position":"center center","background-size":"auto","background-attachment":"scroll","background-type":"","background-media":"","overlay-type":"","overlay-color":"","overlay-opacity":"","overlay-gradient":""},"mobile":{"background-color":"var(--ast-global-color-5)","background-image":"","background-repeat":"repeat","background-position":"center center","background-size":"auto","background-attachment":"scroll","background-type":"","background-media":"","overlay-type":"","overlay-color":"","overlay-opacity":"","overlay-gradient":""}},"footnotes":""},"categories":[77],"tags":[],"class_list":["post-13426","post","type-post","status-publish","format-standard","hentry","category-servei-comunitari"],"post_mailing_queue_ids":[],"_links":{"self":[{"href":"https:\/\/serveiseducatius.xtec.cat\/vallesoccidental3\/wp-json\/wp\/v2\/posts\/13426","targetHints":{"allow":["GET"]}}],"collection":[{"href":"https:\/\/serveiseducatius.xtec.cat\/vallesoccidental3\/wp-json\/wp\/v2\/posts"}],"about":[{"href":"https:\/\/serveiseducatius.xtec.cat\/vallesoccidental3\/wp-json\/wp\/v2\/types\/post"}],"author":[{"embeddable":true,"href":"https:\/\/serveiseducatius.xtec.cat\/vallesoccidental3\/wp-json\/wp\/v2\/users\/1"}],"replies":[{"embeddable":true,"href":"https:\/\/serveiseducatius.xtec.cat\/vallesoccidental3\/wp-json\/wp\/v2\/comments?post=13426"}],"version-history":[{"count":1,"href":"https:\/\/serveiseducatius.xtec.cat\/vallesoccidental3\/wp-json\/wp\/v2\/posts\/13426\/revisions"}],"predecessor-version":[{"id":13428,"href":"https:\/\/serveiseducatius.xtec.cat\/vallesoccidental3\/wp-json\/wp\/v2\/posts\/13426\/revisions\/13428"}],"wp:attachment":[{"href":"https:\/\/serveiseducatius.xtec.cat\/vallesoccidental3\/wp-json\/wp\/v2\/media?parent=13426"}],"wp:term":[{"taxonomy":"category","embeddable":true,"href":"https:\/\/serveiseducatius.xtec.cat\/vallesoccidental3\/wp-json\/wp\/v2\/categories?post=13426"},{"taxonomy":"post_tag","embeddable":true,"href":"https:\/\/serveiseducatius.xtec.cat\/vallesoccidental3\/wp-json\/wp\/v2\/tags?post=13426"}],"curies":[{"name":"wp","href":"https:\/\/api.w.org\/{rel}","templated":true}]}}