{"id":12103,"date":"2022-03-08T17:23:19","date_gmt":"2022-03-08T16:23:19","guid":{"rendered":"https:\/\/serveiseducatius.xtec.cat\/vallesoccidental3\/?p=12103"},"modified":"2022-03-11T09:54:21","modified_gmt":"2022-03-11T08:54:21","slug":"conflicte-bellic-a-ucraina","status":"publish","type":"post","link":"https:\/\/serveiseducatius.xtec.cat\/vallesoccidental3\/general\/conflicte-bellic-a-ucraina\/","title":{"rendered":"Conflicte b\u00e8l\u00b7lic a Ucra\u00efna"},"content":{"rendered":"<p><img loading=\"lazy\" decoding=\"async\" class=\"size-large aligncenter\" src=\"https:\/\/serveiseducatius.xtec.cat\/pladurgell\/wp-content\/uploads\/usu1141\/2022\/03\/no-armes_v2-e1646398170423.png\" width=\"600\" height=\"172\" \/><\/p>\n<p><span style=\"font-size: 11pt;\">L\u2019escalada b\u00e8l\u00b7lica a l\u2019est d\u2019Europa pot semblar un conflicte lluny\u00e0, per\u00f2 no ho \u00e9s tant quan als nostres centres educatius hi ha nens i nenes d\u2019origen rus o ucra\u00efn\u00e8s. S\u2019estima que a Espanya hi resideixen unes 112.000 persones provinents d\u2019Ucra\u00efna i unes 80.000 de R\u00fassia. Comparteixen cultura, tradicions i moltes paraules, entre elles la paraula \u201cpau\u201d. La geopol\u00edtica internacional els est\u00e0 enfrontant, per\u00f2 aix\u00f2 no ha de traslladar-se a les aules.<\/span><\/p>\n<p><span style=\"font-size: 11pt;\">Us presentem un recull de recursos seleccionats pel <a href=\"https:\/\/serveiseducatius.xtec.cat\/pladurgell\/general\/la-guerra-a-ucraina\/\" target=\"_blank\" rel=\"noopener\">SE del Pla d&#8217;Urgell<\/a> que us poden ajudar a l\u2019hora d\u2019apropar aquesta tem\u00e0tica a les aules:<\/span><\/p>\n<ul>\n<li><span style=\"font-size: 11pt;\">El Diari de l\u2019educaci\u00f3:<\/span>\n<ul>\n<li style=\"list-style-type: none;\">\n<ul>\n<li aria-level=\"2\"><span style=\"font-size: 11pt;\"><a href=\"https:\/\/diarieducacio.cat\/idees-i-recursos-per-abordar-la-guerra-ducraina-a-laula-i-a-casa\/\" target=\"_blank\" rel=\"noopener\">Idees i recursos per abordar la guerra d\u2019Ucra\u00efna a l\u2019aula i a casa<\/a><\/span><\/li>\n<li aria-level=\"2\"><span style=\"font-size: 11pt;\"><a href=\"https:\/\/diarieducacio.cat\/preguntes-necessaries-preguntes-incomodes\/\" target=\"_blank\" rel=\"noopener\">Preguntes necess\u00e0ries, preguntes inc\u00f2modes.\u00a0<\/a>Jaume Cela<\/span><\/li>\n<li aria-level=\"2\"><span style=\"font-size: 11pt;\"><a href=\"https:\/\/diarieducacio.cat\/ArtsEducacio\/2022\/03\/02\/deu-propostes-literaries-per-promoure-la-cultura-de-pau-al-mon\/\" target=\"_blank\" rel=\"noopener\">Deu propostes liter\u00e0ries per promoure la cultura de pau al m\u00f3n.\u00a0<\/a>Mar Dom\u00e8nech<\/span><\/li>\n<\/ul>\n<\/li>\n<\/ul>\n<\/li>\n<li><span style=\"font-size: 11pt;\">Recursos del CESIRE:<\/span>\n<ul>\n<li style=\"list-style-type: none;\">\n<ul>\n<li aria-level=\"2\"><span style=\"font-size: 11pt;\"><a href=\"https:\/\/serveiseducatius.xtec.cat\/cesire\/recurs-eco2\/capsula-de-medi-pau-i-justicia-a-laula\/\" target=\"_blank\" rel=\"noopener\">C\u00e0psula de Medi. El llenguatge de la pau, de l\u2019aula al m\u00f3n actual.<\/a><\/span><\/li>\n<li aria-level=\"2\"><span style=\"font-size: 11pt;\"><a href=\"https:\/\/drive.google.com\/file\/d\/1zbALo3Fm1b3545BbUmKISET4udb-7_Oo\/view?usp=sharing\" target=\"_blank\" rel=\"noopener\">Activitats a l\u2019 ARC<\/a><\/span><\/li>\n<li aria-level=\"2\"><span style=\"font-size: 11pt;\"><a href=\"https:\/\/drive.google.com\/file\/d\/1RxYXq_KRilnFfFCFEZm40AU_WhYDeAWl\/view?usp=sharing\" target=\"_blank\" rel=\"noopener\">Lectures d\u2019aula<\/a><\/span><\/li>\n<\/ul>\n<\/li>\n<\/ul>\n<\/li>\n<\/ul>\n<p><iframe loading=\"lazy\" src=\"https:\/\/www.ccma.cat\/video\/embed\/super3\/6147083\/\" width=\"500px\" height=\"281px\" frameborder=\"0\" scrolling=\"no\" allowfullscreen=\"allowfullscreen\"><\/iframe><\/p>\n<ul>\n<li><span style=\"font-size: 11pt;\"><a href=\"https:\/\/escolapau.cat\/ca\/recursos\/recursos.html\" target=\"_blank\" rel=\"noopener\">Escola de Cutura de Pau<strong>.\u00a0<\/strong><\/a>UAB<\/span><\/li>\n<li><span style=\"font-size: 11pt;\"><a href=\"https:\/\/drive.google.com\/file\/d\/1R0cr2l6wH_t4QhH_-yBwSuTKzV5Mdjwh\/view?usp=sharing\" target=\"_blank\" rel=\"noopener\">Discrep\u00e0ncia benvinguda! Guia pedag\u00f2gica per al di\u00e0leg controvertit a l\u2019aula. <\/a>Caireta, Marina; Barbeito, C\u00e9cile<\/span><\/li>\n<li><span style=\"font-size: 11pt;\"><a href=\"https:\/\/www.teixintfilsdemocions.com\/guias-educativas\/\" target=\"_blank\" rel=\"noopener\">Guies educatives ARTiPAU.\u00a0<\/a>\u00a0Associaci\u00f3 teixint fils d\u2019emocions<\/span><\/li>\n<li><span style=\"font-size: 11pt;\"><a href=\"https:\/\/text-lagalera.cat\/blog\/lns215-atac_russia\/?inf_contact_key=449b0288351fc029a42105adf5bf2c90cc0558ed5d4c28cbfab114022b1ec50d\" target=\"_blank\" rel=\"noopener\">El m\u00f3n a l\u2019aula: Com tractar amb els alumnes l\u2019horror del que est\u00e0 passant a Ucra\u00efna?<\/a>\u00a0Ed. Text<\/span><\/li>\n<li><span style=\"font-size: 11pt;\"><a href=\"https:\/\/text-lagalera.cat\/blog\/lns216-atac_russia2\/?inf_contact_key=3ba44c2f90402d0730c5c92fe1dc928e09c74070ac2bf3cfa7869e3cfd4ff832\" target=\"_blank\" rel=\"noopener\">El diccionari de la guerra<\/a>. Ed. Text<\/span><\/li>\n<li><span style=\"font-size: 11pt;\"><a href=\"http:\/\/desmilitaritzem.blog.pangea.org\/\" target=\"_blank\" rel=\"noopener\">Desmilitaritzem l\u2019Educaci\u00f3.<\/a>\u00a0Entitats\u00a0vinculades al foment de la Pau i a l\u2019educaci\u00f3<strong>.<\/strong><\/span><\/li>\n<li><span style=\"font-size: 11pt;\">Des d\u2019UNICEF ens proposen algunes idees per abordar aquesta q\u00fcesti\u00f3 des d\u2019una perspectiva de clima escolar i salut mental i recuperen tres activitats adre\u00e7ades a cada etapa per parlar de la PAU, en maj\u00fascula. Les trobareu\u00a0<a href=\"https:\/\/www.unicef.es\/cat\/educa\/blog\/pau-es-diu-igual-en-ucraines-i-en-rus\" target=\"_blank\" rel=\"noopener\" data-saferedirecturl=\"https:\/\/www.google.com\/url?q=https:\/\/www.unicef.es\/cat\/educa\/blog\/pau-es-diu-igual-en-ucraines-i-en-rus&amp;source=gmail&amp;ust=1646381791830000&amp;usg=AOvVaw0XAscrh27xkYP9Afm_nDSM\">aqu\u00ed.<\/a><\/span><\/li>\n<\/ul>\n","protected":false},"excerpt":{"rendered":"<p>L\u2019escalada b\u00e8l\u00b7lica a l\u2019est d\u2019Europa pot semblar un conflicte lluny\u00e0, per\u00f2 no ho \u00e9s tant quan als nostres centres educatius hi ha nens i nenes d\u2019origen rus o ucra\u00efn\u00e8s. S\u2019estima que a Espanya hi resideixen unes 112.000 persones provinents d\u2019Ucra\u00efna i unes 80.000 de R\u00fassia. Comparteixen cultura, tradicions i moltes paraules, entre elles la paraula [&hellip;]<\/p>\n","protected":false},"author":1,"featured_media":0,"comment_status":"closed","ping_status":"closed","sticky":false,"template":"","format":"standard","meta":{"_bbp_topic_count":0,"_bbp_reply_count":0,"_bbp_total_topic_count":0,"_bbp_total_reply_count":0,"_bbp_voice_count":0,"_bbp_anonymous_reply_count":0,"_bbp_topic_count_hidden":0,"_bbp_reply_count_hidden":0,"_bbp_forum_subforum_count":0,"site-sidebar-layout":"default","site-content-layout":"","ast-site-content-layout":"","site-content-style":"default","site-sidebar-style":"default","ast-global-header-display":"","ast-banner-title-visibility":"","ast-main-header-display":"","ast-hfb-above-header-display":"","ast-hfb-below-header-display":"","ast-hfb-mobile-header-display":"","site-post-title":"","ast-breadcrumbs-content":"","ast-featured-img":"","footer-sml-layout":"","theme-transparent-header-meta":"","adv-header-id-meta":"","stick-header-meta":"","header-above-stick-meta":"","header-main-stick-meta":"","header-below-stick-meta":"","astra-migrate-meta-layouts":"default","ast-page-background-enabled":"default","ast-page-background-meta":{"desktop":{"background-color":"var(--ast-global-color-4)","background-image":"","background-repeat":"repeat","background-position":"center center","background-size":"auto","background-attachment":"scroll","background-type":"","background-media":"","overlay-type":"","overlay-color":"","overlay-opacity":"","overlay-gradient":""},"tablet":{"background-color":"","background-image":"","background-repeat":"repeat","background-position":"center center","background-size":"auto","background-attachment":"scroll","background-type":"","background-media":"","overlay-type":"","overlay-color":"","overlay-opacity":"","overlay-gradient":""},"mobile":{"background-color":"","background-image":"","background-repeat":"repeat","background-position":"center center","background-size":"auto","background-attachment":"scroll","background-type":"","background-media":"","overlay-type":"","overlay-color":"","overlay-opacity":"","overlay-gradient":""}},"ast-content-background-meta":{"desktop":{"background-color":"var(--ast-global-color-5)","background-image":"","background-repeat":"repeat","background-position":"center center","background-size":"auto","background-attachment":"scroll","background-type":"","background-media":"","overlay-type":"","overlay-color":"","overlay-opacity":"","overlay-gradient":""},"tablet":{"background-color":"var(--ast-global-color-5)","background-image":"","background-repeat":"repeat","background-position":"center center","background-size":"auto","background-attachment":"scroll","background-type":"","background-media":"","overlay-type":"","overlay-color":"","overlay-opacity":"","overlay-gradient":""},"mobile":{"background-color":"var(--ast-global-color-5)","background-image":"","background-repeat":"repeat","background-position":"center center","background-size":"auto","background-attachment":"scroll","background-type":"","background-media":"","overlay-type":"","overlay-color":"","overlay-opacity":"","overlay-gradient":""}},"footnotes":""},"categories":[1,29,76,81],"tags":[1305],"class_list":["post-12103","post","type-post","status-publish","format-standard","hentry","category-general","category-portada","category-recursos","category-biblioteca-escolar","tag-educacio-per-a-la-pau"],"post_mailing_queue_ids":[],"_links":{"self":[{"href":"https:\/\/serveiseducatius.xtec.cat\/vallesoccidental3\/wp-json\/wp\/v2\/posts\/12103","targetHints":{"allow":["GET"]}}],"collection":[{"href":"https:\/\/serveiseducatius.xtec.cat\/vallesoccidental3\/wp-json\/wp\/v2\/posts"}],"about":[{"href":"https:\/\/serveiseducatius.xtec.cat\/vallesoccidental3\/wp-json\/wp\/v2\/types\/post"}],"author":[{"embeddable":true,"href":"https:\/\/serveiseducatius.xtec.cat\/vallesoccidental3\/wp-json\/wp\/v2\/users\/1"}],"replies":[{"embeddable":true,"href":"https:\/\/serveiseducatius.xtec.cat\/vallesoccidental3\/wp-json\/wp\/v2\/comments?post=12103"}],"version-history":[{"count":3,"href":"https:\/\/serveiseducatius.xtec.cat\/vallesoccidental3\/wp-json\/wp\/v2\/posts\/12103\/revisions"}],"predecessor-version":[{"id":12173,"href":"https:\/\/serveiseducatius.xtec.cat\/vallesoccidental3\/wp-json\/wp\/v2\/posts\/12103\/revisions\/12173"}],"wp:attachment":[{"href":"https:\/\/serveiseducatius.xtec.cat\/vallesoccidental3\/wp-json\/wp\/v2\/media?parent=12103"}],"wp:term":[{"taxonomy":"category","embeddable":true,"href":"https:\/\/serveiseducatius.xtec.cat\/vallesoccidental3\/wp-json\/wp\/v2\/categories?post=12103"},{"taxonomy":"post_tag","embeddable":true,"href":"https:\/\/serveiseducatius.xtec.cat\/vallesoccidental3\/wp-json\/wp\/v2\/tags?post=12103"}],"curies":[{"name":"wp","href":"https:\/\/api.w.org\/{rel}","templated":true}]}}