{"id":11652,"date":"2021-12-20T16:56:16","date_gmt":"2021-12-20T15:56:16","guid":{"rendered":"https:\/\/serveiseducatius.xtec.cat\/vallesoccidental3\/?p=11652"},"modified":"2022-01-08T21:50:21","modified_gmt":"2022-01-08T20:50:21","slug":"el-cor-del-25-al-programa-batecs-solidaris-de-radio-rubi","status":"publish","type":"post","link":"https:\/\/serveiseducatius.xtec.cat\/vallesoccidental3\/portada\/el-cor-del-25-al-programa-batecs-solidaris-de-radio-rubi\/","title":{"rendered":"&#8220;El cor del 25&#8221; al programa Batecs solidaris de Radio Rub\u00ed"},"content":{"rendered":"<p><img loading=\"lazy\" decoding=\"async\" class=\"aligncenter wp-image-11653\" src=\"https:\/\/serveiseducatius.xtec.cat\/vallesoccidental3\/wp-content\/uploads\/usu1147\/2021\/12\/RADIO-RUBI-25-300x221.png\" alt=\"El cor del 25 a R\u00e0dio Rub\u00ed\" width=\"287\" height=\"211\" srcset=\"https:\/\/serveiseducatius.xtec.cat\/vallesoccidental3\/wp-content\/uploads\/usu1147\/2021\/12\/RADIO-RUBI-25-300x221.png 300w, https:\/\/serveiseducatius.xtec.cat\/vallesoccidental3\/wp-content\/uploads\/usu1147\/2021\/12\/RADIO-RUBI-25-768x567.png 768w, https:\/\/serveiseducatius.xtec.cat\/vallesoccidental3\/wp-content\/uploads\/usu1147\/2021\/12\/RADIO-RUBI-25.png 889w\" sizes=\"auto, (max-width: 287px) 100vw, 287px\" \/>El projecte solidari <strong><em>El cor del 25<\/em><\/strong> (3a edici\u00f3) ha estat protagonista el dilluns, 17\/12\/21 <span style=\"font-family: inherit; font-size: 1em;\">en l&#8217;espai <\/span><strong><em style=\"font-family: inherit; font-size: 1em;\">Batecs solidaris<\/em><\/strong><span style=\"font-family: inherit; font-size: 1em;\"> del programa de R\u00e0dio Rub\u00ed conduit per <strong>Toni Bravo<\/strong>. <\/span><\/p>\n<p><span style=\"font-family: inherit; font-size: 1em;\">L&#8217;<strong>Alberto N\u00fa\u00f1ez<\/strong>, mestre de m\u00fasica de l&#8217;<strong>Escola 25 de setembre<\/strong>, juntament amb alguns alumnes del centre, ha explicat l&#8217;origen el projecte. Fer un disc amb gravacions de can\u00e7ons per part de tota la comunitat educativa i posar-lo a la venda per recollir diners que es destinen a la investigaci\u00f3 del c\u00e0ncer infantil de l&#8217;hospital Sant Joan de D\u00e9u.\u00a0<\/span><\/p>\n<p>La <strong>Martina<\/strong>, el <strong>Pau<\/strong> i el <strong>Biel<\/strong>, alumnes de 5\u00e8 han explicat que han participat en una de les can\u00e7ons, <em>Toy Soldiers. <\/em>Aquesta ha estat una de les que hem pogut escoltar, a m\u00e9s de <em>What&#8217;s up <\/em>(6\u00e8) i el <em>Blues del mat\u00ed <\/em>(P5).<\/p>\n<p style=\"text-align: center;\"><a href=\"https:\/\/www.radiorubi.fm\/embed\/podcast?id=radiorubi_podcast_17895\" target=\"_blank\" rel=\"noopener\"><img loading=\"lazy\" decoding=\"async\" class=\"aligncenter wp-image-11659\" src=\"https:\/\/serveiseducatius.xtec.cat\/vallesoccidental3\/wp-content\/uploads\/usu1147\/2021\/12\/podcast25-300x32.png\" alt=\"\" width=\"338\" height=\"36\" srcset=\"https:\/\/serveiseducatius.xtec.cat\/vallesoccidental3\/wp-content\/uploads\/usu1147\/2021\/12\/podcast25-300x32.png 300w, https:\/\/serveiseducatius.xtec.cat\/vallesoccidental3\/wp-content\/uploads\/usu1147\/2021\/12\/podcast25.png 673w\" sizes=\"auto, (max-width: 338px) 100vw, 338px\" \/><\/a><span style=\"font-size: 10pt;\"><a href=\"https:\/\/www.radiorubi.fm\/embed\/podcast?id=radiorubi_podcast_17895\" target=\"_blank\" rel=\"noopener\">Podcast<\/a><\/span><\/p>\n<p>Podeu adquirir el pen solidari a l&#8217;<a href=\"https:\/\/agora.xtec.cat\/ceip-25desetembre-rubi\/\" target=\"_blank\" rel=\"noopener\"><strong>Escola 25 de setembre<\/strong><\/a> i trucant al Servei Educatiu (935882071). No us el perdeu!<\/p>\n<p style=\"text-align: center;\"><a href=\"https:\/\/en.calameo.com\/read\/005839866adbad54ab9c8\" target=\"_blank\" rel=\"noopener\"><img loading=\"lazy\" decoding=\"async\" class=\"aligncenter wp-image-11654\" src=\"https:\/\/serveiseducatius.xtec.cat\/vallesoccidental3\/wp-content\/uploads\/usu1147\/2021\/12\/aula-25-212x300.png\" alt=\"Revista Aula 25\" width=\"188\" height=\"266\" srcset=\"https:\/\/serveiseducatius.xtec.cat\/vallesoccidental3\/wp-content\/uploads\/usu1147\/2021\/12\/aula-25-212x300.png 212w, https:\/\/serveiseducatius.xtec.cat\/vallesoccidental3\/wp-content\/uploads\/usu1147\/2021\/12\/aula-25.png 455w\" sizes=\"auto, (max-width: 188px) 100vw, 188px\" \/><span style=\"font-size: 10pt;\">Monogr\u00e0fic revista Aula 25<\/span><\/a><\/p>\n","protected":false},"excerpt":{"rendered":"<p>El projecte solidari El cor del 25 (3a edici\u00f3) ha estat protagonista el dilluns, 17\/12\/21 en l&#8217;espai Batecs solidaris del programa de R\u00e0dio Rub\u00ed conduit per Toni Bravo. L&#8217;Alberto N\u00fa\u00f1ez, mestre de m\u00fasica de l&#8217;Escola 25 de setembre, juntament amb alguns alumnes del centre, ha explicat l&#8217;origen el projecte. Fer un disc amb gravacions de [&hellip;]<\/p>\n","protected":false},"author":1,"featured_media":0,"comment_status":"open","ping_status":"closed","sticky":false,"template":"","format":"standard","meta":{"_bbp_topic_count":0,"_bbp_reply_count":0,"_bbp_total_topic_count":0,"_bbp_total_reply_count":0,"_bbp_voice_count":0,"_bbp_anonymous_reply_count":0,"_bbp_topic_count_hidden":0,"_bbp_reply_count_hidden":0,"_bbp_forum_subforum_count":0,"site-sidebar-layout":"default","site-content-layout":"","ast-site-content-layout":"","site-content-style":"default","site-sidebar-style":"default","ast-global-header-display":"","ast-banner-title-visibility":"","ast-main-header-display":"","ast-hfb-above-header-display":"","ast-hfb-below-header-display":"","ast-hfb-mobile-header-display":"","site-post-title":"","ast-breadcrumbs-content":"","ast-featured-img":"","footer-sml-layout":"","theme-transparent-header-meta":"","adv-header-id-meta":"","stick-header-meta":"","header-above-stick-meta":"","header-main-stick-meta":"","header-below-stick-meta":"","astra-migrate-meta-layouts":"default","ast-page-background-enabled":"default","ast-page-background-meta":{"desktop":{"background-color":"var(--ast-global-color-4)","background-image":"","background-repeat":"repeat","background-position":"center center","background-size":"auto","background-attachment":"scroll","background-type":"","background-media":"","overlay-type":"","overlay-color":"","overlay-opacity":"","overlay-gradient":""},"tablet":{"background-color":"","background-image":"","background-repeat":"repeat","background-position":"center center","background-size":"auto","background-attachment":"scroll","background-type":"","background-media":"","overlay-type":"","overlay-color":"","overlay-opacity":"","overlay-gradient":""},"mobile":{"background-color":"","background-image":"","background-repeat":"repeat","background-position":"center center","background-size":"auto","background-attachment":"scroll","background-type":"","background-media":"","overlay-type":"","overlay-color":"","overlay-opacity":"","overlay-gradient":""}},"ast-content-background-meta":{"desktop":{"background-color":"var(--ast-global-color-5)","background-image":"","background-repeat":"repeat","background-position":"center center","background-size":"auto","background-attachment":"scroll","background-type":"","background-media":"","overlay-type":"","overlay-color":"","overlay-opacity":"","overlay-gradient":""},"tablet":{"background-color":"var(--ast-global-color-5)","background-image":"","background-repeat":"repeat","background-position":"center center","background-size":"auto","background-attachment":"scroll","background-type":"","background-media":"","overlay-type":"","overlay-color":"","overlay-opacity":"","overlay-gradient":""},"mobile":{"background-color":"var(--ast-global-color-5)","background-image":"","background-repeat":"repeat","background-position":"center center","background-size":"auto","background-attachment":"scroll","background-type":"","background-media":"","overlay-type":"","overlay-color":"","overlay-opacity":"","overlay-gradient":""}},"footnotes":""},"categories":[68,29,647],"tags":[],"class_list":["post-11652","post","type-post","status-publish","format-standard","hentry","category-elic","category-portada","category-un-tomb-pels-centres"],"post_mailing_queue_ids":[],"_links":{"self":[{"href":"https:\/\/serveiseducatius.xtec.cat\/vallesoccidental3\/wp-json\/wp\/v2\/posts\/11652","targetHints":{"allow":["GET"]}}],"collection":[{"href":"https:\/\/serveiseducatius.xtec.cat\/vallesoccidental3\/wp-json\/wp\/v2\/posts"}],"about":[{"href":"https:\/\/serveiseducatius.xtec.cat\/vallesoccidental3\/wp-json\/wp\/v2\/types\/post"}],"author":[{"embeddable":true,"href":"https:\/\/serveiseducatius.xtec.cat\/vallesoccidental3\/wp-json\/wp\/v2\/users\/1"}],"replies":[{"embeddable":true,"href":"https:\/\/serveiseducatius.xtec.cat\/vallesoccidental3\/wp-json\/wp\/v2\/comments?post=11652"}],"version-history":[{"count":3,"href":"https:\/\/serveiseducatius.xtec.cat\/vallesoccidental3\/wp-json\/wp\/v2\/posts\/11652\/revisions"}],"predecessor-version":[{"id":11677,"href":"https:\/\/serveiseducatius.xtec.cat\/vallesoccidental3\/wp-json\/wp\/v2\/posts\/11652\/revisions\/11677"}],"wp:attachment":[{"href":"https:\/\/serveiseducatius.xtec.cat\/vallesoccidental3\/wp-json\/wp\/v2\/media?parent=11652"}],"wp:term":[{"taxonomy":"category","embeddable":true,"href":"https:\/\/serveiseducatius.xtec.cat\/vallesoccidental3\/wp-json\/wp\/v2\/categories?post=11652"},{"taxonomy":"post_tag","embeddable":true,"href":"https:\/\/serveiseducatius.xtec.cat\/vallesoccidental3\/wp-json\/wp\/v2\/tags?post=11652"}],"curies":[{"name":"wp","href":"https:\/\/api.w.org\/{rel}","templated":true}]}}