{"id":11623,"date":"2021-12-20T11:44:07","date_gmt":"2021-12-20T10:44:07","guid":{"rendered":"https:\/\/serveiseducatius.xtec.cat\/vallesoccidental3\/?p=11623"},"modified":"2021-12-22T11:38:38","modified_gmt":"2021-12-22T10:38:38","slug":"recomanacions-de-literatura-infantil-i-juvenil","status":"publish","type":"post","link":"https:\/\/serveiseducatius.xtec.cat\/vallesoccidental3\/general\/recomanacions-de-literatura-infantil-i-juvenil\/","title":{"rendered":"Recomanacions de literatura infantil i juvenil"},"content":{"rendered":"<p>El passat divendres, 17\/12\/21 es va fer la trobada a la <strong>Biblioteca Municipal Mart\u00ed Tauler<\/strong> per presentar les recomanacions que la llibretera <strong>Montse Marcet<\/strong> va triar per a aquestes festes. L&#8217;Adri\u00e0 Mart\u00edn, director de la biblioteca va acollir-nos, va exposar els llibres i va ensenyar-nos les instal\u00b7lacions i les exposicions actuals. Moltes gr\u00e0cies!<\/p>\n<p><img loading=\"lazy\" decoding=\"async\" class=\"aligncenter wp-image-11640\" src=\"https:\/\/serveiseducatius.xtec.cat\/vallesoccidental3\/wp-content\/uploads\/usu1147\/2021\/12\/trobada-biblioteca-300x225.jpg\" alt=\"\" width=\"263\" height=\"197\" srcset=\"https:\/\/serveiseducatius.xtec.cat\/vallesoccidental3\/wp-content\/uploads\/usu1147\/2021\/12\/trobada-biblioteca-300x225.jpg 300w, https:\/\/serveiseducatius.xtec.cat\/vallesoccidental3\/wp-content\/uploads\/usu1147\/2021\/12\/trobada-biblioteca-1024x768.jpg 1024w, https:\/\/serveiseducatius.xtec.cat\/vallesoccidental3\/wp-content\/uploads\/usu1147\/2021\/12\/trobada-biblioteca-768x576.jpg 768w, https:\/\/serveiseducatius.xtec.cat\/vallesoccidental3\/wp-content\/uploads\/usu1147\/2021\/12\/trobada-biblioteca-1536x1152.jpg 1536w, https:\/\/serveiseducatius.xtec.cat\/vallesoccidental3\/wp-content\/uploads\/usu1147\/2021\/12\/trobada-biblioteca-200x150.jpg 200w, https:\/\/serveiseducatius.xtec.cat\/vallesoccidental3\/wp-content\/uploads\/usu1147\/2021\/12\/trobada-biblioteca.jpg 1600w\" sizes=\"auto, (max-width: 263px) 100vw, 263px\" \/><\/p>\n<p><a href=\"https:\/\/www.clijcat.cat\/faristol\/critica\/Pippi-Calcesllargues\" target=\"_blank\" rel=\"noopener\"><img loading=\"lazy\" decoding=\"async\" class=\"alignnone \" src=\"https:\/\/www.clijcat.cat\/faristol\/critiques_new\/3896_faristolpippi.jpeg\" alt=\"Pippi calcesllargues\" width=\"91\" height=\"137\" \/><\/a>\u00a0<a href=\"https:\/\/www.editorialjuventud.es\/bon-nardal-9788426146908\/\" target=\"_blank\" rel=\"noopener\"><img loading=\"lazy\" decoding=\"async\" class=\"alignnone \" src=\"https:\/\/www.editorialjuventud.es\/wp-content\/uploads\/2020\/11\/9788426146908.jpg\" width=\"100\" height=\"136\" \/><\/a>\u00a0<a href=\"https:\/\/www.combeleditorial.com\/ca\/llibre\/bon-nadal-estimats-monstres_978-84-9101-290-0\" target=\"_blank\" rel=\"noopener\"><img loading=\"lazy\" decoding=\"async\" class=\"alignnone \" src=\"https:\/\/www.combeleditorial.com\/cache\/5\/e\/e\/f\/e\/5eefee3ad8d71769c79e4c5f271589c4c140c4ad.jpeg?v=20170510\" width=\"93\" height=\"137\" \/><\/a>\u00a0 <a href=\"https:\/\/lafinestralectora.cat\/la-ventafocs-alliberada\/\" target=\"_blank\" rel=\"noopener\"><img loading=\"lazy\" decoding=\"async\" class=\"alignnone \" src=\"https:\/\/lafinestralectora.cat\/wp-content\/uploads\/2021\/05\/La-Ventafocs-Alliberada-1.jpg\" width=\"108\" height=\"135\" \/><\/a> <a href=\"http:\/\/www.laguaridaediciones.com\/libro\/super-a\/\" target=\"_blank\" rel=\"noopener\"><img loading=\"lazy\" decoding=\"async\" class=\" wp-image-11717 alignnone\" src=\"https:\/\/serveiseducatius.xtec.cat\/vallesoccidental3\/wp-content\/uploads\/usu1147\/2021\/12\/super-a-300x298.png\" alt=\"\" width=\"104\" height=\"103\" srcset=\"https:\/\/serveiseducatius.xtec.cat\/vallesoccidental3\/wp-content\/uploads\/usu1147\/2021\/12\/super-a-300x298.png 300w, https:\/\/serveiseducatius.xtec.cat\/vallesoccidental3\/wp-content\/uploads\/usu1147\/2021\/12\/super-a-150x150.png 150w, https:\/\/serveiseducatius.xtec.cat\/vallesoccidental3\/wp-content\/uploads\/usu1147\/2021\/12\/super-a.png 338w\" sizes=\"auto, (max-width: 104px) 100vw, 104px\" \/><\/a> <a href=\"https:\/\/www.editorialjuventud.es\/la-guineu-condueix-9788426147301\/\" target=\"_blank\" rel=\"noopener\"><img loading=\"lazy\" decoding=\"async\" class=\"alignnone \" src=\"https:\/\/www.editorialjuventud.es\/wp-content\/uploads\/2021\/09\/9788426147301.jpg\" width=\"101\" height=\"98\" \/><\/a> \u00a0<a href=\"https:\/\/editorialentredos.com\/fitxa_any\/\" target=\"_blank\" rel=\"noopener\"><img loading=\"lazy\" decoding=\"async\" class=\"alignnone \" src=\"https:\/\/images-na.ssl-images-amazon.com\/images\/I\/91XckRBOp5L.jpg\" width=\"95\" height=\"127\" \/><\/a>\u00a0 <a href=\"https:\/\/www.combeleditorial.com\/ca\/llibre\/la-capitana-budell-buit-i-el-mariner-ulls-de-falco_978-84-9101-782-0\" target=\"_blank\" rel=\"noopener\"><img loading=\"lazy\" decoding=\"async\" class=\"wp-image-11628 alignnone\" src=\"https:\/\/serveiseducatius.xtec.cat\/vallesoccidental3\/wp-content\/uploads\/usu1147\/2021\/12\/budell-buit-210x300.png\" alt=\"\" width=\"94\" height=\"134\" srcset=\"https:\/\/serveiseducatius.xtec.cat\/vallesoccidental3\/wp-content\/uploads\/usu1147\/2021\/12\/budell-buit-210x300.png 210w, https:\/\/serveiseducatius.xtec.cat\/vallesoccidental3\/wp-content\/uploads\/usu1147\/2021\/12\/budell-buit.png 451w\" sizes=\"auto, (max-width: 94px) 100vw, 94px\" \/><\/a>\u00a0<a href=\"https:\/\/blackiebooks.org\/catalogo\/gos-pudent-bon-nadal\/\" target=\"_blank\" rel=\"noopener\"><img loading=\"lazy\" decoding=\"async\" class=\"alignnone \" src=\"https:\/\/blackiebooks.org\/wp-content\/uploads\/2020\/07\/9788418187377-692x1024.jpg\" width=\"93\" height=\"138\" \/><\/a>\u00a0 <a href=\"https:\/\/www.lapetita.com\/es\/libro\/tantes-dites-tantes-rimes_25127\" target=\"_blank\" rel=\"noopener\"><img loading=\"lazy\" decoding=\"async\" class=\"alignnone \" src=\"https:\/\/www.lapetita.com\/es\/imagenes\/9788494\/978849479897.JPG\" width=\"100\" height=\"132\" \/><\/a> \u00a0<a href=\"https:\/\/www.combeleditorial.com\/ca\/llibre\/la-meravellosa-i-horripilant-casa-de-la-iaia_978-84-9101-677-9\" target=\"_blank\" rel=\"noopener\"><img loading=\"lazy\" decoding=\"async\" class=\"alignnone\" src=\"https:\/\/jaumecentelles.files.wordpress.com\/2021\/10\/la-meravellosa-i-horripilant-casa-de-la-iaia-9788491016779-1.jpg\" width=\"93\" height=\"132\" \/><\/a> <a href=\"https:\/\/lafinestralectora.cat\/capgirat\/\" target=\"_blank\" rel=\"noopener\"><img loading=\"lazy\" decoding=\"async\" class=\"alignnone \" src=\"https:\/\/lafinestralectora.cat\/wp-content\/uploads\/2020\/12\/2a-Capgirat.jpg\" width=\"100\" height=\"120\" \/><\/a> <a href=\"http:\/\/www.takatuka.cat\/llibre.php?id=205&amp;rec=cat\" target=\"_blank\" rel=\"noopener\"><img loading=\"lazy\" decoding=\"async\" class=\"alignnone \" src=\"https:\/\/imagessl9.casadellibro.com\/a\/l\/t5\/19\/9788417383619.jpg\" width=\"100\" height=\"105\" \/><\/a> <a href=\"https:\/\/www.baula.com\/ca\/Cataleg\/p\/contes-de-fades-antologia\" target=\"_blank\" rel=\"noopener\"><img loading=\"lazy\" decoding=\"async\" class=\"alignnone \" src=\"https:\/\/cdn.edelvives.es\/docs\/catalogo\/20442\/imgs\/original\/180623_Cub_CuentosFades_Bl.jpg\" width=\"100\" height=\"128\" \/><\/a> <a href=\"https:\/\/www.editorialflamboyant.com\/ca\/libro\/sunakay-2\/\" target=\"_blank\" rel=\"noopener\"><img loading=\"lazy\" decoding=\"async\" class=\"alignnone \" src=\"https:\/\/www.editorialflamboyant.com\/wp-content\/uploads\/2021\/08\/ESP_COV_Sunakay2-852x1024.jpg\" width=\"98\" height=\"118\" \/><\/a> <a href=\"https:\/\/www.nordicalibros.com\/product\/jefferson-ed-en-catalan\/\" target=\"_blank\" rel=\"noopener\"><img loading=\"lazy\" decoding=\"async\" class=\"alignnone \" src=\"https:\/\/static.fnac-static.com\/multimedia\/Images\/ES\/NR\/fc\/22\/6d\/7152380\/1507-1.jpg\" width=\"100\" height=\"125\" \/><\/a><a href=\"https:\/\/jaumecentelles.cat\/2021\/11\/04\/la-lavandera-de-san-simon-una-joia-il%C2%B7lustrada\/\" target=\"_blank\" rel=\"noopener\"><img loading=\"lazy\" decoding=\"async\" class=\"alignnone \" src=\"https:\/\/image.isu.pub\/210714113953-24c48c93e71b79fddac20dddceed2057\/jpg\/page_1.jpg\" width=\"95\" height=\"132\" \/><\/a> \u00a0<a href=\"https:\/\/editorialmeraki.com\/calladeta-no-ets-mes-maca\/\" target=\"_blank\" rel=\"noopener\"><img loading=\"lazy\" decoding=\"async\" class=\"alignnone \" src=\"https:\/\/editorialmeraki.com\/wp-content\/uploads\/2021\/11\/AF_meraki_calladita_PORTADA_cat-768x985.jpg\" width=\"100\" height=\"128\" \/><\/a> \u00a0<a href=\"https:\/\/www.nordicalibros.com\/product\/mite-vida-i-extincio-animals-invisibles\/\" target=\"_blank\" rel=\"noopener\"><img loading=\"lazy\" decoding=\"async\" class=\"alignnone \" src=\"https:\/\/www.nordicalibros.com\/wp-content\/uploads\/2021\/03\/Animals_invisibles_SOLOWEB.jpg\" width=\"95\" height=\"129\" \/><\/a> \u00a0<a href=\"https:\/\/www.fnac.es\/a8845902\/Astrid-Lindgren-Els-germans-Cor-de-Lleo\" target=\"_blank\" rel=\"noopener\"><img loading=\"lazy\" decoding=\"async\" class=\"alignnone \" src=\"https:\/\/imagessl4.casadellibro.com\/a\/l\/t7\/14\/9788417742614.jpg\" width=\"85\" height=\"130\" \/><\/a>\u00a0<a href=\"https:\/\/jaumecentelles.cat\/2021\/11\/12\/un-dia-diferent-per-al-senyor-amos-mcgee-un-relat-tranquil\/\" target=\"_blank\" rel=\"noopener\"><img loading=\"lazy\" decoding=\"async\" class=\"alignnone \" src=\"https:\/\/jaumecentelles.files.wordpress.com\/2021\/11\/coberta.jpg\" width=\"100\" height=\"91\" \/><\/a>\u00a0 \u00a0<a href=\"https:\/\/bromera.com\/infantil-juvenil\/albums-illustrats\/8462-els-garcia-i-el-mur-9788413581941.html\" target=\"_blank\" rel=\"noopener\"><img loading=\"lazy\" decoding=\"async\" class=\"alignnone \" src=\"https:\/\/bromera.com\/infantil-juvenil\/35254-fitxa_producte\/els-garcia-i-el-mur.jpg\" width=\"99\" height=\"123\" \/><\/a>\u00a0<a href=\"https:\/\/www.editorialjuventud.es\/el-princep-felic-i-altres-contes-9788426146199\/\" target=\"_blank\" rel=\"noopener\"><img loading=\"lazy\" decoding=\"async\" class=\"alignnone \" src=\"https:\/\/www.editorialjuventud.es\/wp-content\/uploads\/2020\/11\/9788426146199-1.jpg\" width=\"100\" height=\"134\" \/><\/a><\/p>\n","protected":false},"excerpt":{"rendered":"<p>El passat divendres, 17\/12\/21 es va fer la trobada a la Biblioteca Municipal Mart\u00ed Tauler per presentar les recomanacions que la llibretera Montse Marcet va triar per a aquestes festes. L&#8217;Adri\u00e0 Mart\u00edn, director de la biblioteca va acollir-nos, va exposar els llibres i va ensenyar-nos les instal\u00b7lacions i les exposicions actuals. Moltes gr\u00e0cies! \u00a0\u00a0\u00a0 \u00a0\u00a0 [&hellip;]<\/p>\n","protected":false},"author":1,"featured_media":5634,"comment_status":"closed","ping_status":"closed","sticky":false,"template":"","format":"standard","meta":{"_bbp_topic_count":0,"_bbp_reply_count":0,"_bbp_total_topic_count":0,"_bbp_total_reply_count":0,"_bbp_voice_count":0,"_bbp_anonymous_reply_count":0,"_bbp_topic_count_hidden":0,"_bbp_reply_count_hidden":0,"_bbp_forum_subforum_count":0,"site-sidebar-layout":"default","site-content-layout":"","ast-site-content-layout":"","site-content-style":"default","site-sidebar-style":"default","ast-global-header-display":"","ast-banner-title-visibility":"","ast-main-header-display":"","ast-hfb-above-header-display":"","ast-hfb-below-header-display":"","ast-hfb-mobile-header-display":"","site-post-title":"","ast-breadcrumbs-content":"","ast-featured-img":"","footer-sml-layout":"","theme-transparent-header-meta":"","adv-header-id-meta":"","stick-header-meta":"","header-above-stick-meta":"","header-main-stick-meta":"","header-below-stick-meta":"","astra-migrate-meta-layouts":"default","ast-page-background-enabled":"default","ast-page-background-meta":{"desktop":{"background-color":"var(--ast-global-color-4)","background-image":"","background-repeat":"repeat","background-position":"center center","background-size":"auto","background-attachment":"scroll","background-type":"","background-media":"","overlay-type":"","overlay-color":"","overlay-opacity":"","overlay-gradient":""},"tablet":{"background-color":"","background-image":"","background-repeat":"repeat","background-position":"center center","background-size":"auto","background-attachment":"scroll","background-type":"","background-media":"","overlay-type":"","overlay-color":"","overlay-opacity":"","overlay-gradient":""},"mobile":{"background-color":"","background-image":"","background-repeat":"repeat","background-position":"center center","background-size":"auto","background-attachment":"scroll","background-type":"","background-media":"","overlay-type":"","overlay-color":"","overlay-opacity":"","overlay-gradient":""}},"ast-content-background-meta":{"desktop":{"background-color":"var(--ast-global-color-5)","background-image":"","background-repeat":"repeat","background-position":"center center","background-size":"auto","background-attachment":"scroll","background-type":"","background-media":"","overlay-type":"","overlay-color":"","overlay-opacity":"","overlay-gradient":""},"tablet":{"background-color":"var(--ast-global-color-5)","background-image":"","background-repeat":"repeat","background-position":"center center","background-size":"auto","background-attachment":"scroll","background-type":"","background-media":"","overlay-type":"","overlay-color":"","overlay-opacity":"","overlay-gradient":""},"mobile":{"background-color":"var(--ast-global-color-5)","background-image":"","background-repeat":"repeat","background-position":"center center","background-size":"auto","background-attachment":"scroll","background-type":"","background-media":"","overlay-type":"","overlay-color":"","overlay-opacity":"","overlay-gradient":""}},"footnotes":""},"categories":[1,29,81],"tags":[220],"class_list":["post-11623","post","type-post","status-publish","format-standard","has-post-thumbnail","hentry","category-general","category-portada","category-biblioteca-escolar","tag-fomentar-la-lectura"],"post_mailing_queue_ids":[],"_links":{"self":[{"href":"https:\/\/serveiseducatius.xtec.cat\/vallesoccidental3\/wp-json\/wp\/v2\/posts\/11623","targetHints":{"allow":["GET"]}}],"collection":[{"href":"https:\/\/serveiseducatius.xtec.cat\/vallesoccidental3\/wp-json\/wp\/v2\/posts"}],"about":[{"href":"https:\/\/serveiseducatius.xtec.cat\/vallesoccidental3\/wp-json\/wp\/v2\/types\/post"}],"author":[{"embeddable":true,"href":"https:\/\/serveiseducatius.xtec.cat\/vallesoccidental3\/wp-json\/wp\/v2\/users\/1"}],"replies":[{"embeddable":true,"href":"https:\/\/serveiseducatius.xtec.cat\/vallesoccidental3\/wp-json\/wp\/v2\/comments?post=11623"}],"version-history":[{"count":3,"href":"https:\/\/serveiseducatius.xtec.cat\/vallesoccidental3\/wp-json\/wp\/v2\/posts\/11623\/revisions"}],"predecessor-version":[{"id":11719,"href":"https:\/\/serveiseducatius.xtec.cat\/vallesoccidental3\/wp-json\/wp\/v2\/posts\/11623\/revisions\/11719"}],"wp:featuredmedia":[{"embeddable":true,"href":"https:\/\/serveiseducatius.xtec.cat\/vallesoccidental3\/wp-json\/wp\/v2\/media\/5634"}],"wp:attachment":[{"href":"https:\/\/serveiseducatius.xtec.cat\/vallesoccidental3\/wp-json\/wp\/v2\/media?parent=11623"}],"wp:term":[{"taxonomy":"category","embeddable":true,"href":"https:\/\/serveiseducatius.xtec.cat\/vallesoccidental3\/wp-json\/wp\/v2\/categories?post=11623"},{"taxonomy":"post_tag","embeddable":true,"href":"https:\/\/serveiseducatius.xtec.cat\/vallesoccidental3\/wp-json\/wp\/v2\/tags?post=11623"}],"curies":[{"name":"wp","href":"https:\/\/api.w.org\/{rel}","templated":true}]}}