{"id":11432,"date":"2021-11-22T18:48:03","date_gmt":"2021-11-22T17:48:03","guid":{"rendered":"https:\/\/serveiseducatius.xtec.cat\/vallesoccidental3\/?p=11432"},"modified":"2021-11-22T18:49:20","modified_gmt":"2021-11-22T17:49:20","slug":"dia-internacional-per-a-leliminacio-de-la-violencia-vers-les-dones","status":"publish","type":"post","link":"https:\/\/serveiseducatius.xtec.cat\/vallesoccidental3\/general\/dia-internacional-per-a-leliminacio-de-la-violencia-vers-les-dones\/","title":{"rendered":"25N Dia internacional per a l&#8217;eliminaci\u00f3 de la viol\u00e8ncia vers les dones"},"content":{"rendered":"<p><img loading=\"lazy\" decoding=\"async\" class=\"aligncenter\" src=\"https:\/\/www.rubi.cat\/fitxers\/imatges\/dona\/2021_25n_banner-radio.png\" alt=\"2021_25N_Banner Radio.png\" width=\"1038\" height=\"140\" \/><\/p>\n<p><img loading=\"lazy\" decoding=\"async\" class=\"aligncenter\" src=\"https:\/\/www.rubi.cat\/ca\/actualitat\/noticies\/rubi-posa-en-marxa-un-grup-motor-en-coeducacio\/@@images\/image\/slide\" width=\"998\" height=\"665\" \/><\/p>\n<p>Com cada 25 de novembre, Rub\u00ed al\u00e7a la veu per reivindicar el Dia Internacional contra la Viol\u00e8ncia de G\u00e8nere. Des de <a href=\"https:\/\/www.rubi.cat\/ca\/temes\/igualtat\/dia-internacional-contra-la-violencia-masclista-1\/dia-internacional-contra-la-violencia-masclista\" target=\"_blank\" rel=\"noopener\">l&#8217;Ajuntament de la nostra ciutat<\/a>, aquest any, s&#8217;han generat un seguit d&#8217;activitats, on es vol tornar a donar visibilitat a la feina feta pel moviment feminista, els agents socials i les administracions p\u00fabliques, i ens faran reflexionar sobre les viol\u00e8ncies masclistes que poden patir les persones adolescents i joves.<\/p>\n<p>L&#8217;acte que es va celebrar el passat dia 17 de novembre a la Biblioteca Mestre Mart\u00ed Tauler va servir per <a href=\"https:\/\/www.rubi.cat\/ca\/actualitat\/noticies\/rubi-posa-en-marxa-un-grup-motor-en-coeducacio\" target=\"_blank\" rel=\"noopener\">presentar el grup motor en coeducaci\u00f3.<\/a> Aquest \u00f2rgan endre\u00e7ar\u00e0, coordinar\u00e0 i treballar\u00e0 l\u2019estrat\u00e8gia coeducativa del municipi i dissenyar\u00e0 accions transversals per avan\u00e7ar cap a la igualtat efectiva i real entre dones i homes<\/p>\n<p>L&#8217;exposici\u00f3 Juvenil \u00abJo decideixo com soc, com em mostro, com estimo&#8230; jo desactivo la viol\u00e8ncia\u00bb, cedida des del Servei Educatiu del Vall\u00e9s Occidental III i exposada a la Biblioteca fins al 30 de novembre,\u00a0 ha estat el punt d&#8217;inici d&#8217;aquest <a href=\"https:\/\/www.rubi.cat\/fitxers\/documents-ok\/area-de-cohesio-social-i-serveis-a-les-persones\/igualtat\/2021_25n_programa_vf.pdf\" target=\"_blank\" rel=\"noopener\">programa<\/a> que es presenta.<\/p>\n","protected":false},"excerpt":{"rendered":"<p>Com cada 25 de novembre, Rub\u00ed al\u00e7a la veu per reivindicar el Dia Internacional contra la Viol\u00e8ncia de G\u00e8nere. Des de l&#8217;Ajuntament de la nostra ciutat, aquest any, s&#8217;han generat un seguit d&#8217;activitats, on es vol tornar a donar visibilitat a la feina feta pel moviment feminista, els agents socials i les administracions p\u00fabliques, i [&hellip;]<\/p>\n","protected":false},"author":1,"featured_media":0,"comment_status":"open","ping_status":"closed","sticky":false,"template":"","format":"standard","meta":{"_bbp_topic_count":0,"_bbp_reply_count":0,"_bbp_total_topic_count":0,"_bbp_total_reply_count":0,"_bbp_voice_count":0,"_bbp_anonymous_reply_count":0,"_bbp_topic_count_hidden":0,"_bbp_reply_count_hidden":0,"_bbp_forum_subforum_count":0,"site-sidebar-layout":"default","site-content-layout":"","ast-site-content-layout":"","site-content-style":"default","site-sidebar-style":"default","ast-global-header-display":"","ast-banner-title-visibility":"","ast-main-header-display":"","ast-hfb-above-header-display":"","ast-hfb-below-header-display":"","ast-hfb-mobile-header-display":"","site-post-title":"","ast-breadcrumbs-content":"","ast-featured-img":"","footer-sml-layout":"","theme-transparent-header-meta":"","adv-header-id-meta":"","stick-header-meta":"","header-above-stick-meta":"","header-main-stick-meta":"","header-below-stick-meta":"","astra-migrate-meta-layouts":"default","ast-page-background-enabled":"default","ast-page-background-meta":{"desktop":{"background-color":"var(--ast-global-color-4)","background-image":"","background-repeat":"repeat","background-position":"center center","background-size":"auto","background-attachment":"scroll","background-type":"","background-media":"","overlay-type":"","overlay-color":"","overlay-opacity":"","overlay-gradient":""},"tablet":{"background-color":"","background-image":"","background-repeat":"repeat","background-position":"center center","background-size":"auto","background-attachment":"scroll","background-type":"","background-media":"","overlay-type":"","overlay-color":"","overlay-opacity":"","overlay-gradient":""},"mobile":{"background-color":"","background-image":"","background-repeat":"repeat","background-position":"center center","background-size":"auto","background-attachment":"scroll","background-type":"","background-media":"","overlay-type":"","overlay-color":"","overlay-opacity":"","overlay-gradient":""}},"ast-content-background-meta":{"desktop":{"background-color":"var(--ast-global-color-5)","background-image":"","background-repeat":"repeat","background-position":"center center","background-size":"auto","background-attachment":"scroll","background-type":"","background-media":"","overlay-type":"","overlay-color":"","overlay-opacity":"","overlay-gradient":""},"tablet":{"background-color":"var(--ast-global-color-5)","background-image":"","background-repeat":"repeat","background-position":"center center","background-size":"auto","background-attachment":"scroll","background-type":"","background-media":"","overlay-type":"","overlay-color":"","overlay-opacity":"","overlay-gradient":""},"mobile":{"background-color":"var(--ast-global-color-5)","background-image":"","background-repeat":"repeat","background-position":"center center","background-size":"auto","background-attachment":"scroll","background-type":"","background-media":"","overlay-type":"","overlay-color":"","overlay-opacity":"","overlay-gradient":""}},"footnotes":""},"categories":[1080,1,29],"tags":[],"class_list":["post-11432","post","type-post","status-publish","format-standard","hentry","category-coeducacio","category-general","category-portada"],"post_mailing_queue_ids":[],"_links":{"self":[{"href":"https:\/\/serveiseducatius.xtec.cat\/vallesoccidental3\/wp-json\/wp\/v2\/posts\/11432","targetHints":{"allow":["GET"]}}],"collection":[{"href":"https:\/\/serveiseducatius.xtec.cat\/vallesoccidental3\/wp-json\/wp\/v2\/posts"}],"about":[{"href":"https:\/\/serveiseducatius.xtec.cat\/vallesoccidental3\/wp-json\/wp\/v2\/types\/post"}],"author":[{"embeddable":true,"href":"https:\/\/serveiseducatius.xtec.cat\/vallesoccidental3\/wp-json\/wp\/v2\/users\/1"}],"replies":[{"embeddable":true,"href":"https:\/\/serveiseducatius.xtec.cat\/vallesoccidental3\/wp-json\/wp\/v2\/comments?post=11432"}],"version-history":[{"count":2,"href":"https:\/\/serveiseducatius.xtec.cat\/vallesoccidental3\/wp-json\/wp\/v2\/posts\/11432\/revisions"}],"predecessor-version":[{"id":11451,"href":"https:\/\/serveiseducatius.xtec.cat\/vallesoccidental3\/wp-json\/wp\/v2\/posts\/11432\/revisions\/11451"}],"wp:attachment":[{"href":"https:\/\/serveiseducatius.xtec.cat\/vallesoccidental3\/wp-json\/wp\/v2\/media?parent=11432"}],"wp:term":[{"taxonomy":"category","embeddable":true,"href":"https:\/\/serveiseducatius.xtec.cat\/vallesoccidental3\/wp-json\/wp\/v2\/categories?post=11432"},{"taxonomy":"post_tag","embeddable":true,"href":"https:\/\/serveiseducatius.xtec.cat\/vallesoccidental3\/wp-json\/wp\/v2\/tags?post=11432"}],"curies":[{"name":"wp","href":"https:\/\/api.w.org\/{rel}","templated":true}]}}